{"id":17595,"date":"2023-08-19T13:49:19","date_gmt":"2023-08-19T19:49:19","guid":{"rendered":"https:\/\/contextoanalisisperiodistico.com\/?p=17595"},"modified":"2023-08-19T13:49:32","modified_gmt":"2023-08-19T19:49:32","slug":"refrenda-salomon-jara-apoyo-a-las-mujeres-jefas-de-familia-de-santa-catarina-ticua","status":"publish","type":"post","link":"https:\/\/contextoanalisisperiodistico.com\/index.php\/2023\/08\/19\/refrenda-salomon-jara-apoyo-a-las-mujeres-jefas-de-familia-de-santa-catarina-ticua\/","title":{"rendered":"Refrenda Salom\u00f3n Jara apoyo a las mujeres jefas de familia de Santa Catarina Ticu\u00e1"},"content":{"rendered":"<div id=\"fb-root\"><\/div>\n\n<p>\u2022 El Gobernador de Oaxaca entreg\u00f3 las primeras Tarjetas Margarita Maza con las que se busca apoyar a las mujeres y sus hijas e hijos<\/p>\n\n\n\n<p>Santa Catarina Ticu\u00e1, Oax., 19 de agosto de 2023.- El apoyo a las jefas de familia de esta localidad de la mixteca alta, ya es una realidad. Aqu\u00ed, el Gobernador Salom\u00f3n Jara Cruz inici\u00f3 la entrega de las Tarjetas Margarita Maza, con la cual el Gobierno de Oaxaca busca apoyarlas de manera bimestral para que cuenten con los recursos que les permitan garantizar la seguridad alimentaria de ella y sus hijas e hijos.<\/p>\n\n\n\n<p>De esta manera, el Mandatario Estatal entreg\u00f3 de manera simb\u00f3lica 2 de 13 tarjetas Margarita Maza que se otorgaron a trav\u00e9s de la Secretar\u00eda de Bienestar, Tequio e Inclusi\u00f3n (Sebienti) y para lo cual se ha destinado una inversi\u00f3n de 168 mil pesos.<\/p>\n\n\n\n<p>En tanto, la titular de la Secretar\u00eda de Bienestar, Tequio e Inclusi\u00f3n, Laura Estrada Mauro manifest\u00f3 que nunca antes en Oaxaca hab\u00eda existido un programa de esta naturaleza, creado con perspectiva de g\u00e9nero y justicia social, y el cual representa un compromiso cumplido para saldar la deuda hist\u00f3rica con las mujeres en situaci\u00f3n de extrema pobreza.<\/p>\n\n\n\n<p>\u201cEste apoyo significa mucho porque podr\u00e1n adquirir la canasta b\u00e1sica alimentaria, y con ello, satisfacer las necesidades de sus familias. Como mujer oaxaque\u00f1a y sobre todo como madre s\u00e9 lo importante que es priorizar nuestros recursos en el futuro de nuestros hijos e hijas que son lo m\u00e1s valioso que tenemos. Mi reconocimiento por su esfuerzo, entrega y cuidados\u201d, declar\u00f3 la secretaria.<\/p>\n\n\n\n<p>En este municipio al que arrib\u00f3 como parte de la estrategia Trabajo que Transforma tu Municipio que impulsar\u00e1 su desarrollo con una inversi\u00f3n de 2 millones 835 mil 785 pesos, Jara Cruz expres\u00f3 que el objetivo de su gobierno es sacar del abandono a los pueblos y comunidades que mantienen a Oaxaca en los \u00faltimos lugares de desarrollo.<\/p>\n\n\n\n<p>De esta manera, se\u00f1al\u00f3 que su gobierno no traicionar\u00e1 la confianza de las y los oaxaque\u00f1os que hace un a\u00f1o eligieron una transformaci\u00f3n verdadera para Oaxaca, con un modelo de atenci\u00f3n diferente que hoy es una realidad.<\/p>\n\n\n\n<p>\u00abEste gobierno es de territorio y no de escritorio, no es como los anteriores a quienes no les interesaba atender las necesidades de la gente, no visitaban las comunidades y no se compromet\u00edan en nada\u00bb, expres\u00f3.<\/p>\n\n\n\n<p>En esta comunidad donde fue recibido por el presidente municipal Jos\u00e9 Luis Hern\u00e1ndez Cruz, el titular de la Gubernatura del Estado expres\u00f3 que su gobierno, al emanar del pueblo, est\u00e1 comprometido a no fallarles. \u00abTodos los integrantes de mi gobierno somos oaxaque\u00f1os, somos de comunidades como esta, hablamos nuestras lenguas y por eso no les vamos a fallar\u00bb, afirm\u00f3.<\/p>\n\n\n\n<p>Por ello, para atender a 191 familias de esta comunidad, a trav\u00e9s del DIF Oaxaca destinar\u00e1 477 mil 245 pesos en sus programas de Comedores Populares, Atenci\u00f3n Alimentaria a Grupos Prioritarios y Asistencia Social a Grupos Prioritarios.<\/p>\n\n\n\n<p>Para garantizar la salud de las y los habitantes, el Gobierno de Oaxaca se comprometi\u00f3 a destinar dos millones 121 mil 466 pesos por medio de los Servicios de Salud de Oaxaca para dotar de medicamentos y equipamiento al Centro y la Casa de Salud de este poblado.<\/p>\n\n\n\n<p>Aqu\u00ed tambi\u00e9n se dio a conocer que, a trav\u00e9s de la Secretar\u00eda de Finanzas, el municipio ya fue beneficiado con 69 mil 64 pesos del Fondo Compensatorio que otorg\u00f3 el Gobierno Federal.<\/p>\n\n\n\n<figure class=\"wp-block-image size-large\"><img fetchpriority=\"high\" decoding=\"async\" width=\"1024\" height=\"788\" src=\"https:\/\/contextoanalisisperiodistico.com\/wp-content\/uploads\/2023\/08\/img-20230819-wa00568172314942556538360-1024x788.jpg\" alt=\"\" class=\"wp-image-17597\" srcset=\"https:\/\/contextoanalisisperiodistico.com\/wp-content\/uploads\/2023\/08\/img-20230819-wa00568172314942556538360-1024x788.jpg 1024w, https:\/\/contextoanalisisperiodistico.com\/wp-content\/uploads\/2023\/08\/img-20230819-wa00568172314942556538360-300x231.jpg 300w, https:\/\/contextoanalisisperiodistico.com\/wp-content\/uploads\/2023\/08\/img-20230819-wa00568172314942556538360-768x591.jpg 768w, https:\/\/contextoanalisisperiodistico.com\/wp-content\/uploads\/2023\/08\/img-20230819-wa00568172314942556538360.jpg 1180w\" sizes=\"(max-width: 1024px) 100vw, 1024px\" \/><\/figure>\n\n\n\n<figure class=\"wp-block-image\"><img decoding=\"async\" width=\"1024\" height=\"630\" src=\"https:\/\/contextoanalisisperiodistico.com\/wp-content\/uploads\/2023\/08\/img-20230819-wa00554626080152910933573-1024x630.jpg\" alt=\"\" class=\"wp-image-17599\" srcset=\"https:\/\/contextoanalisisperiodistico.com\/wp-content\/uploads\/2023\/08\/img-20230819-wa00554626080152910933573-1024x630.jpg 1024w, https:\/\/contextoanalisisperiodistico.com\/wp-content\/uploads\/2023\/08\/img-20230819-wa00554626080152910933573-300x185.jpg 300w, https:\/\/contextoanalisisperiodistico.com\/wp-content\/uploads\/2023\/08\/img-20230819-wa00554626080152910933573-768x473.jpg 768w, https:\/\/contextoanalisisperiodistico.com\/wp-content\/uploads\/2023\/08\/img-20230819-wa00554626080152910933573.jpg 1326w\" sizes=\"(max-width: 1024px) 100vw, 1024px\" \/><\/figure>\n\n\n\n<figure class=\"wp-block-image\"><img decoding=\"async\" width=\"1024\" height=\"676\" src=\"https:\/\/contextoanalisisperiodistico.com\/wp-content\/uploads\/2023\/08\/img-20230819-wa00575226014966879032518-1024x676.jpg\" alt=\"\" class=\"wp-image-17598\" srcset=\"https:\/\/contextoanalisisperiodistico.com\/wp-content\/uploads\/2023\/08\/img-20230819-wa00575226014966879032518-1024x676.jpg 1024w, https:\/\/contextoanalisisperiodistico.com\/wp-content\/uploads\/2023\/08\/img-20230819-wa00575226014966879032518-300x198.jpg 300w, https:\/\/contextoanalisisperiodistico.com\/wp-content\/uploads\/2023\/08\/img-20230819-wa00575226014966879032518-768x507.jpg 768w, https:\/\/contextoanalisisperiodistico.com\/wp-content\/uploads\/2023\/08\/img-20230819-wa00575226014966879032518.jpg 1248w\" sizes=\"(max-width: 1024px) 100vw, 1024px\" \/><\/figure>\n","protected":false},"excerpt":{"rendered":"<p>\u2022 El Gobernador de Oaxaca entreg\u00f3 las primeras Tarjetas Margarita Maza con las que se&#8230;<\/p>\n","protected":false},"author":4,"featured_media":17596,"comment_status":"closed","ping_status":"open","sticky":false,"template":"","format":"standard","meta":{"footnotes":""},"categories":[9],"tags":[],"jetpack_sharing_enabled":true,"featured_image_urls":{"full":["https:\/\/contextoanalisisperiodistico.com\/wp-content\/uploads\/2023\/08\/IMG-20230819-WA0054.jpg",1402,1106,false],"thumbnail":["https:\/\/contextoanalisisperiodistico.com\/wp-content\/uploads\/2023\/08\/IMG-20230819-WA0054-150x150.jpg",150,150,true],"medium":["https:\/\/contextoanalisisperiodistico.com\/wp-content\/uploads\/2023\/08\/IMG-20230819-WA0054-300x237.jpg",300,237,true],"medium_large":["https:\/\/contextoanalisisperiodistico.com\/wp-content\/uploads\/2023\/08\/IMG-20230819-WA0054-768x606.jpg",640,505,true],"large":["https:\/\/contextoanalisisperiodistico.com\/wp-content\/uploads\/2023\/08\/IMG-20230819-WA0054-1024x808.jpg",640,505,true],"1536x1536":["https:\/\/contextoanalisisperiodistico.com\/wp-content\/uploads\/2023\/08\/IMG-20230819-WA0054.jpg",1402,1106,false],"2048x2048":["https:\/\/contextoanalisisperiodistico.com\/wp-content\/uploads\/2023\/08\/IMG-20230819-WA0054.jpg",1402,1106,false],"covernews-slider-full":["https:\/\/contextoanalisisperiodistico.com\/wp-content\/uploads\/2023\/08\/IMG-20230819-WA0054-1115x715.jpg",1115,715,true],"covernews-slider-center":["https:\/\/contextoanalisisperiodistico.com\/wp-content\/uploads\/2023\/08\/IMG-20230819-WA0054-800x500.jpg",800,500,true],"covernews-featured":["https:\/\/contextoanalisisperiodistico.com\/wp-content\/uploads\/2023\/08\/IMG-20230819-WA0054-1024x808.jpg",1024,808,true],"covernews-medium":["https:\/\/contextoanalisisperiodistico.com\/wp-content\/uploads\/2023\/08\/IMG-20230819-WA0054-540x340.jpg",540,340,true],"covernews-medium-square":["https:\/\/contextoanalisisperiodistico.com\/wp-content\/uploads\/2023\/08\/IMG-20230819-WA0054-400x250.jpg",400,250,true]},"author_info":{"display_name":"Mario Gir\u00f3n","author_link":"https:\/\/contextoanalisisperiodistico.com\/index.php\/author\/director\/"},"category_info":"<a href=\"https:\/\/contextoanalisisperiodistico.com\/index.php\/category\/politica\/\" rel=\"category tag\">Pol\u00edtica<\/a>","tag_info":"Pol\u00edtica","comment_count":"0","jetpack_featured_media_url":"https:\/\/contextoanalisisperiodistico.com\/wp-content\/uploads\/2023\/08\/IMG-20230819-WA0054.jpg","_links":{"self":[{"href":"https:\/\/contextoanalisisperiodistico.com\/index.php\/wp-json\/wp\/v2\/posts\/17595"}],"collection":[{"href":"https:\/\/contextoanalisisperiodistico.com\/index.php\/wp-json\/wp\/v2\/posts"}],"about":[{"href":"https:\/\/contextoanalisisperiodistico.com\/index.php\/wp-json\/wp\/v2\/types\/post"}],"author":[{"embeddable":true,"href":"https:\/\/contextoanalisisperiodistico.com\/index.php\/wp-json\/wp\/v2\/users\/4"}],"replies":[{"embeddable":true,"href":"https:\/\/contextoanalisisperiodistico.com\/index.php\/wp-json\/wp\/v2\/comments?post=17595"}],"version-history":[{"count":1,"href":"https:\/\/contextoanalisisperiodistico.com\/index.php\/wp-json\/wp\/v2\/posts\/17595\/revisions"}],"predecessor-version":[{"id":17600,"href":"https:\/\/contextoanalisisperiodistico.com\/index.php\/wp-json\/wp\/v2\/posts\/17595\/revisions\/17600"}],"wp:featuredmedia":[{"embeddable":true,"href":"https:\/\/contextoanalisisperiodistico.com\/index.php\/wp-json\/wp\/v2\/media\/17596"}],"wp:attachment":[{"href":"https:\/\/contextoanalisisperiodistico.com\/index.php\/wp-json\/wp\/v2\/media?parent=17595"}],"wp:term":[{"taxonomy":"category","embeddable":true,"href":"https:\/\/contextoanalisisperiodistico.com\/index.php\/wp-json\/wp\/v2\/categories?post=17595"},{"taxonomy":"post_tag","embeddable":true,"href":"https:\/\/contextoanalisisperiodistico.com\/index.php\/wp-json\/wp\/v2\/tags?post=17595"}],"curies":[{"name":"wp","href":"https:\/\/api.w.org\/{rel}","templated":true}]}}