{"id":17530,"date":"2023-08-17T20:18:03","date_gmt":"2023-08-18T02:18:03","guid":{"rendered":"https:\/\/contextoanalisisperiodistico.com\/?p=17530"},"modified":"2023-08-17T20:18:16","modified_gmt":"2023-08-18T02:18:16","slug":"llega-el-bienestar-a-san-martin-peras-anuncia-gobierno-estatal-inversion-de-20-mdp","status":"publish","type":"post","link":"https:\/\/contextoanalisisperiodistico.com\/index.php\/2023\/08\/17\/llega-el-bienestar-a-san-martin-peras-anuncia-gobierno-estatal-inversion-de-20-mdp\/","title":{"rendered":"Llega el bienestar a San Martin Peras, anuncia Gobierno estatal inversi\u00f3n de 20 mdp"},"content":{"rendered":"<div id=\"fb-root\"><\/div>\n\n<p>\u2022 Caminos, mejoras al sistema de salud, educaci\u00f3n y programas alimentarios ser\u00e1n algunas de las acciones<\/p>\n\n\n\n<p>San Mart\u00edn Peras, Oax., 17 de agosto de 2023.- Caminos dignos, servicios de salud de calidad y programas alimentarios para atender a grupos prioritarios ser\u00e1n los beneficios hist\u00f3ricos que reciba este municipio de la regi\u00f3n Mixteca.<\/p>\n\n\n\n<p>Beneficiario de la Estrategia de Atenci\u00f3n a Municipios Territorios Bienestar San Mart\u00edn Peras, tendr\u00e1 apoyos como nunca antes se habr\u00edan otorgado por gobiernos pasados, mediante acciones y obras que suman una inversi\u00f3n de 20 millones de pesos.<\/p>\n\n\n\n<p>El Gobernador de Oaxaca Salom\u00f3n Jara Cruz manifest\u00f3 que la nueva pol\u00edtica de gobierno tiene por objetivo atender a la poblaci\u00f3n en general, sin considerar colores ni ideolog\u00edas, de manera directa y de forma transparente.<\/p>\n\n\n\n<p>En este contexto anunci\u00f3 que con el programa de Caminos a agencias municipales se pavimentar\u00e1 con concreto hidr\u00e1ulico el camino que conduce de San Mart\u00edn Peras a Ahuejutla, con una inversi\u00f3n de 10 millones de pesos.<\/p>\n\n\n\n<p>La salud, que es una de las demandas mayormente expresadas por la poblaci\u00f3n, ha sido escuchada por parte la administraci\u00f3n p\u00fablica estatal, por ello se dispersar\u00e1n m\u00e1s de 3 millones 240 mil pesos para apoyar a los centros de salud ubicados en esta poblaci\u00f3n.<\/p>\n\n\n\n<p>Asimismo, se entregar\u00e1 mobiliario y equipo de c\u00f3mputo a 22 centros educativos a los cuales asisten dos mil 231 estudiantes. Esto con una inversi\u00f3n por el orden del 1 mill\u00f3n 500 mil pesos.<\/p>\n\n\n\n<p>Tambi\u00e9n se construir\u00e1 un aula y entregar\u00e1 un lote de mobiliario escolar con un monto mayor a 666 mil pesos.<\/p>\n\n\n\n<p>Como parte de las acciones encaminadas a buscar que las comunidades encuentren la autosuficiencia alimentaria, ser\u00e1n apoyadas 153 familias productoras con un presupuesto que rebasa los 909 mil pesos.<\/p>\n\n\n\n<p>El Sistema para el Desarrollo Integral de la Familia (DIF) Oaxaca dar\u00e1 atenci\u00f3n a 749 familias de 14 localidades con la puesta en marcha de los programas de Alimentaci\u00f3n Escolar, Alimentaci\u00f3n en los primeros mil d\u00edas, Comedores Populares y Atenci\u00f3n Alimentaria a Grupos Prioritarios. Todo con una inversi\u00f3n de 1 mill\u00f3n 744 mil 800 pesos.<\/p>\n\n\n\n<p>En este mismo contexto, la Secretar\u00eda de Finanzas del Gobierno del Estado dio a conocer a la poblaci\u00f3n de San Mart\u00edn Peras que la autoridad municipal ya recibi\u00f3 el recurso correspondiente al Fondo Compensatorio, por el orden de los 401 mil 418 pesos.<\/p>\n\n\n\n<figure class=\"wp-block-image size-large\"><img fetchpriority=\"high\" decoding=\"async\" width=\"1024\" height=\"636\" src=\"https:\/\/contextoanalisisperiodistico.com\/wp-content\/uploads\/2023\/08\/img-20230817-wa01754836428464921668704-1024x636.jpg\" alt=\"\" class=\"wp-image-17535\" srcset=\"https:\/\/contextoanalisisperiodistico.com\/wp-content\/uploads\/2023\/08\/img-20230817-wa01754836428464921668704-1024x636.jpg 1024w, https:\/\/contextoanalisisperiodistico.com\/wp-content\/uploads\/2023\/08\/img-20230817-wa01754836428464921668704-300x186.jpg 300w, https:\/\/contextoanalisisperiodistico.com\/wp-content\/uploads\/2023\/08\/img-20230817-wa01754836428464921668704-768x477.jpg 768w, https:\/\/contextoanalisisperiodistico.com\/wp-content\/uploads\/2023\/08\/img-20230817-wa01754836428464921668704-1536x954.jpg 1536w, https:\/\/contextoanalisisperiodistico.com\/wp-content\/uploads\/2023\/08\/img-20230817-wa01754836428464921668704.jpg 1600w\" sizes=\"(max-width: 1024px) 100vw, 1024px\" \/><\/figure>\n\n\n\n<figure class=\"wp-block-image\"><img decoding=\"async\" width=\"1024\" height=\"682\" src=\"https:\/\/contextoanalisisperiodistico.com\/wp-content\/uploads\/2023\/08\/img-20230817-wa01766808914541301867124-1024x682.jpg\" alt=\"\" class=\"wp-image-17534\" srcset=\"https:\/\/contextoanalisisperiodistico.com\/wp-content\/uploads\/2023\/08\/img-20230817-wa01766808914541301867124-1024x682.jpg 1024w, https:\/\/contextoanalisisperiodistico.com\/wp-content\/uploads\/2023\/08\/img-20230817-wa01766808914541301867124-300x200.jpg 300w, https:\/\/contextoanalisisperiodistico.com\/wp-content\/uploads\/2023\/08\/img-20230817-wa01766808914541301867124-768x512.jpg 768w, https:\/\/contextoanalisisperiodistico.com\/wp-content\/uploads\/2023\/08\/img-20230817-wa01766808914541301867124-1536x1023.jpg 1536w, https:\/\/contextoanalisisperiodistico.com\/wp-content\/uploads\/2023\/08\/img-20230817-wa01766808914541301867124.jpg 1600w\" sizes=\"(max-width: 1024px) 100vw, 1024px\" \/><\/figure>\n\n\n\n<figure class=\"wp-block-image\"><img decoding=\"async\" width=\"1024\" height=\"591\" src=\"https:\/\/contextoanalisisperiodistico.com\/wp-content\/uploads\/2023\/08\/img-20230817-wa01791967565984061788710-1024x591.jpg\" alt=\"\" class=\"wp-image-17533\" srcset=\"https:\/\/contextoanalisisperiodistico.com\/wp-content\/uploads\/2023\/08\/img-20230817-wa01791967565984061788710-1024x591.jpg 1024w, https:\/\/contextoanalisisperiodistico.com\/wp-content\/uploads\/2023\/08\/img-20230817-wa01791967565984061788710-300x173.jpg 300w, https:\/\/contextoanalisisperiodistico.com\/wp-content\/uploads\/2023\/08\/img-20230817-wa01791967565984061788710-768x444.jpg 768w, https:\/\/contextoanalisisperiodistico.com\/wp-content\/uploads\/2023\/08\/img-20230817-wa01791967565984061788710.jpg 1070w\" sizes=\"(max-width: 1024px) 100vw, 1024px\" \/><\/figure>\n\n\n\n<figure class=\"wp-block-image\"><img loading=\"lazy\" decoding=\"async\" width=\"300\" height=\"200\" src=\"https:\/\/contextoanalisisperiodistico.com\/wp-content\/uploads\/2023\/08\/img-20230817-wa01734995167064822447636-300x200.jpg\" alt=\"\" class=\"wp-image-17532\" srcset=\"https:\/\/contextoanalisisperiodistico.com\/wp-content\/uploads\/2023\/08\/img-20230817-wa01734995167064822447636-300x200.jpg 300w, https:\/\/contextoanalisisperiodistico.com\/wp-content\/uploads\/2023\/08\/img-20230817-wa01734995167064822447636-768x512.jpg 768w, https:\/\/contextoanalisisperiodistico.com\/wp-content\/uploads\/2023\/08\/img-20230817-wa01734995167064822447636.jpg 1024w\" sizes=\"(max-width: 300px) 100vw, 300px\" \/><\/figure>\n","protected":false},"excerpt":{"rendered":"<p>\u2022 Caminos, mejoras al sistema de salud, educaci\u00f3n y programas alimentarios ser\u00e1n algunas de las&#8230;<\/p>\n","protected":false},"author":4,"featured_media":17531,"comment_status":"closed","ping_status":"open","sticky":false,"template":"","format":"standard","meta":{"footnotes":""},"categories":[9],"tags":[],"jetpack_sharing_enabled":true,"featured_image_urls":{"full":["https:\/\/contextoanalisisperiodistico.com\/wp-content\/uploads\/2023\/08\/IMG-20230817-WA0177.jpg",1600,1066,false],"thumbnail":["https:\/\/contextoanalisisperiodistico.com\/wp-content\/uploads\/2023\/08\/IMG-20230817-WA0177-150x150.jpg",150,150,true],"medium":["https:\/\/contextoanalisisperiodistico.com\/wp-content\/uploads\/2023\/08\/IMG-20230817-WA0177-300x200.jpg",300,200,true],"medium_large":["https:\/\/contextoanalisisperiodistico.com\/wp-content\/uploads\/2023\/08\/IMG-20230817-WA0177-768x512.jpg",640,427,true],"large":["https:\/\/contextoanalisisperiodistico.com\/wp-content\/uploads\/2023\/08\/IMG-20230817-WA0177-1024x682.jpg",640,426,true],"1536x1536":["https:\/\/contextoanalisisperiodistico.com\/wp-content\/uploads\/2023\/08\/IMG-20230817-WA0177-1536x1023.jpg",1536,1023,true],"2048x2048":["https:\/\/contextoanalisisperiodistico.com\/wp-content\/uploads\/2023\/08\/IMG-20230817-WA0177.jpg",1600,1066,false],"covernews-slider-full":["https:\/\/contextoanalisisperiodistico.com\/wp-content\/uploads\/2023\/08\/IMG-20230817-WA0177-1115x715.jpg",1115,715,true],"covernews-slider-center":["https:\/\/contextoanalisisperiodistico.com\/wp-content\/uploads\/2023\/08\/IMG-20230817-WA0177-800x500.jpg",800,500,true],"covernews-featured":["https:\/\/contextoanalisisperiodistico.com\/wp-content\/uploads\/2023\/08\/IMG-20230817-WA0177-1024x682.jpg",1024,682,true],"covernews-medium":["https:\/\/contextoanalisisperiodistico.com\/wp-content\/uploads\/2023\/08\/IMG-20230817-WA0177-540x340.jpg",540,340,true],"covernews-medium-square":["https:\/\/contextoanalisisperiodistico.com\/wp-content\/uploads\/2023\/08\/IMG-20230817-WA0177-400x250.jpg",400,250,true]},"author_info":{"display_name":"Mario Gir\u00f3n","author_link":"https:\/\/contextoanalisisperiodistico.com\/index.php\/author\/director\/"},"category_info":"<a href=\"https:\/\/contextoanalisisperiodistico.com\/index.php\/category\/politica\/\" rel=\"category tag\">Pol\u00edtica<\/a>","tag_info":"Pol\u00edtica","comment_count":"0","jetpack_featured_media_url":"https:\/\/contextoanalisisperiodistico.com\/wp-content\/uploads\/2023\/08\/IMG-20230817-WA0177.jpg","_links":{"self":[{"href":"https:\/\/contextoanalisisperiodistico.com\/index.php\/wp-json\/wp\/v2\/posts\/17530"}],"collection":[{"href":"https:\/\/contextoanalisisperiodistico.com\/index.php\/wp-json\/wp\/v2\/posts"}],"about":[{"href":"https:\/\/contextoanalisisperiodistico.com\/index.php\/wp-json\/wp\/v2\/types\/post"}],"author":[{"embeddable":true,"href":"https:\/\/contextoanalisisperiodistico.com\/index.php\/wp-json\/wp\/v2\/users\/4"}],"replies":[{"embeddable":true,"href":"https:\/\/contextoanalisisperiodistico.com\/index.php\/wp-json\/wp\/v2\/comments?post=17530"}],"version-history":[{"count":1,"href":"https:\/\/contextoanalisisperiodistico.com\/index.php\/wp-json\/wp\/v2\/posts\/17530\/revisions"}],"predecessor-version":[{"id":17536,"href":"https:\/\/contextoanalisisperiodistico.com\/index.php\/wp-json\/wp\/v2\/posts\/17530\/revisions\/17536"}],"wp:featuredmedia":[{"embeddable":true,"href":"https:\/\/contextoanalisisperiodistico.com\/index.php\/wp-json\/wp\/v2\/media\/17531"}],"wp:attachment":[{"href":"https:\/\/contextoanalisisperiodistico.com\/index.php\/wp-json\/wp\/v2\/media?parent=17530"}],"wp:term":[{"taxonomy":"category","embeddable":true,"href":"https:\/\/contextoanalisisperiodistico.com\/index.php\/wp-json\/wp\/v2\/categories?post=17530"},{"taxonomy":"post_tag","embeddable":true,"href":"https:\/\/contextoanalisisperiodistico.com\/index.php\/wp-json\/wp\/v2\/tags?post=17530"}],"curies":[{"name":"wp","href":"https:\/\/api.w.org\/{rel}","templated":true}]}}