{"id":17523,"date":"2023-08-17T20:05:46","date_gmt":"2023-08-18T02:05:46","guid":{"rendered":"https:\/\/contextoanalisisperiodistico.com\/?p=17523"},"modified":"2023-08-17T20:06:05","modified_gmt":"2023-08-18T02:06:05","slug":"estamos-sentando-las-bases-de-un-mejor-oaxaca-destaca-antonino-morales-toledo","status":"publish","type":"post","link":"https:\/\/contextoanalisisperiodistico.com\/index.php\/2023\/08\/17\/estamos-sentando-las-bases-de-un-mejor-oaxaca-destaca-antonino-morales-toledo\/","title":{"rendered":"<em>Estamos sentando las bases de un mejor Oaxaca, destaca Antonino Morales Toledo<\/em>"},"content":{"rendered":"<div id=\"fb-root\"><\/div>\n\n<p>\u2022El gobierno de la &#8216;Primavera Oaxaque\u00f1a&#8217; recorre los municipios del estado para dar respuesta a las d\u00e9cadas de abandono que dejaron los gobiernos anteriores<\/p>\n\n\n\n<p><em>Coicoy\u00e1n de las Flores, Oax., 17 de agosto 2023.-<\/em> La encomienda del pueblo es recorrer las comunidades y sentar las bases para un mejor Oaxaca, sostuvo el secretario de Administraci\u00f3n, Antonino Morales Toledo, durante la gira de trabajo por la regi\u00f3n Mixteca.<\/p>\n\n\n\n<figure class=\"wp-block-image size-large\"><img fetchpriority=\"high\" decoding=\"async\" width=\"1024\" height=\"683\" src=\"https:\/\/contextoanalisisperiodistico.com\/wp-content\/uploads\/2023\/08\/img-20230817-wa01436404620735888247254-1024x683.jpg\" alt=\"\" class=\"wp-image-17525\" srcset=\"https:\/\/contextoanalisisperiodistico.com\/wp-content\/uploads\/2023\/08\/img-20230817-wa01436404620735888247254-1024x683.jpg 1024w, https:\/\/contextoanalisisperiodistico.com\/wp-content\/uploads\/2023\/08\/img-20230817-wa01436404620735888247254-300x200.jpg 300w, https:\/\/contextoanalisisperiodistico.com\/wp-content\/uploads\/2023\/08\/img-20230817-wa01436404620735888247254-768x512.jpg 768w, https:\/\/contextoanalisisperiodistico.com\/wp-content\/uploads\/2023\/08\/img-20230817-wa01436404620735888247254.jpg 1079w\" sizes=\"(max-width: 1024px) 100vw, 1024px\" \/><\/figure>\n\n\n\n<figure class=\"wp-block-image\"><img decoding=\"async\" width=\"828\" height=\"1024\" src=\"https:\/\/contextoanalisisperiodistico.com\/wp-content\/uploads\/2023\/08\/img-20230817-wa0172497502431221264359-828x1024.jpg\" alt=\"\" class=\"wp-image-17527\" srcset=\"https:\/\/contextoanalisisperiodistico.com\/wp-content\/uploads\/2023\/08\/img-20230817-wa0172497502431221264359-828x1024.jpg 828w, https:\/\/contextoanalisisperiodistico.com\/wp-content\/uploads\/2023\/08\/img-20230817-wa0172497502431221264359-243x300.jpg 243w, https:\/\/contextoanalisisperiodistico.com\/wp-content\/uploads\/2023\/08\/img-20230817-wa0172497502431221264359-768x949.jpg 768w, https:\/\/contextoanalisisperiodistico.com\/wp-content\/uploads\/2023\/08\/img-20230817-wa0172497502431221264359-1024x1266.jpg 1024w, https:\/\/contextoanalisisperiodistico.com\/wp-content\/uploads\/2023\/08\/img-20230817-wa0172497502431221264359.jpg 1080w\" sizes=\"(max-width: 828px) 100vw, 828px\" \/><\/figure>\n\n\n\n<figure class=\"wp-block-image\"><img decoding=\"async\" width=\"300\" height=\"188\" src=\"https:\/\/contextoanalisisperiodistico.com\/wp-content\/uploads\/2023\/08\/img-20230817-wa01746679148475928980309-300x188.jpg\" alt=\"\" class=\"wp-image-17526\" srcset=\"https:\/\/contextoanalisisperiodistico.com\/wp-content\/uploads\/2023\/08\/img-20230817-wa01746679148475928980309-300x188.jpg 300w, https:\/\/contextoanalisisperiodistico.com\/wp-content\/uploads\/2023\/08\/img-20230817-wa01746679148475928980309-768x482.jpg 768w, https:\/\/contextoanalisisperiodistico.com\/wp-content\/uploads\/2023\/08\/img-20230817-wa01746679148475928980309-800x500.jpg 800w, https:\/\/contextoanalisisperiodistico.com\/wp-content\/uploads\/2023\/08\/img-20230817-wa01746679148475928980309-540x340.jpg 540w, https:\/\/contextoanalisisperiodistico.com\/wp-content\/uploads\/2023\/08\/img-20230817-wa01746679148475928980309-400x250.jpg 400w, https:\/\/contextoanalisisperiodistico.com\/wp-content\/uploads\/2023\/08\/img-20230817-wa01746679148475928980309.jpg 1024w\" sizes=\"(max-width: 300px) 100vw, 300px\" \/><\/figure>\n\n\n\n<figure class=\"wp-block-image\"><img loading=\"lazy\" decoding=\"async\" width=\"300\" height=\"200\" src=\"https:\/\/contextoanalisisperiodistico.com\/wp-content\/uploads\/2023\/08\/img-20230817-wa01735063468638066259943-300x200.jpg\" alt=\"\" class=\"wp-image-17528\" srcset=\"https:\/\/contextoanalisisperiodistico.com\/wp-content\/uploads\/2023\/08\/img-20230817-wa01735063468638066259943-300x200.jpg 300w, https:\/\/contextoanalisisperiodistico.com\/wp-content\/uploads\/2023\/08\/img-20230817-wa01735063468638066259943-768x512.jpg 768w, https:\/\/contextoanalisisperiodistico.com\/wp-content\/uploads\/2023\/08\/img-20230817-wa01735063468638066259943.jpg 1024w\" sizes=\"(max-width: 300px) 100vw, 300px\" \/><\/figure>\n\n\n\n<ul><\/ul>\n\n\n\n<p>\u00abTenemos la encomienda de venir a todas las comunidades, porque as\u00ed nos comprometimos con el ingeniero Salom\u00f3n Jara Cruz, de acompa\u00f1arlo para que se construyan las bases de un mejor Oaxaca porque han estado olvidadas las comunidades\u00bb, indic\u00f3 el secretario de Administraci\u00f3n.<\/p>\n\n\n\n<p>Desde esta localidad, Morales Toledo hizo un llamado a cerrar filas, \u00abharemos todo lo posible para que a Oaxaca le vaya mejor, pero necesitamos el apoyo decido de todos ustedes porque un solo hombre no puede solo; cerremos filas entorno a este Gobierno\u00bb, dijo.<\/p>\n\n\n\n<p>Adem\u00e1s, reconoci\u00f3 que en la Secretar\u00eda de Administraci\u00f3n se est\u00e1n cuidando los recursos humanos y materiales de manera austera, honesta y transparente para que se transformen en obras y programas sociales.<\/p>\n\n\n\n<p>El Gobernador Salom\u00f3n Jara Cruz e integrantes del gabinete llevaron la estrategia &#8216;Trabajo que Transforma tu Municipio&#8217; a San Mart\u00edn Peras y San Sebasti\u00e1n Tecomaxtlahuaca.<\/p>\n","protected":false},"excerpt":{"rendered":"<p>\u2022El gobierno de la &#8216;Primavera Oaxaque\u00f1a&#8217; recorre los municipios del estado para dar respuesta a&#8230;<\/p>\n","protected":false},"author":4,"featured_media":17524,"comment_status":"closed","ping_status":"open","sticky":false,"template":"","format":"standard","meta":{"footnotes":""},"categories":[9],"tags":[],"jetpack_sharing_enabled":true,"featured_image_urls":{"full":["https:\/\/contextoanalisisperiodistico.com\/wp-content\/uploads\/2023\/08\/IMG-20230817-WA0171-scaled.jpg",2560,1706,false],"thumbnail":["https:\/\/contextoanalisisperiodistico.com\/wp-content\/uploads\/2023\/08\/IMG-20230817-WA0171-150x150.jpg",150,150,true],"medium":["https:\/\/contextoanalisisperiodistico.com\/wp-content\/uploads\/2023\/08\/IMG-20230817-WA0171-300x200.jpg",300,200,true],"medium_large":["https:\/\/contextoanalisisperiodistico.com\/wp-content\/uploads\/2023\/08\/IMG-20230817-WA0171-768x512.jpg",640,427,true],"large":["https:\/\/contextoanalisisperiodistico.com\/wp-content\/uploads\/2023\/08\/IMG-20230817-WA0171-1024x683.jpg",640,427,true],"1536x1536":["https:\/\/contextoanalisisperiodistico.com\/wp-content\/uploads\/2023\/08\/IMG-20230817-WA0171-1536x1024.jpg",1536,1024,true],"2048x2048":["https:\/\/contextoanalisisperiodistico.com\/wp-content\/uploads\/2023\/08\/IMG-20230817-WA0171-2048x1365.jpg",2048,1365,true],"covernews-slider-full":["https:\/\/contextoanalisisperiodistico.com\/wp-content\/uploads\/2023\/08\/IMG-20230817-WA0171-1115x715.jpg",1115,715,true],"covernews-slider-center":["https:\/\/contextoanalisisperiodistico.com\/wp-content\/uploads\/2023\/08\/IMG-20230817-WA0171-800x500.jpg",800,500,true],"covernews-featured":["https:\/\/contextoanalisisperiodistico.com\/wp-content\/uploads\/2023\/08\/IMG-20230817-WA0171-1024x683.jpg",1024,683,true],"covernews-medium":["https:\/\/contextoanalisisperiodistico.com\/wp-content\/uploads\/2023\/08\/IMG-20230817-WA0171-540x340.jpg",540,340,true],"covernews-medium-square":["https:\/\/contextoanalisisperiodistico.com\/wp-content\/uploads\/2023\/08\/IMG-20230817-WA0171-400x250.jpg",400,250,true]},"author_info":{"display_name":"Mario Gir\u00f3n","author_link":"https:\/\/contextoanalisisperiodistico.com\/index.php\/author\/director\/"},"category_info":"<a href=\"https:\/\/contextoanalisisperiodistico.com\/index.php\/category\/politica\/\" rel=\"category tag\">Pol\u00edtica<\/a>","tag_info":"Pol\u00edtica","comment_count":"0","jetpack_featured_media_url":"https:\/\/contextoanalisisperiodistico.com\/wp-content\/uploads\/2023\/08\/IMG-20230817-WA0171-scaled.jpg","_links":{"self":[{"href":"https:\/\/contextoanalisisperiodistico.com\/index.php\/wp-json\/wp\/v2\/posts\/17523"}],"collection":[{"href":"https:\/\/contextoanalisisperiodistico.com\/index.php\/wp-json\/wp\/v2\/posts"}],"about":[{"href":"https:\/\/contextoanalisisperiodistico.com\/index.php\/wp-json\/wp\/v2\/types\/post"}],"author":[{"embeddable":true,"href":"https:\/\/contextoanalisisperiodistico.com\/index.php\/wp-json\/wp\/v2\/users\/4"}],"replies":[{"embeddable":true,"href":"https:\/\/contextoanalisisperiodistico.com\/index.php\/wp-json\/wp\/v2\/comments?post=17523"}],"version-history":[{"count":1,"href":"https:\/\/contextoanalisisperiodistico.com\/index.php\/wp-json\/wp\/v2\/posts\/17523\/revisions"}],"predecessor-version":[{"id":17529,"href":"https:\/\/contextoanalisisperiodistico.com\/index.php\/wp-json\/wp\/v2\/posts\/17523\/revisions\/17529"}],"wp:featuredmedia":[{"embeddable":true,"href":"https:\/\/contextoanalisisperiodistico.com\/index.php\/wp-json\/wp\/v2\/media\/17524"}],"wp:attachment":[{"href":"https:\/\/contextoanalisisperiodistico.com\/index.php\/wp-json\/wp\/v2\/media?parent=17523"}],"wp:term":[{"taxonomy":"category","embeddable":true,"href":"https:\/\/contextoanalisisperiodistico.com\/index.php\/wp-json\/wp\/v2\/categories?post=17523"},{"taxonomy":"post_tag","embeddable":true,"href":"https:\/\/contextoanalisisperiodistico.com\/index.php\/wp-json\/wp\/v2\/tags?post=17523"}],"curies":[{"name":"wp","href":"https:\/\/api.w.org\/{rel}","templated":true}]}}