{"id":17522,"date":"2023-08-17T19:30:03","date_gmt":"2023-08-18T01:30:03","guid":{"rendered":"https:\/\/contextoanalisisperiodistico.com\/index.php\/2023\/08\/17\/sacar-de-la-pobreza-y-marginacion-objetivo-en-la-mixteca-de-100-municipios-territorio-bienestar-laura-estrada-mauro\/"},"modified":"2023-08-17T19:30:03","modified_gmt":"2023-08-18T01:30:03","slug":"sacar-de-la-pobreza-y-marginacion-objetivo-en-la-mixteca-de-100-municipios-territorio-bienestar-laura-estrada-mauro","status":"publish","type":"post","link":"https:\/\/contextoanalisisperiodistico.com\/index.php\/2023\/08\/17\/sacar-de-la-pobreza-y-marginacion-objetivo-en-la-mixteca-de-100-municipios-territorio-bienestar-laura-estrada-mauro\/","title":{"rendered":"\u00abSacar de la pobreza y marginaci\u00f3n, objetivo en la Mixteca de \u00ab100 municipios Territorio Bienestar\u00bb: Laura Estrada Mauro"},"content":{"rendered":"<div id=\"fb-root\"><\/div>\n\n<p>Este jueves la titular de la Secretar\u00eda de Bienestar, Tequio e Inclusi\u00f3n, Laura Estrada Mauro, acompa\u00f1\u00f3 al gobernador, Salom\u00f3n Jara Cruz, a su gira que realiz\u00f3 por la regi\u00f3n de la Mixteca en la cual visitaron m\u00e1s municipios para dar a conocer las estrategias \u201c100 Municipios Territorios Bienestar\u201d y \u00abTrabajo que Transforma tu Municipio\u00bb.<\/p>\n\n\n\n<p>En su mensaje la secretaria Laura Estrada precis\u00f3 que se mantiene el trabajo en territorio a fin de informar a las autoridades municipales y a la poblaci\u00f3n sobre la forma en la cual se trabajar\u00e1 para atender los rezagos, mejorar los indices de desarrollo y sacar de la pobreza y marginaci\u00f3n a las comunidades y pueblos de esta zona.<\/p>\n\n\n\n<p>En su visita a Coicoy\u00e1n de las Flores, San Mart\u00edn Peras y San Sebasti\u00e1n Tecomaxtlahuaca, la Dra. Laura Estrada reiter\u00f3 que se contin\u00faa construyendo y fortaleciendo este proyecto de transformaci\u00f3n que garantizar\u00e1 el bienestar y la inclusi\u00f3n de las familias Mixtecas.<\/p>\n\n\n\n<p>Laura Estrada reiter\u00f3 en cada localidad su respaldo para trabajar de manera coordinada con la ciudadan\u00eda y hacer posible los beneficios de los diferentes programas y acciones que impulsa desde su dependencia a cargo, como la Tarjeta \u00abMargarita Maza\u00bb, las Caravanas Bienestar, los Tequios Bienestar, entre otros.<\/p>\n\n\n\n<figure class=\"wp-block-image size-large\"><img fetchpriority=\"high\" decoding=\"async\" width=\"1024\" height=\"724\" src=\"https:\/\/contextoanalisisperiodistico.com\/wp-content\/uploads\/2023\/08\/img-20230817-wa01671272675518855658791-1024x724.jpg\" alt=\"\" class=\"wp-image-17520\" srcset=\"https:\/\/contextoanalisisperiodistico.com\/wp-content\/uploads\/2023\/08\/img-20230817-wa01671272675518855658791-1024x724.jpg 1024w, https:\/\/contextoanalisisperiodistico.com\/wp-content\/uploads\/2023\/08\/img-20230817-wa01671272675518855658791-300x212.jpg 300w, https:\/\/contextoanalisisperiodistico.com\/wp-content\/uploads\/2023\/08\/img-20230817-wa01671272675518855658791-768x543.jpg 768w, https:\/\/contextoanalisisperiodistico.com\/wp-content\/uploads\/2023\/08\/img-20230817-wa01671272675518855658791-1536x1087.jpg 1536w, https:\/\/contextoanalisisperiodistico.com\/wp-content\/uploads\/2023\/08\/img-20230817-wa01671272675518855658791.jpg 1600w\" sizes=\"(max-width: 1024px) 100vw, 1024px\" \/><\/figure>\n\n\n\n<figure class=\"wp-block-image\"><img decoding=\"async\" width=\"1024\" height=\"694\" src=\"https:\/\/contextoanalisisperiodistico.com\/wp-content\/uploads\/2023\/08\/img-20230817-wa01643523158142274280148-1024x694.jpg\" alt=\"\" class=\"wp-image-17521\" srcset=\"https:\/\/contextoanalisisperiodistico.com\/wp-content\/uploads\/2023\/08\/img-20230817-wa01643523158142274280148-1024x694.jpg 1024w, https:\/\/contextoanalisisperiodistico.com\/wp-content\/uploads\/2023\/08\/img-20230817-wa01643523158142274280148-300x203.jpg 300w, https:\/\/contextoanalisisperiodistico.com\/wp-content\/uploads\/2023\/08\/img-20230817-wa01643523158142274280148-768x521.jpg 768w, https:\/\/contextoanalisisperiodistico.com\/wp-content\/uploads\/2023\/08\/img-20230817-wa01643523158142274280148.jpg 1280w\" sizes=\"(max-width: 1024px) 100vw, 1024px\" \/><\/figure>\n","protected":false},"excerpt":{"rendered":"<p>Este jueves la titular de la Secretar\u00eda de Bienestar, Tequio e Inclusi\u00f3n, Laura Estrada Mauro,&#8230;<\/p>\n","protected":false},"author":4,"featured_media":17519,"comment_status":"","ping_status":"open","sticky":false,"template":"","format":"standard","meta":{"footnotes":""},"categories":[9],"tags":[],"jetpack_sharing_enabled":true,"featured_image_urls":{"full":["https:\/\/contextoanalisisperiodistico.com\/wp-content\/uploads\/2023\/08\/IMG-20230817-WA0165.jpg",1280,734,false],"thumbnail":["https:\/\/contextoanalisisperiodistico.com\/wp-content\/uploads\/2023\/08\/IMG-20230817-WA0165-150x150.jpg",150,150,true],"medium":["https:\/\/contextoanalisisperiodistico.com\/wp-content\/uploads\/2023\/08\/IMG-20230817-WA0165-300x172.jpg",300,172,true],"medium_large":["https:\/\/contextoanalisisperiodistico.com\/wp-content\/uploads\/2023\/08\/IMG-20230817-WA0165-768x440.jpg",640,367,true],"large":["https:\/\/contextoanalisisperiodistico.com\/wp-content\/uploads\/2023\/08\/IMG-20230817-WA0165-1024x587.jpg",640,367,true],"1536x1536":["https:\/\/contextoanalisisperiodistico.com\/wp-content\/uploads\/2023\/08\/IMG-20230817-WA0165.jpg",1280,734,false],"2048x2048":["https:\/\/contextoanalisisperiodistico.com\/wp-content\/uploads\/2023\/08\/IMG-20230817-WA0165.jpg",1280,734,false],"covernews-slider-full":["https:\/\/contextoanalisisperiodistico.com\/wp-content\/uploads\/2023\/08\/IMG-20230817-WA0165-1115x715.jpg",1115,715,true],"covernews-slider-center":["https:\/\/contextoanalisisperiodistico.com\/wp-content\/uploads\/2023\/08\/IMG-20230817-WA0165-800x500.jpg",800,500,true],"covernews-featured":["https:\/\/contextoanalisisperiodistico.com\/wp-content\/uploads\/2023\/08\/IMG-20230817-WA0165-1024x587.jpg",1024,587,true],"covernews-medium":["https:\/\/contextoanalisisperiodistico.com\/wp-content\/uploads\/2023\/08\/IMG-20230817-WA0165-540x340.jpg",540,340,true],"covernews-medium-square":["https:\/\/contextoanalisisperiodistico.com\/wp-content\/uploads\/2023\/08\/IMG-20230817-WA0165-400x250.jpg",400,250,true]},"author_info":{"display_name":"Mario Gir\u00f3n","author_link":"https:\/\/contextoanalisisperiodistico.com\/index.php\/author\/director\/"},"category_info":"<a href=\"https:\/\/contextoanalisisperiodistico.com\/index.php\/category\/politica\/\" rel=\"category tag\">Pol\u00edtica<\/a>","tag_info":"Pol\u00edtica","comment_count":"0","jetpack_featured_media_url":"https:\/\/contextoanalisisperiodistico.com\/wp-content\/uploads\/2023\/08\/IMG-20230817-WA0165.jpg","_links":{"self":[{"href":"https:\/\/contextoanalisisperiodistico.com\/index.php\/wp-json\/wp\/v2\/posts\/17522"}],"collection":[{"href":"https:\/\/contextoanalisisperiodistico.com\/index.php\/wp-json\/wp\/v2\/posts"}],"about":[{"href":"https:\/\/contextoanalisisperiodistico.com\/index.php\/wp-json\/wp\/v2\/types\/post"}],"author":[{"embeddable":true,"href":"https:\/\/contextoanalisisperiodistico.com\/index.php\/wp-json\/wp\/v2\/users\/4"}],"replies":[{"embeddable":true,"href":"https:\/\/contextoanalisisperiodistico.com\/index.php\/wp-json\/wp\/v2\/comments?post=17522"}],"version-history":[{"count":0,"href":"https:\/\/contextoanalisisperiodistico.com\/index.php\/wp-json\/wp\/v2\/posts\/17522\/revisions"}],"wp:featuredmedia":[{"embeddable":true,"href":"https:\/\/contextoanalisisperiodistico.com\/index.php\/wp-json\/wp\/v2\/media\/17519"}],"wp:attachment":[{"href":"https:\/\/contextoanalisisperiodistico.com\/index.php\/wp-json\/wp\/v2\/media?parent=17522"}],"wp:term":[{"taxonomy":"category","embeddable":true,"href":"https:\/\/contextoanalisisperiodistico.com\/index.php\/wp-json\/wp\/v2\/categories?post=17522"},{"taxonomy":"post_tag","embeddable":true,"href":"https:\/\/contextoanalisisperiodistico.com\/index.php\/wp-json\/wp\/v2\/tags?post=17522"}],"curies":[{"name":"wp","href":"https:\/\/api.w.org\/{rel}","templated":true}]}}