{"id":17504,"date":"2023-08-17T15:07:07","date_gmt":"2023-08-17T21:07:07","guid":{"rendered":"https:\/\/contextoanalisisperiodistico.com\/?p=17504"},"modified":"2023-08-17T15:07:33","modified_gmt":"2023-08-17T21:07:33","slug":"delegados-de-paz-primer-enlace-del-gobierno-del-estado-con-la-sociedad","status":"publish","type":"post","link":"https:\/\/contextoanalisisperiodistico.com\/index.php\/2023\/08\/17\/delegados-de-paz-primer-enlace-del-gobierno-del-estado-con-la-sociedad\/","title":{"rendered":"Delegados de Paz, primer enlace del Gobierno del Estado con la sociedad"},"content":{"rendered":"<div id=\"fb-root\"><\/div>\n\n<p>Oaxaca de Ju\u00e1rez, Oax. a 17 de agosto de 2023.- Con el fin de seguir brindando una atenci\u00f3n oportuna a las situaciones que se presenten en entidad, la Secretar\u00eda de Gobierno (Sego) que encabeza Jes\u00fas Romero L\u00f3pez capacita a quienes fungen como Delegadas y Delegados de Paz en las regiones, al ser el primer enlace del Gobierno del Estado con la sociedad.<\/p>\n\n\n\n<p>Las Delegadas y Delegados tienen el trabajo m\u00e1s importante al generar las condiciones de paz y gobernabilidad que requiere el pueblo oaxaque\u00f1o, al informar en las comunidades las obras y programas que la administraci\u00f3n del Gobernador Salom\u00f3n Jara Cruz realiza para impulsar el desarrollo en Oaxaca.<\/p>\n\n\n\n<p>Atendiendo el Programa de Paz con Justicia y Bienestar para el Pueblo de Oaxaca, quienes representan a la Secretar\u00eda de Gobierno en las regiones son los primeros respondientes para crear una ruta de construcci\u00f3n de di\u00e1logo para evitar la violencia y el conflicto.<\/p>\n\n\n\n<p>Las Delegadas y Delegados de Paz trabajan para crear un camino en el que la paz sea la primera visi\u00f3n para que la sociedad oaxaque\u00f1a tenga confianza y empat\u00eda y se acerque a dialogar sobre alguna situaci\u00f3n en sus comunidades y en conjunto se puedan alcanzar acuerdos y consensos.<\/p>\n\n\n\n<p>A partir de valores como la empat\u00eda, la justicia, la responsabilidad, el respeto, la igualdad y la paz, escuchan de manera atenta las problem\u00e1ticas sociales, para que mediante el di\u00e1logo se alcancen soluciones a los conflictos.<\/p>\n\n\n\n<p>Las delegaciones de paz se ubican en: Ixtl\u00e1n de Ju\u00e1rez, San Pedro y San Pablo Ayutla, Tlacolula de Matamoros, San Pedro Mixtepec, Zimatl\u00e1n de \u00c1lvarez, Miahuatl\u00e1n de Porfirio D\u00edaz, Ejutla de Crespo, y Santa Luc\u00eda del Camino.<\/p>\n\n\n\n<p>Asimismo, se encuentran en los municipios de Santa Cruz Xoxocotl\u00e1n, San Pedro Pochutla, Oaxaca Norte y Oaxaca Sur, Acatl\u00e1n de P\u00e9rez Figueroa, San Juan Bautista Tuxtepec, Loma Bonita, Teotitl\u00e1n de Flores Mag\u00f3n, Mat\u00edas Romero, Santo Domingo Tehuantepec, Salina Cruz, Juchit\u00e1n de Zaragoza, Santiago Pinotepa Nacional, y Asunci\u00f3n Nochixtl\u00e1n.<\/p>\n\n\n\n<figure class=\"wp-block-image size-large\"><img fetchpriority=\"high\" decoding=\"async\" width=\"965\" height=\"1024\" src=\"https:\/\/contextoanalisisperiodistico.com\/wp-content\/uploads\/2023\/08\/img-20230817-wa01145763854700108916270.jpg\" alt=\"\" class=\"wp-image-17506\" srcset=\"https:\/\/contextoanalisisperiodistico.com\/wp-content\/uploads\/2023\/08\/img-20230817-wa01145763854700108916270.jpg 965w, https:\/\/contextoanalisisperiodistico.com\/wp-content\/uploads\/2023\/08\/img-20230817-wa01145763854700108916270-283x300.jpg 283w, https:\/\/contextoanalisisperiodistico.com\/wp-content\/uploads\/2023\/08\/img-20230817-wa01145763854700108916270-768x815.jpg 768w\" sizes=\"(max-width: 965px) 100vw, 965px\" \/><\/figure>\n","protected":false},"excerpt":{"rendered":"<p>Oaxaca de Ju\u00e1rez, Oax. a 17 de agosto de 2023.- Con el fin de seguir&#8230;<\/p>\n","protected":false},"author":4,"featured_media":17505,"comment_status":"closed","ping_status":"open","sticky":false,"template":"","format":"standard","meta":{"footnotes":""},"categories":[9],"tags":[],"jetpack_sharing_enabled":true,"featured_image_urls":{"full":["https:\/\/contextoanalisisperiodistico.com\/wp-content\/uploads\/2023\/08\/IMG-20230817-WA0112.jpg",1280,926,false],"thumbnail":["https:\/\/contextoanalisisperiodistico.com\/wp-content\/uploads\/2023\/08\/IMG-20230817-WA0112-150x150.jpg",150,150,true],"medium":["https:\/\/contextoanalisisperiodistico.com\/wp-content\/uploads\/2023\/08\/IMG-20230817-WA0112-300x217.jpg",300,217,true],"medium_large":["https:\/\/contextoanalisisperiodistico.com\/wp-content\/uploads\/2023\/08\/IMG-20230817-WA0112-768x556.jpg",640,463,true],"large":["https:\/\/contextoanalisisperiodistico.com\/wp-content\/uploads\/2023\/08\/IMG-20230817-WA0112-1024x741.jpg",640,463,true],"1536x1536":["https:\/\/contextoanalisisperiodistico.com\/wp-content\/uploads\/2023\/08\/IMG-20230817-WA0112.jpg",1280,926,false],"2048x2048":["https:\/\/contextoanalisisperiodistico.com\/wp-content\/uploads\/2023\/08\/IMG-20230817-WA0112.jpg",1280,926,false],"covernews-slider-full":["https:\/\/contextoanalisisperiodistico.com\/wp-content\/uploads\/2023\/08\/IMG-20230817-WA0112-1115x715.jpg",1115,715,true],"covernews-slider-center":["https:\/\/contextoanalisisperiodistico.com\/wp-content\/uploads\/2023\/08\/IMG-20230817-WA0112-800x500.jpg",800,500,true],"covernews-featured":["https:\/\/contextoanalisisperiodistico.com\/wp-content\/uploads\/2023\/08\/IMG-20230817-WA0112-1024x741.jpg",1024,741,true],"covernews-medium":["https:\/\/contextoanalisisperiodistico.com\/wp-content\/uploads\/2023\/08\/IMG-20230817-WA0112-540x340.jpg",540,340,true],"covernews-medium-square":["https:\/\/contextoanalisisperiodistico.com\/wp-content\/uploads\/2023\/08\/IMG-20230817-WA0112-400x250.jpg",400,250,true]},"author_info":{"display_name":"Mario Gir\u00f3n","author_link":"https:\/\/contextoanalisisperiodistico.com\/index.php\/author\/director\/"},"category_info":"<a href=\"https:\/\/contextoanalisisperiodistico.com\/index.php\/category\/politica\/\" rel=\"category tag\">Pol\u00edtica<\/a>","tag_info":"Pol\u00edtica","comment_count":"0","jetpack_featured_media_url":"https:\/\/contextoanalisisperiodistico.com\/wp-content\/uploads\/2023\/08\/IMG-20230817-WA0112.jpg","_links":{"self":[{"href":"https:\/\/contextoanalisisperiodistico.com\/index.php\/wp-json\/wp\/v2\/posts\/17504"}],"collection":[{"href":"https:\/\/contextoanalisisperiodistico.com\/index.php\/wp-json\/wp\/v2\/posts"}],"about":[{"href":"https:\/\/contextoanalisisperiodistico.com\/index.php\/wp-json\/wp\/v2\/types\/post"}],"author":[{"embeddable":true,"href":"https:\/\/contextoanalisisperiodistico.com\/index.php\/wp-json\/wp\/v2\/users\/4"}],"replies":[{"embeddable":true,"href":"https:\/\/contextoanalisisperiodistico.com\/index.php\/wp-json\/wp\/v2\/comments?post=17504"}],"version-history":[{"count":1,"href":"https:\/\/contextoanalisisperiodistico.com\/index.php\/wp-json\/wp\/v2\/posts\/17504\/revisions"}],"predecessor-version":[{"id":17507,"href":"https:\/\/contextoanalisisperiodistico.com\/index.php\/wp-json\/wp\/v2\/posts\/17504\/revisions\/17507"}],"wp:featuredmedia":[{"embeddable":true,"href":"https:\/\/contextoanalisisperiodistico.com\/index.php\/wp-json\/wp\/v2\/media\/17505"}],"wp:attachment":[{"href":"https:\/\/contextoanalisisperiodistico.com\/index.php\/wp-json\/wp\/v2\/media?parent=17504"}],"wp:term":[{"taxonomy":"category","embeddable":true,"href":"https:\/\/contextoanalisisperiodistico.com\/index.php\/wp-json\/wp\/v2\/categories?post=17504"},{"taxonomy":"post_tag","embeddable":true,"href":"https:\/\/contextoanalisisperiodistico.com\/index.php\/wp-json\/wp\/v2\/tags?post=17504"}],"curies":[{"name":"wp","href":"https:\/\/api.w.org\/{rel}","templated":true}]}}