{"id":17453,"date":"2023-08-16T18:00:39","date_gmt":"2023-08-17T00:00:39","guid":{"rendered":"https:\/\/contextoanalisisperiodistico.com\/?p=17453"},"modified":"2023-08-16T18:00:51","modified_gmt":"2023-08-17T00:00:51","slug":"mas-de-62-mil-personas-beneficiadas-por-caravanas-bienestar","status":"publish","type":"post","link":"https:\/\/contextoanalisisperiodistico.com\/index.php\/2023\/08\/16\/mas-de-62-mil-personas-beneficiadas-por-caravanas-bienestar\/","title":{"rendered":"M\u00e1s de 62 mil personas beneficiadas por Caravanas Bienestar"},"content":{"rendered":"<div id=\"fb-root\"><\/div>\n\n<p>\u25cf Este programa impulsado por la Secretar\u00eda de Bienestar, Tequio e Inclusi\u00f3n tiene el prop\u00f3sito de garantizar a las comunidades m\u00e1s alejadas y con mayor marginaci\u00f3n el acceso a los derechos sociales fundamentales.<\/p>\n\n\n\n<figure class=\"wp-block-image size-large\"><img fetchpriority=\"high\" decoding=\"async\" width=\"1024\" height=\"576\" src=\"https:\/\/contextoanalisisperiodistico.com\/wp-content\/uploads\/2023\/08\/img-20230816-wa00641171289650075208245-1024x576.jpg\" alt=\"\" class=\"wp-image-17455\" srcset=\"https:\/\/contextoanalisisperiodistico.com\/wp-content\/uploads\/2023\/08\/img-20230816-wa00641171289650075208245-1024x576.jpg 1024w, https:\/\/contextoanalisisperiodistico.com\/wp-content\/uploads\/2023\/08\/img-20230816-wa00641171289650075208245-300x169.jpg 300w, https:\/\/contextoanalisisperiodistico.com\/wp-content\/uploads\/2023\/08\/img-20230816-wa00641171289650075208245-768x432.jpg 768w, https:\/\/contextoanalisisperiodistico.com\/wp-content\/uploads\/2023\/08\/img-20230816-wa00641171289650075208245.jpg 1280w\" sizes=\"(max-width: 1024px) 100vw, 1024px\" \/><\/figure>\n\n\n\n<figure class=\"wp-block-image\"><img decoding=\"async\" width=\"1024\" height=\"576\" src=\"https:\/\/contextoanalisisperiodistico.com\/wp-content\/uploads\/2023\/08\/img-20230816-wa00633828833371322206892-1024x576.jpg\" alt=\"\" class=\"wp-image-17457\" srcset=\"https:\/\/contextoanalisisperiodistico.com\/wp-content\/uploads\/2023\/08\/img-20230816-wa00633828833371322206892-1024x576.jpg 1024w, https:\/\/contextoanalisisperiodistico.com\/wp-content\/uploads\/2023\/08\/img-20230816-wa00633828833371322206892-300x169.jpg 300w, https:\/\/contextoanalisisperiodistico.com\/wp-content\/uploads\/2023\/08\/img-20230816-wa00633828833371322206892-768x432.jpg 768w, https:\/\/contextoanalisisperiodistico.com\/wp-content\/uploads\/2023\/08\/img-20230816-wa00633828833371322206892.jpg 1280w\" sizes=\"(max-width: 1024px) 100vw, 1024px\" \/><\/figure>\n\n\n\n<figure class=\"wp-block-image\"><img decoding=\"async\" width=\"1024\" height=\"576\" src=\"https:\/\/contextoanalisisperiodistico.com\/wp-content\/uploads\/2023\/08\/img-20230816-wa00627690839056191855265-1024x576.jpg\" alt=\"\" class=\"wp-image-17456\" srcset=\"https:\/\/contextoanalisisperiodistico.com\/wp-content\/uploads\/2023\/08\/img-20230816-wa00627690839056191855265-1024x576.jpg 1024w, https:\/\/contextoanalisisperiodistico.com\/wp-content\/uploads\/2023\/08\/img-20230816-wa00627690839056191855265-300x169.jpg 300w, https:\/\/contextoanalisisperiodistico.com\/wp-content\/uploads\/2023\/08\/img-20230816-wa00627690839056191855265-768x432.jpg 768w, https:\/\/contextoanalisisperiodistico.com\/wp-content\/uploads\/2023\/08\/img-20230816-wa00627690839056191855265.jpg 1280w\" sizes=\"(max-width: 1024px) 100vw, 1024px\" \/><\/figure>\n\n\n\n<p>A 8 meses del gobierno que encabeza el Ing. Salom\u00f3n Jara Cruz las Caravanas Bienestar han atendido a 62 mil 872 personas de manera totalmente gratuita durante la gira permanente que realizan por el estado de Oaxaca, con el prop\u00f3sito de acercar la atenci\u00f3n y los servicios de las diferentes dependencias para contribuir en el bienestar, la salud y el desarrollo integral de todas las familias oaxaque\u00f1as.<\/p>\n\n\n\n<p>La titular de la Secretar\u00eda de Bienestar, Tequio e Inclusi\u00f3n, Laura Estrada Mauro, inform\u00f3 que por instrucci\u00f3n del Mandatario Estatal impulsa este programa mediante la instancia que encabeza como parte del eje de Reparaci\u00f3n Hist\u00f3rica de los Pueblos para contribuir en la disminuci\u00f3n de los rezagos y marginaci\u00f3n que presentan los municipios m\u00e1s alejados del estado.<\/p>\n\n\n\n<p>\u201cLas Caravanas Bienestar van de comunidad en comunidad, llevando la atenci\u00f3n gratuita con calidad y calidez para terminar con el abandono y olvido que han padecido las comunidades y pueblos a causa de los pasados malos gobiernos\u201d, sostuvo Laura Estrada Mauro.<\/p>\n\n\n\n<p>Detall\u00f3 que en total se han visitado 76 municipios a la fecha distribuidos en las regiones de Valles Centrales, Sierra Sur, Costa, Sierra de Flores Mag\u00f3n y Mixteca.<\/p>\n\n\n\n<p>La secretaria Laura Estrada puntualiz\u00f3 que los servicios que brinda el personal que conforma las Caravanas Bienestar consisten en consulta m\u00e9dica, dental, psicol\u00f3gica, nutricional, esc\u00e1ner mamario, pruebas de glucosa as\u00ed como toma de signos vitales, pl\u00e1ticas de prevenci\u00f3n y promoci\u00f3n de la salud.<\/p>\n\n\n\n<p>Y los servicios que proporcionan las dependencias son desde expedici\u00f3n de actas de nacimiento, asesor\u00eda jur\u00eddica, sensibilizaci\u00f3n sobre prevenci\u00f3n de la violencia en la poblaci\u00f3n joven, cortes de cabello, orientaci\u00f3n psicol\u00f3gica a mujeres, informaci\u00f3n y vinculaci\u00f3n de los programas de econom\u00eda, de los servicios educativos de alfabetizaci\u00f3n y conclusi\u00f3n de primaria y secundaria, as\u00ed como activaci\u00f3n f\u00edsica, entrega de apoyos funcionales y talleres de artes pl\u00e1sticas.<\/p>\n\n\n\n<p>En este sentido, Laura Estrada Mauro agradeci\u00f3 a la presidenta Honoraria del DIF Estatal, Irma Bola\u00f1os Quijano, por el gran apoyo otorgado para hacer posible el apoyo a los grupos prioritarios de las comunidades y sumarse a los recorridos de las Caravanas Bienestar para brindar los diversos servicios con los que cuenta.<\/p>\n\n\n\n<p>De igual manera a las y los titulares de las 21 instancias de gobierno que se han sumado y reconoci\u00f3 el invaluable esfuerzo y aportaci\u00f3n que brinda el personal en cada visita a las localidades, el cual se refleja en la calidad y calidez con la cual son atendidos las y los habitantes.<\/p>\n\n\n\n<p>Por \u00faltimo, la secretaria Laura Estrada reiter\u00f3 que este programa continuar\u00e1 los recorridos por la entidad oaxaque\u00f1a garantizando el acceso a los derechos sociales fundamentales a fin de terminar con la brecha de desigualdad y abandono, en el cual los gobiernos pasados obligaron a vivir a los municipios.<\/p>\n\n\n\n<p>Cabe destacar que las instancias que participaron son: Secretar\u00eda de las Mujeres; Defensor\u00eda de los Derechos Humanos del Pueblo de Oaxaca; Secretar\u00eda Ejecutiva del Sistema Local de Protecci\u00f3n Integral de los Derechos de Ni\u00f1as, Ni\u00f1os y Adolescentes; Instituto del Deporte; Secretar\u00eda de las Culturas y Artes; Instituto de Capacitaci\u00f3n y Productividad para el Trabajo; Secretaria de Salud de Oaxaca; Direcci\u00f3n de Registro Civil; Secretar\u00eda de Interculturalidad, Pueblos y Comunidades Ind\u00edgenas y Afromexicanas; Administraci\u00f3n del Patrimonio de la Beneficencia P\u00fablica del Estado; Instituto Oaxaque\u00f1o de Atenci\u00f3n Integral al Migrante; Universidad Tecnol\u00f3gica de los Valles Centrales de Oaxaca; Instituto Estatal de Educaci\u00f3n para Adultos; Defensor\u00eda P\u00fablica del Estado; Fiscal\u00eda General del Estado de Oaxaca,<br \/>Secretar\u00eda de Desarrollo Econ\u00f3mico; Comisi\u00f3n Estatal para la Prevenci\u00f3n y Control del Sida; LICONSA; DICONSA y Alcoh\u00f3licos An\u00f3nimos (AA).<\/p>\n","protected":false},"excerpt":{"rendered":"<p>\u25cf Este programa impulsado por la Secretar\u00eda de Bienestar, Tequio e Inclusi\u00f3n tiene el prop\u00f3sito&#8230;<\/p>\n","protected":false},"author":4,"featured_media":17454,"comment_status":"closed","ping_status":"open","sticky":false,"template":"","format":"standard","meta":{"footnotes":""},"categories":[9],"tags":[],"jetpack_sharing_enabled":true,"featured_image_urls":{"full":["https:\/\/contextoanalisisperiodistico.com\/wp-content\/uploads\/2023\/08\/IMG-20230816-WA0065.jpg",1280,810,false],"thumbnail":["https:\/\/contextoanalisisperiodistico.com\/wp-content\/uploads\/2023\/08\/IMG-20230816-WA0065-150x150.jpg",150,150,true],"medium":["https:\/\/contextoanalisisperiodistico.com\/wp-content\/uploads\/2023\/08\/IMG-20230816-WA0065-300x190.jpg",300,190,true],"medium_large":["https:\/\/contextoanalisisperiodistico.com\/wp-content\/uploads\/2023\/08\/IMG-20230816-WA0065-768x486.jpg",640,405,true],"large":["https:\/\/contextoanalisisperiodistico.com\/wp-content\/uploads\/2023\/08\/IMG-20230816-WA0065-1024x648.jpg",640,405,true],"1536x1536":["https:\/\/contextoanalisisperiodistico.com\/wp-content\/uploads\/2023\/08\/IMG-20230816-WA0065.jpg",1280,810,false],"2048x2048":["https:\/\/contextoanalisisperiodistico.com\/wp-content\/uploads\/2023\/08\/IMG-20230816-WA0065.jpg",1280,810,false],"covernews-slider-full":["https:\/\/contextoanalisisperiodistico.com\/wp-content\/uploads\/2023\/08\/IMG-20230816-WA0065-1115x715.jpg",1115,715,true],"covernews-slider-center":["https:\/\/contextoanalisisperiodistico.com\/wp-content\/uploads\/2023\/08\/IMG-20230816-WA0065-800x500.jpg",800,500,true],"covernews-featured":["https:\/\/contextoanalisisperiodistico.com\/wp-content\/uploads\/2023\/08\/IMG-20230816-WA0065-1024x648.jpg",1024,648,true],"covernews-medium":["https:\/\/contextoanalisisperiodistico.com\/wp-content\/uploads\/2023\/08\/IMG-20230816-WA0065-540x340.jpg",540,340,true],"covernews-medium-square":["https:\/\/contextoanalisisperiodistico.com\/wp-content\/uploads\/2023\/08\/IMG-20230816-WA0065-400x250.jpg",400,250,true]},"author_info":{"display_name":"Mario Gir\u00f3n","author_link":"https:\/\/contextoanalisisperiodistico.com\/index.php\/author\/director\/"},"category_info":"<a href=\"https:\/\/contextoanalisisperiodistico.com\/index.php\/category\/politica\/\" rel=\"category tag\">Pol\u00edtica<\/a>","tag_info":"Pol\u00edtica","comment_count":"0","jetpack_featured_media_url":"https:\/\/contextoanalisisperiodistico.com\/wp-content\/uploads\/2023\/08\/IMG-20230816-WA0065.jpg","_links":{"self":[{"href":"https:\/\/contextoanalisisperiodistico.com\/index.php\/wp-json\/wp\/v2\/posts\/17453"}],"collection":[{"href":"https:\/\/contextoanalisisperiodistico.com\/index.php\/wp-json\/wp\/v2\/posts"}],"about":[{"href":"https:\/\/contextoanalisisperiodistico.com\/index.php\/wp-json\/wp\/v2\/types\/post"}],"author":[{"embeddable":true,"href":"https:\/\/contextoanalisisperiodistico.com\/index.php\/wp-json\/wp\/v2\/users\/4"}],"replies":[{"embeddable":true,"href":"https:\/\/contextoanalisisperiodistico.com\/index.php\/wp-json\/wp\/v2\/comments?post=17453"}],"version-history":[{"count":1,"href":"https:\/\/contextoanalisisperiodistico.com\/index.php\/wp-json\/wp\/v2\/posts\/17453\/revisions"}],"predecessor-version":[{"id":17458,"href":"https:\/\/contextoanalisisperiodistico.com\/index.php\/wp-json\/wp\/v2\/posts\/17453\/revisions\/17458"}],"wp:featuredmedia":[{"embeddable":true,"href":"https:\/\/contextoanalisisperiodistico.com\/index.php\/wp-json\/wp\/v2\/media\/17454"}],"wp:attachment":[{"href":"https:\/\/contextoanalisisperiodistico.com\/index.php\/wp-json\/wp\/v2\/media?parent=17453"}],"wp:term":[{"taxonomy":"category","embeddable":true,"href":"https:\/\/contextoanalisisperiodistico.com\/index.php\/wp-json\/wp\/v2\/categories?post=17453"},{"taxonomy":"post_tag","embeddable":true,"href":"https:\/\/contextoanalisisperiodistico.com\/index.php\/wp-json\/wp\/v2\/tags?post=17453"}],"curies":[{"name":"wp","href":"https:\/\/api.w.org\/{rel}","templated":true}]}}