{"id":17347,"date":"2023-08-13T18:22:13","date_gmt":"2023-08-14T00:22:13","guid":{"rendered":"https:\/\/contextoanalisisperiodistico.com\/index.php\/2023\/08\/13\/contundente-respaldo-del-equipo-de-emilio-montero-a-claudia-sheinbaum-en-su-visita-al-istmo\/"},"modified":"2023-08-13T18:22:13","modified_gmt":"2023-08-14T00:22:13","slug":"contundente-respaldo-del-equipo-de-emilio-montero-a-claudia-sheinbaum-en-su-visita-al-istmo","status":"publish","type":"post","link":"https:\/\/contextoanalisisperiodistico.com\/index.php\/2023\/08\/13\/contundente-respaldo-del-equipo-de-emilio-montero-a-claudia-sheinbaum-en-su-visita-al-istmo\/","title":{"rendered":"Contundente respaldo del equipo de Emilio Montero a Claudia Sheinbaum en su visita al Istmo"},"content":{"rendered":"<div id=\"fb-root\"><\/div>\n\n<p>\u00b7&nbsp;&nbsp;&nbsp;&nbsp;&nbsp; Miles de almas adheridas a la organizaci\u00f3n paralizan la carretera federal para recibir a la pol\u00edtica en la cuna de la inmortal Zandunga.<\/p>\n\n\n\n<p>\u00b7&nbsp;&nbsp;&nbsp;&nbsp;&nbsp; Es tiempo de mujeres, donde M\u00e9xico va a dar otro ejemplo al mundo, afirma Sheinbaum Pardo.<\/p>\n\n\n\n<p>Santo Domingo Tehuantepec, Oax.-Con una ensordecedora marcha que paraliz\u00f3 la carretera federal 190, del distribuidor vial El Caracol al deportivo Guieng\u00f3la, miles de personas adheridas al Equipo Emilio Montero P\u00e9rez manifestaron su rotundo respaldo a Claudia Sheinbaum Pardo durante su visita al Istmo.<\/p>\n\n\n\n<p>Un radiante sol fue el testigo de la impresionante fuerza y alegr\u00eda de esta organizaci\u00f3n, que una vez m\u00e1s demostr\u00f3 su capacidad organizativa y entr\u00f3 de manera triunfal al lugar del evento, con el estallido de cohetes y la m\u00fasica de dos bandas tradicionales, contagiando a los asistentes con su jolgorio y esp\u00edritu festivo, vitoreando a su referente estatal morenista: \u00a1Emilio!, \u00a1Emilio \u00a1, \u00a1Emilio!<\/p>\n\n\n\n<p>Al frente del extenso contingente ven\u00edan diversos l\u00edderes y lideresas de municipios como Juchit\u00e1n, Tapanatepec, Ixtaltepec, Ixtepec, San Dionisio del Mar, entre otros de la regi\u00f3n istme\u00f1a, que destacaron con potentes v\u00edtores en respaldo a pol\u00edtica mexicana.<\/p>\n\n\n\n<p>Durante su conferencia, en el deportivo ubicado en la entrada poniente de la ciudad, Sheinbaum Pardo sostuvo la necesidad de consolidar las grandes obras de impulsadas por el presidente Andr\u00e9s Manuel L\u00f3pez Obrador, como el Corredor Interoce\u00e1nico, que \u201cno solo traer\u00e1 empleos sino tambi\u00e9n bienestar\u201d a los istme\u00f1os.<\/p>\n\n\n\n<p>Destac\u00f3 que gracias a los programas federales 8 millones de personas salieron de la pobreza y hubo una reducci\u00f3n hist\u00f3rica de la brecha de desigualdad a trav\u00e9s de proyectos y obras a nivel nacional.<\/p>\n\n\n\n<p>Resalt\u00f3 que \u201choy es el tiempo de mujeres\u201d, evidenciado por el primer gabinete federal paritario y la presencia de 10 gobernadoras en la historia del pa\u00eds.<\/p>\n\n\n\n<p>\u201cSomos protagonistas de la Cuarta Transformaci\u00f3n de la vida p\u00fablica de M\u00e9xico y hoy M\u00e9xico est\u00e1 mejor que nunca, estamos caminando en el camino del bienestar y del porvenir, y M\u00e9xico va a dar otro ejemplo al mundo, el ejemplo de que es tiempo de mujeres y ese ejemplo lo va a dar nuestro movimiento\u201d, remach\u00f3.<\/p>\n\n\n\n<figure class=\"wp-block-image size-large\"><img fetchpriority=\"high\" decoding=\"async\" width=\"1024\" height=\"683\" src=\"https:\/\/contextoanalisisperiodistico.com\/wp-content\/uploads\/2023\/08\/img-20230813-wa00628313378489144468231.jpg\" alt=\"\" class=\"wp-image-17345\" srcset=\"https:\/\/contextoanalisisperiodistico.com\/wp-content\/uploads\/2023\/08\/img-20230813-wa00628313378489144468231.jpg 1024w, https:\/\/contextoanalisisperiodistico.com\/wp-content\/uploads\/2023\/08\/img-20230813-wa00628313378489144468231-300x200.jpg 300w, https:\/\/contextoanalisisperiodistico.com\/wp-content\/uploads\/2023\/08\/img-20230813-wa00628313378489144468231-768x512.jpg 768w\" sizes=\"(max-width: 1024px) 100vw, 1024px\" \/><\/figure>\n\n\n\n<figure class=\"wp-block-image\"><img decoding=\"async\" width=\"300\" height=\"200\" src=\"https:\/\/contextoanalisisperiodistico.com\/wp-content\/uploads\/2023\/08\/img-20230813-wa00616071770095151819148-300x200.jpg\" alt=\"\" class=\"wp-image-17344\" srcset=\"https:\/\/contextoanalisisperiodistico.com\/wp-content\/uploads\/2023\/08\/img-20230813-wa00616071770095151819148-300x200.jpg 300w, https:\/\/contextoanalisisperiodistico.com\/wp-content\/uploads\/2023\/08\/img-20230813-wa00616071770095151819148-768x512.jpg 768w, https:\/\/contextoanalisisperiodistico.com\/wp-content\/uploads\/2023\/08\/img-20230813-wa00616071770095151819148.jpg 1024w\" sizes=\"(max-width: 300px) 100vw, 300px\" \/><\/figure>\n\n\n\n<figure class=\"wp-block-image\"><img decoding=\"async\" width=\"300\" height=\"169\" src=\"https:\/\/contextoanalisisperiodistico.com\/wp-content\/uploads\/2023\/08\/img-20230813-wa00607268851488462767144-300x169.jpg\" alt=\"\" class=\"wp-image-17346\" srcset=\"https:\/\/contextoanalisisperiodistico.com\/wp-content\/uploads\/2023\/08\/img-20230813-wa00607268851488462767144-300x169.jpg 300w, https:\/\/contextoanalisisperiodistico.com\/wp-content\/uploads\/2023\/08\/img-20230813-wa00607268851488462767144-768x432.jpg 768w, https:\/\/contextoanalisisperiodistico.com\/wp-content\/uploads\/2023\/08\/img-20230813-wa00607268851488462767144.jpg 1024w\" sizes=\"(max-width: 300px) 100vw, 300px\" \/><\/figure>\n","protected":false},"excerpt":{"rendered":"<p>\u00b7&nbsp;&nbsp;&nbsp;&nbsp;&nbsp; Miles de almas adheridas a la organizaci\u00f3n paralizan la carretera federal para recibir a&#8230;<\/p>\n","protected":false},"author":4,"featured_media":17343,"comment_status":"","ping_status":"open","sticky":false,"template":"","format":"standard","meta":{"footnotes":""},"categories":[9],"tags":[],"jetpack_sharing_enabled":true,"featured_image_urls":{"full":["https:\/\/contextoanalisisperiodistico.com\/wp-content\/uploads\/2023\/08\/IMG-20230813-WA0059.jpg",1024,576,false],"thumbnail":["https:\/\/contextoanalisisperiodistico.com\/wp-content\/uploads\/2023\/08\/IMG-20230813-WA0059-150x150.jpg",150,150,true],"medium":["https:\/\/contextoanalisisperiodistico.com\/wp-content\/uploads\/2023\/08\/IMG-20230813-WA0059-300x169.jpg",300,169,true],"medium_large":["https:\/\/contextoanalisisperiodistico.com\/wp-content\/uploads\/2023\/08\/IMG-20230813-WA0059-768x432.jpg",640,360,true],"large":["https:\/\/contextoanalisisperiodistico.com\/wp-content\/uploads\/2023\/08\/IMG-20230813-WA0059.jpg",640,360,false],"1536x1536":["https:\/\/contextoanalisisperiodistico.com\/wp-content\/uploads\/2023\/08\/IMG-20230813-WA0059.jpg",1024,576,false],"2048x2048":["https:\/\/contextoanalisisperiodistico.com\/wp-content\/uploads\/2023\/08\/IMG-20230813-WA0059.jpg",1024,576,false],"covernews-slider-full":["https:\/\/contextoanalisisperiodistico.com\/wp-content\/uploads\/2023\/08\/IMG-20230813-WA0059.jpg",1024,576,false],"covernews-slider-center":["https:\/\/contextoanalisisperiodistico.com\/wp-content\/uploads\/2023\/08\/IMG-20230813-WA0059-800x500.jpg",800,500,true],"covernews-featured":["https:\/\/contextoanalisisperiodistico.com\/wp-content\/uploads\/2023\/08\/IMG-20230813-WA0059.jpg",1024,576,false],"covernews-medium":["https:\/\/contextoanalisisperiodistico.com\/wp-content\/uploads\/2023\/08\/IMG-20230813-WA0059-540x340.jpg",540,340,true],"covernews-medium-square":["https:\/\/contextoanalisisperiodistico.com\/wp-content\/uploads\/2023\/08\/IMG-20230813-WA0059-400x250.jpg",400,250,true]},"author_info":{"display_name":"Mario Gir\u00f3n","author_link":"https:\/\/contextoanalisisperiodistico.com\/index.php\/author\/director\/"},"category_info":"<a href=\"https:\/\/contextoanalisisperiodistico.com\/index.php\/category\/politica\/\" rel=\"category tag\">Pol\u00edtica<\/a>","tag_info":"Pol\u00edtica","comment_count":"0","jetpack_featured_media_url":"https:\/\/contextoanalisisperiodistico.com\/wp-content\/uploads\/2023\/08\/IMG-20230813-WA0059.jpg","_links":{"self":[{"href":"https:\/\/contextoanalisisperiodistico.com\/index.php\/wp-json\/wp\/v2\/posts\/17347"}],"collection":[{"href":"https:\/\/contextoanalisisperiodistico.com\/index.php\/wp-json\/wp\/v2\/posts"}],"about":[{"href":"https:\/\/contextoanalisisperiodistico.com\/index.php\/wp-json\/wp\/v2\/types\/post"}],"author":[{"embeddable":true,"href":"https:\/\/contextoanalisisperiodistico.com\/index.php\/wp-json\/wp\/v2\/users\/4"}],"replies":[{"embeddable":true,"href":"https:\/\/contextoanalisisperiodistico.com\/index.php\/wp-json\/wp\/v2\/comments?post=17347"}],"version-history":[{"count":0,"href":"https:\/\/contextoanalisisperiodistico.com\/index.php\/wp-json\/wp\/v2\/posts\/17347\/revisions"}],"wp:featuredmedia":[{"embeddable":true,"href":"https:\/\/contextoanalisisperiodistico.com\/index.php\/wp-json\/wp\/v2\/media\/17343"}],"wp:attachment":[{"href":"https:\/\/contextoanalisisperiodistico.com\/index.php\/wp-json\/wp\/v2\/media?parent=17347"}],"wp:term":[{"taxonomy":"category","embeddable":true,"href":"https:\/\/contextoanalisisperiodistico.com\/index.php\/wp-json\/wp\/v2\/categories?post=17347"},{"taxonomy":"post_tag","embeddable":true,"href":"https:\/\/contextoanalisisperiodistico.com\/index.php\/wp-json\/wp\/v2\/tags?post=17347"}],"curies":[{"name":"wp","href":"https:\/\/api.w.org\/{rel}","templated":true}]}}