{"id":17335,"date":"2023-08-13T16:57:38","date_gmt":"2023-08-13T22:57:38","guid":{"rendered":"https:\/\/contextoanalisisperiodistico.com\/?p=17335"},"modified":"2023-08-13T16:57:45","modified_gmt":"2023-08-13T22:57:45","slug":"ejerce-dif-oaxaca-derechos-de-ninez-y-personas-para-conformar-una-familia","status":"publish","type":"post","link":"https:\/\/contextoanalisisperiodistico.com\/index.php\/2023\/08\/13\/ejerce-dif-oaxaca-derechos-de-ninez-y-personas-para-conformar-una-familia\/","title":{"rendered":"Ejerce DIF Oaxaca derechos de ni\u00f1ez y personas para conformar una familia"},"content":{"rendered":"<div id=\"fb-root\"><\/div>\n\n<p>\u2022 El Consejo T\u00e9cnico de Adopciones entrega en acogimiento preadoptivo a tres ni\u00f1as y dos ni\u00f1os a familias diversas y a una procedente de la CDMX<\/p>\n\n\n\n<p>\u2022 Solicitantes reconocen la atenci\u00f3n y acompa\u00f1amiento del personal de la Prodennao para cumplir con su proceso de adopci\u00f3n<\/p>\n\n\n\n<p>Oaxaca de Ju\u00e1rez, Oax., 13 de agosto de 2023.- Cuatro familias diversas que acreditaron los requisitos para la asignaci\u00f3n en acogimiento preadoptivo de tres ni\u00f1as y dos ni\u00f1os por fin podr\u00e1n brindarles el amor, cari\u00f1o y cuidados, pero sobretodo, un hogar para que puedan crecer plenamente en cada una de las etapas de la vida.<\/p>\n\n\n\n<p><br>En sesi\u00f3n extraordinaria del Consejo T\u00e9cnico de Adopciones del Sistema para el Desarrollo Integral de la Familia (DIF) Oaxaca, las y los integrantes oficializaron la integraci\u00f3n de las ni\u00f1as y ni\u00f1os en restituci\u00f3n de su derecho a vivir en familia, toda vez que habitaban en el Centro de Asistencia Social (CAS) del organismo.<\/p>\n\n\n\n<p><br>Con este acto, el Sistema Estatal encabezado por la Presidenta Honoraria, Irma Bola\u00f1os Quijano, no solo restituye el derecho de las y los menores de edad, tambi\u00e9n ejerce el derecho de las personas a adoptar sin importar su orientaci\u00f3n sexual o estado civil, debido a que uno de los ni\u00f1os fue adoptado por una mujer soltera y el segundo por una pareja homoparental.<\/p>\n\n\n\n<p><br>Asimismo, le otorgaron el derecho a una pareja originaria de la Ciudad de M\u00e9xico (CDMX) que cumpli\u00f3 con los requisitos de estudios m\u00e9dicos, psicol\u00f3gicos y socioecon\u00f3micos, as\u00ed como de trabajo social, debido a que legalmente cualquier persona de 25 a\u00f1os o m\u00e1s de cualquier estado del pa\u00eds puede realizar la solicitud en cualquier entidad mexicana.<\/p>\n\n\n\n<p><br>De acuerdo con la pareja, la decisi\u00f3n de realizar el tr\u00e1mite en Oaxaca deriva porque leyeron sobre los testimonios de otras personas y porque coinciden con el compromiso de la presente administraci\u00f3n estatal de anteponer el Inter\u00e9s Superior de Ni\u00f1as, Ni\u00f1os y Adolescentes.<\/p>\n\n\n\n<p><br>\u201cEs necesario que en nuestra sociedad se quiten los mitos sobre que la hija o el hijo debe ser biol\u00f3gico, porque tambi\u00e9n estamos los padres por elecci\u00f3n y tenemos mucho amor para dar porque es lo que nos hace crecer como personas y deseamos brindar una familia, en nuestro caso a nuestra peque\u00f1a\u201d, comparti\u00f3 el originario de la CDMX.<\/p>\n\n\n\n<p>El inter\u00e9s de intentar el proceso para otorgarle el derecho a un menor a vivir en familia tambi\u00e9n fue exitoso para una pareja homoparental que tom\u00f3 la decisi\u00f3n de acompa\u00f1ar a un ni\u00f1o en su crecimiento y desarrollo como persona.<\/p>\n\n\n\n<p><br>A pesar que el proceso tom\u00f3 un tiempo aproximado de cinco meses, coincidieron que vali\u00f3 la pena porque entienden que es importante para salvaguardar a las ni\u00f1as y ni\u00f1os.<\/p>\n\n\n\n<p><br>En este sentido, compartieron un mensaje a quienes deseen dar este paso: \u201cDeben intentarlo y el DIF Oaxaca que es la instituci\u00f3n en la que tuvimos la experiencia es incre\u00edble porque son c\u00e1lidos y claros en la informaci\u00f3n; no sientes que te est\u00e9n evaluando como persona sino que cuentes con las condiciones para recibir a una ni\u00f1a o ni\u00f1o. Estamos agradecidas porque somos una pareja diversa y pareciera que el Estado no est\u00e1 listo para este tipo de familias pero me parece que s\u00ed, porque ya nos lo demostraron\u201d.<\/p>\n\n\n\n<p><br>Otro caso, fue el de Claudia Miranda Rivas, una mujer soltera que coincide en la calidad de la atenci\u00f3n y acompa\u00f1amiento del personal de la Procuradur\u00eda Estatal de Protecci\u00f3n de los Derechos de Ni\u00f1as, Ni\u00f1os y Adolescentes del Estado de Oaxaca (Prodennao), cuyo proceso lo calific\u00f3 como r\u00e1pido y satisfactorio porque logr\u00f3 cumplir con los requisitos para hacerse cargo de su hijo.<\/p>\n\n\n\n<p><br>\u201cMe voy satisfecha porque investigan bien los antecedentes de quienes realizamos la solicitud para constatar el bienestar del beb\u00e9; es uno de los mejores procesos que he desarrollado. La verdad me voy con una buena experiencia con todo el personal\u201d, destac\u00f3.<\/p>\n\n\n\n<p><br>El 28 de febrero de este a\u00f1o se instal\u00f3 el Consejo T\u00e9cnico de Adopciones del Sistema DIF Oaxaca y a la fecha ha otorgado en acogimiento preadoptivo a 13 infantes, a trav\u00e9s de tres sesiones extraordinarias; asimismo, ha realizado cinco sesiones ordinarias programadas cada mes y as\u00ed ser\u00e1 a lo largo del a\u00f1o.<\/p>\n\n\n\n<figure class=\"wp-block-image size-large\"><img fetchpriority=\"high\" decoding=\"async\" width=\"1024\" height=\"683\" src=\"https:\/\/contextoanalisisperiodistico.com\/wp-content\/uploads\/2023\/08\/img-20230813-wa00197335519226119535611-1024x683.jpg\" alt=\"\" class=\"wp-image-17339\" srcset=\"https:\/\/contextoanalisisperiodistico.com\/wp-content\/uploads\/2023\/08\/img-20230813-wa00197335519226119535611-1024x683.jpg 1024w, https:\/\/contextoanalisisperiodistico.com\/wp-content\/uploads\/2023\/08\/img-20230813-wa00197335519226119535611-300x200.jpg 300w, https:\/\/contextoanalisisperiodistico.com\/wp-content\/uploads\/2023\/08\/img-20230813-wa00197335519226119535611-768x512.jpg 768w, https:\/\/contextoanalisisperiodistico.com\/wp-content\/uploads\/2023\/08\/img-20230813-wa00197335519226119535611.jpg 1079w\" sizes=\"(max-width: 1024px) 100vw, 1024px\" \/><\/figure>\n\n\n\n<figure class=\"wp-block-image\"><img decoding=\"async\" width=\"1024\" height=\"683\" src=\"https:\/\/contextoanalisisperiodistico.com\/wp-content\/uploads\/2023\/08\/img-20230813-wa00184947783017572530256-1024x683.jpg\" alt=\"\" class=\"wp-image-17338\" srcset=\"https:\/\/contextoanalisisperiodistico.com\/wp-content\/uploads\/2023\/08\/img-20230813-wa00184947783017572530256-1024x683.jpg 1024w, https:\/\/contextoanalisisperiodistico.com\/wp-content\/uploads\/2023\/08\/img-20230813-wa00184947783017572530256-300x200.jpg 300w, https:\/\/contextoanalisisperiodistico.com\/wp-content\/uploads\/2023\/08\/img-20230813-wa00184947783017572530256-768x512.jpg 768w, https:\/\/contextoanalisisperiodistico.com\/wp-content\/uploads\/2023\/08\/img-20230813-wa00184947783017572530256.jpg 1079w\" sizes=\"(max-width: 1024px) 100vw, 1024px\" \/><\/figure>\n\n\n\n<figure class=\"wp-block-image\"><img decoding=\"async\" width=\"300\" height=\"209\" src=\"https:\/\/contextoanalisisperiodistico.com\/wp-content\/uploads\/2023\/08\/screenshot_20230813_123717_whatsapp7440997042335369329-300x209.jpg\" alt=\"\" class=\"wp-image-17337\" srcset=\"https:\/\/contextoanalisisperiodistico.com\/wp-content\/uploads\/2023\/08\/screenshot_20230813_123717_whatsapp7440997042335369329-300x209.jpg 300w, https:\/\/contextoanalisisperiodistico.com\/wp-content\/uploads\/2023\/08\/screenshot_20230813_123717_whatsapp7440997042335369329.jpg 716w\" sizes=\"(max-width: 300px) 100vw, 300px\" \/><\/figure>\n","protected":false},"excerpt":{"rendered":"<p>\u2022 El Consejo T\u00e9cnico de Adopciones entrega en acogimiento preadoptivo a tres ni\u00f1as y dos&#8230;<\/p>\n","protected":false},"author":4,"featured_media":17336,"comment_status":"closed","ping_status":"open","sticky":false,"template":"","format":"standard","meta":{"footnotes":""},"categories":[9],"tags":[],"jetpack_sharing_enabled":true,"featured_image_urls":{"full":["https:\/\/contextoanalisisperiodistico.com\/wp-content\/uploads\/2023\/08\/IMG-20230813-WA0020.jpg",1079,720,false],"thumbnail":["https:\/\/contextoanalisisperiodistico.com\/wp-content\/uploads\/2023\/08\/IMG-20230813-WA0020-150x150.jpg",150,150,true],"medium":["https:\/\/contextoanalisisperiodistico.com\/wp-content\/uploads\/2023\/08\/IMG-20230813-WA0020-300x200.jpg",300,200,true],"medium_large":["https:\/\/contextoanalisisperiodistico.com\/wp-content\/uploads\/2023\/08\/IMG-20230813-WA0020-768x512.jpg",640,427,true],"large":["https:\/\/contextoanalisisperiodistico.com\/wp-content\/uploads\/2023\/08\/IMG-20230813-WA0020-1024x683.jpg",640,427,true],"1536x1536":["https:\/\/contextoanalisisperiodistico.com\/wp-content\/uploads\/2023\/08\/IMG-20230813-WA0020.jpg",1079,720,false],"2048x2048":["https:\/\/contextoanalisisperiodistico.com\/wp-content\/uploads\/2023\/08\/IMG-20230813-WA0020.jpg",1079,720,false],"covernews-slider-full":["https:\/\/contextoanalisisperiodistico.com\/wp-content\/uploads\/2023\/08\/IMG-20230813-WA0020-1079x715.jpg",1079,715,true],"covernews-slider-center":["https:\/\/contextoanalisisperiodistico.com\/wp-content\/uploads\/2023\/08\/IMG-20230813-WA0020-800x500.jpg",800,500,true],"covernews-featured":["https:\/\/contextoanalisisperiodistico.com\/wp-content\/uploads\/2023\/08\/IMG-20230813-WA0020-1024x683.jpg",1024,683,true],"covernews-medium":["https:\/\/contextoanalisisperiodistico.com\/wp-content\/uploads\/2023\/08\/IMG-20230813-WA0020-540x340.jpg",540,340,true],"covernews-medium-square":["https:\/\/contextoanalisisperiodistico.com\/wp-content\/uploads\/2023\/08\/IMG-20230813-WA0020-400x250.jpg",400,250,true]},"author_info":{"display_name":"Mario Gir\u00f3n","author_link":"https:\/\/contextoanalisisperiodistico.com\/index.php\/author\/director\/"},"category_info":"<a href=\"https:\/\/contextoanalisisperiodistico.com\/index.php\/category\/politica\/\" rel=\"category tag\">Pol\u00edtica<\/a>","tag_info":"Pol\u00edtica","comment_count":"0","jetpack_featured_media_url":"https:\/\/contextoanalisisperiodistico.com\/wp-content\/uploads\/2023\/08\/IMG-20230813-WA0020.jpg","_links":{"self":[{"href":"https:\/\/contextoanalisisperiodistico.com\/index.php\/wp-json\/wp\/v2\/posts\/17335"}],"collection":[{"href":"https:\/\/contextoanalisisperiodistico.com\/index.php\/wp-json\/wp\/v2\/posts"}],"about":[{"href":"https:\/\/contextoanalisisperiodistico.com\/index.php\/wp-json\/wp\/v2\/types\/post"}],"author":[{"embeddable":true,"href":"https:\/\/contextoanalisisperiodistico.com\/index.php\/wp-json\/wp\/v2\/users\/4"}],"replies":[{"embeddable":true,"href":"https:\/\/contextoanalisisperiodistico.com\/index.php\/wp-json\/wp\/v2\/comments?post=17335"}],"version-history":[{"count":1,"href":"https:\/\/contextoanalisisperiodistico.com\/index.php\/wp-json\/wp\/v2\/posts\/17335\/revisions"}],"predecessor-version":[{"id":17340,"href":"https:\/\/contextoanalisisperiodistico.com\/index.php\/wp-json\/wp\/v2\/posts\/17335\/revisions\/17340"}],"wp:featuredmedia":[{"embeddable":true,"href":"https:\/\/contextoanalisisperiodistico.com\/index.php\/wp-json\/wp\/v2\/media\/17336"}],"wp:attachment":[{"href":"https:\/\/contextoanalisisperiodistico.com\/index.php\/wp-json\/wp\/v2\/media?parent=17335"}],"wp:term":[{"taxonomy":"category","embeddable":true,"href":"https:\/\/contextoanalisisperiodistico.com\/index.php\/wp-json\/wp\/v2\/categories?post=17335"},{"taxonomy":"post_tag","embeddable":true,"href":"https:\/\/contextoanalisisperiodistico.com\/index.php\/wp-json\/wp\/v2\/tags?post=17335"}],"curies":[{"name":"wp","href":"https:\/\/api.w.org\/{rel}","templated":true}]}}