{"id":17326,"date":"2023-08-13T16:32:08","date_gmt":"2023-08-13T22:32:08","guid":{"rendered":"https:\/\/contextoanalisisperiodistico.com\/index.php\/2023\/08\/13\/con-algarabia-y-marcha-multitudinaria-fuco-recibe-a-claudia-sheinbaum-entehuantepec\/"},"modified":"2023-08-13T16:32:08","modified_gmt":"2023-08-13T22:32:08","slug":"con-algarabia-y-marcha-multitudinaria-fuco-recibe-a-claudia-sheinbaum-entehuantepec","status":"publish","type":"post","link":"https:\/\/contextoanalisisperiodistico.com\/index.php\/2023\/08\/13\/con-algarabia-y-marcha-multitudinaria-fuco-recibe-a-claudia-sheinbaum-entehuantepec\/","title":{"rendered":"Con algarab\u00eda y marcha multitudinaria FUCO recibe a Claudia Sheinbaum en<br>Tehuantepec"},"content":{"rendered":"<div id=\"fb-root\"><\/div>\n\n<p>*M\u00e1s de 30 mil militantes y simpatizantes de FUCO, marcharon para dar la bienvenida a la Doctora Claudia Sheinbaum<\/p>\n\n\n\n<p>Santo Domingo Tehuantepec, 13 de Agosto 2023.-<br \/>M\u00e1s de 30 mil militantes y simpatizantes del Frente Unido de Comunidades Oaxaque\u00f1as, (FUCO), marcharon con fuerza, entrega y unidad para dar la bienvenida, arropar y respaldar una vez m\u00e1s en el Istmo de Tehuantepec y en todo Oaxaca, a la Doctora Claudia Sheinbaum Pardo,&nbsp; aspirante a coordinar el Comit\u00e9 de Defensa de la Cuarta Transformaci\u00f3n de Morena y quien encabez\u00f3, una Asamblea Informativa en este municipio istme\u00f1o.<\/p>\n\n\n\n<p>Con m\u00fasica de banda,&nbsp; en un ambiente de fiesta, y sobre todo convencidos de la gran fortaleza humana de la ex jefa de gobierno y de su gran visi\u00f3n de continuar con la transformaci\u00f3n del pa\u00eds, las y los istme\u00f1os, referentes municipales, regionales y estatales de FUCO, codo a codo, marcharon con el dirigente estatal de la organizaci\u00f3n Geraldhy Orozco Mart\u00ednez, la diputada local Dennis Garc\u00eda Guti\u00e9rrez, el presidente municipal de la Heroica Villa de San Blas Atempa Adalberto Vel\u00e1squez, el presidente de San Francisco Ixhuat\u00e1n Felipe L\u00f3pez Matus, entre otros, hasta llegar a la Unidad Deportiva Guiengola, para respaldar y escuchar a Claudia Sheinbaum.<\/p>\n\n\n\n<p>Entre vivas, porras y gran algarab\u00eda, FUCO, acompa\u00f1ado tambi\u00e9n de j\u00f3venes uniformados con banda de guerra, una vez m\u00e1s mostr\u00f3 su m\u00fasculo, su lealtad a los principios de la Cuarta Transformaci\u00f3n, al acompa\u00f1ar a la mujer que hoy representa los valores de la continuidad por su gran liderazgo, capacidad e inteligencia.<\/p>\n\n\n\n<p>El dirigente estatal de FUCO Gherardy Orozco Mart\u00ednez, se\u00f1al\u00f3 que el movimiento est\u00e1 m\u00e1s vivo que nunca, coherente, fuerte, unido y decidido a caminar seguros con Claudia Sheinbaum.<\/p>\n\n\n\n<p>\u00abEl calor humano y la calidez de las y los paisanos es solo una peque\u00f1a muestra de reconocimiento al gran trabajo que representa en su liderazgo la doctora Claudia Sheinbaum, a quien le damos a nombre de FUCO, la m\u00e1s cordial bienvenida\u00bb, manifest\u00f3.<\/p>\n\n\n\n<p>Pedro Vladimir V\u00e1squez, joven referente de la organizaci\u00f3n, se\u00f1al\u00f3 que el pa\u00eds, hoy est\u00e1 convencido que la transformaci\u00f3n tiene rostro de mujer y qu\u00e9 mejor que sea la Doctora Claudia Sheinbaum, quien abandere los valores y principios de la Cuarta Transformaci\u00f3n a nivel nacional.<\/p>\n\n\n\n<p>Cabe mencionar que referentes y l\u00edderes de FUCO a nivel estatal, coincidieron en destacar que Morena es garant\u00eda de triunfo con Claudia Sheinbaum como abanderada del Comit\u00e9 de Defensa de la Cuarta Transformaci\u00f3n, y por lo que, miles salieron a recibirla y darle la bienvenida en estas tierras zapotecas.<\/p>\n\n\n\n<p>En ese sentido,&nbsp; tambi\u00e9n remarcaron que la Doctora Claudia Sheinbaum, quien siempre ha luchado por las causas de la izquierda y se ha destacado por la defensa de los derechos universales, es quien mejor representa el proyecto de Naci\u00f3n y la continuidad que se inici\u00f3 en el a\u00f1o 2018.<\/p>\n\n\n\n<figure class=\"wp-block-image size-large\"><img fetchpriority=\"high\" decoding=\"async\" width=\"1024\" height=\"688\" src=\"https:\/\/contextoanalisisperiodistico.com\/wp-content\/uploads\/2023\/08\/img-20230813-wa00338264159111776413254-1024x688.jpg\" alt=\"\" class=\"wp-image-17323\" srcset=\"https:\/\/contextoanalisisperiodistico.com\/wp-content\/uploads\/2023\/08\/img-20230813-wa00338264159111776413254-1024x688.jpg 1024w, https:\/\/contextoanalisisperiodistico.com\/wp-content\/uploads\/2023\/08\/img-20230813-wa00338264159111776413254-300x202.jpg 300w, https:\/\/contextoanalisisperiodistico.com\/wp-content\/uploads\/2023\/08\/img-20230813-wa00338264159111776413254-768x516.jpg 768w, https:\/\/contextoanalisisperiodistico.com\/wp-content\/uploads\/2023\/08\/img-20230813-wa00338264159111776413254.jpg 1280w\" sizes=\"(max-width: 1024px) 100vw, 1024px\" \/><\/figure>\n\n\n\n<figure class=\"wp-block-image\"><img decoding=\"async\" width=\"1024\" height=\"683\" src=\"https:\/\/contextoanalisisperiodistico.com\/wp-content\/uploads\/2023\/08\/img-20230813-wa00366754588012001571874-1024x683.jpg\" alt=\"\" class=\"wp-image-17324\" srcset=\"https:\/\/contextoanalisisperiodistico.com\/wp-content\/uploads\/2023\/08\/img-20230813-wa00366754588012001571874-1024x683.jpg 1024w, https:\/\/contextoanalisisperiodistico.com\/wp-content\/uploads\/2023\/08\/img-20230813-wa00366754588012001571874-300x200.jpg 300w, https:\/\/contextoanalisisperiodistico.com\/wp-content\/uploads\/2023\/08\/img-20230813-wa00366754588012001571874-768x512.jpg 768w, https:\/\/contextoanalisisperiodistico.com\/wp-content\/uploads\/2023\/08\/img-20230813-wa00366754588012001571874.jpg 1280w\" sizes=\"(max-width: 1024px) 100vw, 1024px\" \/><\/figure>\n\n\n\n<figure class=\"wp-block-image\"><img decoding=\"async\" width=\"300\" height=\"225\" src=\"https:\/\/contextoanalisisperiodistico.com\/wp-content\/uploads\/2023\/08\/img-20230813-wa00356866351131995611647-300x225.jpg\" alt=\"\" class=\"wp-image-17325\" srcset=\"https:\/\/contextoanalisisperiodistico.com\/wp-content\/uploads\/2023\/08\/img-20230813-wa00356866351131995611647-300x225.jpg 300w, https:\/\/contextoanalisisperiodistico.com\/wp-content\/uploads\/2023\/08\/img-20230813-wa00356866351131995611647-768x576.jpg 768w, https:\/\/contextoanalisisperiodistico.com\/wp-content\/uploads\/2023\/08\/img-20230813-wa00356866351131995611647.jpg 1024w\" sizes=\"(max-width: 300px) 100vw, 300px\" \/><\/figure>\n","protected":false},"excerpt":{"rendered":"<p>*M\u00e1s de 30 mil militantes y simpatizantes de FUCO, marcharon para dar la bienvenida a&#8230;<\/p>\n","protected":false},"author":4,"featured_media":17322,"comment_status":"","ping_status":"open","sticky":false,"template":"","format":"standard","meta":{"footnotes":""},"categories":[9],"tags":[],"jetpack_sharing_enabled":true,"featured_image_urls":{"full":["https:\/\/contextoanalisisperiodistico.com\/wp-content\/uploads\/2023\/08\/IMG-20230813-WA0034.jpg",1024,683,false],"thumbnail":["https:\/\/contextoanalisisperiodistico.com\/wp-content\/uploads\/2023\/08\/IMG-20230813-WA0034-150x150.jpg",150,150,true],"medium":["https:\/\/contextoanalisisperiodistico.com\/wp-content\/uploads\/2023\/08\/IMG-20230813-WA0034-300x200.jpg",300,200,true],"medium_large":["https:\/\/contextoanalisisperiodistico.com\/wp-content\/uploads\/2023\/08\/IMG-20230813-WA0034-768x512.jpg",640,427,true],"large":["https:\/\/contextoanalisisperiodistico.com\/wp-content\/uploads\/2023\/08\/IMG-20230813-WA0034.jpg",640,427,false],"1536x1536":["https:\/\/contextoanalisisperiodistico.com\/wp-content\/uploads\/2023\/08\/IMG-20230813-WA0034.jpg",1024,683,false],"2048x2048":["https:\/\/contextoanalisisperiodistico.com\/wp-content\/uploads\/2023\/08\/IMG-20230813-WA0034.jpg",1024,683,false],"covernews-slider-full":["https:\/\/contextoanalisisperiodistico.com\/wp-content\/uploads\/2023\/08\/IMG-20230813-WA0034.jpg",1024,683,false],"covernews-slider-center":["https:\/\/contextoanalisisperiodistico.com\/wp-content\/uploads\/2023\/08\/IMG-20230813-WA0034-800x500.jpg",800,500,true],"covernews-featured":["https:\/\/contextoanalisisperiodistico.com\/wp-content\/uploads\/2023\/08\/IMG-20230813-WA0034.jpg",1024,683,false],"covernews-medium":["https:\/\/contextoanalisisperiodistico.com\/wp-content\/uploads\/2023\/08\/IMG-20230813-WA0034-540x340.jpg",540,340,true],"covernews-medium-square":["https:\/\/contextoanalisisperiodistico.com\/wp-content\/uploads\/2023\/08\/IMG-20230813-WA0034-400x250.jpg",400,250,true]},"author_info":{"display_name":"Mario Gir\u00f3n","author_link":"https:\/\/contextoanalisisperiodistico.com\/index.php\/author\/director\/"},"category_info":"<a href=\"https:\/\/contextoanalisisperiodistico.com\/index.php\/category\/politica\/\" rel=\"category tag\">Pol\u00edtica<\/a>","tag_info":"Pol\u00edtica","comment_count":"0","jetpack_featured_media_url":"https:\/\/contextoanalisisperiodistico.com\/wp-content\/uploads\/2023\/08\/IMG-20230813-WA0034.jpg","_links":{"self":[{"href":"https:\/\/contextoanalisisperiodistico.com\/index.php\/wp-json\/wp\/v2\/posts\/17326"}],"collection":[{"href":"https:\/\/contextoanalisisperiodistico.com\/index.php\/wp-json\/wp\/v2\/posts"}],"about":[{"href":"https:\/\/contextoanalisisperiodistico.com\/index.php\/wp-json\/wp\/v2\/types\/post"}],"author":[{"embeddable":true,"href":"https:\/\/contextoanalisisperiodistico.com\/index.php\/wp-json\/wp\/v2\/users\/4"}],"replies":[{"embeddable":true,"href":"https:\/\/contextoanalisisperiodistico.com\/index.php\/wp-json\/wp\/v2\/comments?post=17326"}],"version-history":[{"count":0,"href":"https:\/\/contextoanalisisperiodistico.com\/index.php\/wp-json\/wp\/v2\/posts\/17326\/revisions"}],"wp:featuredmedia":[{"embeddable":true,"href":"https:\/\/contextoanalisisperiodistico.com\/index.php\/wp-json\/wp\/v2\/media\/17322"}],"wp:attachment":[{"href":"https:\/\/contextoanalisisperiodistico.com\/index.php\/wp-json\/wp\/v2\/media?parent=17326"}],"wp:term":[{"taxonomy":"category","embeddable":true,"href":"https:\/\/contextoanalisisperiodistico.com\/index.php\/wp-json\/wp\/v2\/categories?post=17326"},{"taxonomy":"post_tag","embeddable":true,"href":"https:\/\/contextoanalisisperiodistico.com\/index.php\/wp-json\/wp\/v2\/tags?post=17326"}],"curies":[{"name":"wp","href":"https:\/\/api.w.org\/{rel}","templated":true}]}}