{"id":17321,"date":"2023-08-13T16:25:29","date_gmt":"2023-08-13T22:25:29","guid":{"rendered":"https:\/\/contextoanalisisperiodistico.com\/index.php\/2023\/08\/13\/impulsa-la-sebienti-participacion-de-la-juventud-en-materia-de-politicas-publicas\/"},"modified":"2023-08-13T16:25:29","modified_gmt":"2023-08-13T22:25:29","slug":"impulsa-la-sebienti-participacion-de-la-juventud-en-materia-de-politicas-publicas","status":"publish","type":"post","link":"https:\/\/contextoanalisisperiodistico.com\/index.php\/2023\/08\/13\/impulsa-la-sebienti-participacion-de-la-juventud-en-materia-de-politicas-publicas\/","title":{"rendered":"Impulsa la SEBIENTI participaci\u00f3n de la juventud en materia de pol\u00edticas p\u00fablicas"},"content":{"rendered":"<div id=\"fb-root\"><\/div>\n\n<p>\u25a0 La tituar, Laura Estrada Mauro da a conocer Convocatoria del proceso formativo \u00abJuventudes por el Bienestar\u00bb<\/p>\n\n\n\n<p>En el marco del D\u00eda Internacional de las Juventudes, -celebrado este s\u00e1bado 12 de agosto-, la titular de la Secretaria de Bienestar, Tequio e Inclusi\u00f3n, Laura Estrada Mauro, dio a conocer la Convocatoria del proceso formativo \u00abJuventudes por el Bienestar\u00bb dirigida a personas j\u00f3venes de entre 18 y 29 a\u00f1os de edad.<\/p>\n\n\n\n<p>La secretaria Laura Estrada Mauro destac\u00f3 que las personas j\u00f3venes son actores estrat\u00e9gicos de desarrollo en la construcci\u00f3n de un Oaxaca m\u00e1s justo y equitativo en el cierre de brechas de desigualdad para el alcance del bienestar de todas las personas.<\/p>\n\n\n\n<p>Es por ello que se busca impulsar y fortalecer las habilidades para la participaci\u00f3n de las juventudes en materia de Pol\u00edticas P\u00fablicas.<\/p>\n\n\n\n<p>La Dra. Laura Estrada Mauro exhort\u00f3 a las y los j\u00f3venes a informarse e Inscribirse a trav\u00e9s de bit.ly\/JuventudesporelBienestar<\/p>\n\n\n\n<figure class=\"wp-block-video\"><video controls src=\"https:\/\/contextoanalisisperiodistico.com\/wp-content\/uploads\/2023\/08\/LauraEstrada-convocatoria.mp4\"><\/video><\/figure>\n","protected":false},"excerpt":{"rendered":"<p>\u25a0 La tituar, Laura Estrada Mauro da a conocer Convocatoria del proceso formativo \u00abJuventudes por&#8230;<\/p>\n","protected":false},"author":4,"featured_media":17319,"comment_status":"","ping_status":"open","sticky":false,"template":"","format":"standard","meta":{"footnotes":""},"categories":[9],"tags":[],"jetpack_sharing_enabled":true,"featured_image_urls":{"full":["https:\/\/contextoanalisisperiodistico.com\/wp-content\/uploads\/2023\/08\/Screenshot_20230813_113348_VideoPlayer-2.jpg",378,366,false],"thumbnail":["https:\/\/contextoanalisisperiodistico.com\/wp-content\/uploads\/2023\/08\/Screenshot_20230813_113348_VideoPlayer-2-150x150.jpg",150,150,true],"medium":["https:\/\/contextoanalisisperiodistico.com\/wp-content\/uploads\/2023\/08\/Screenshot_20230813_113348_VideoPlayer-2-300x290.jpg",300,290,true],"medium_large":["https:\/\/contextoanalisisperiodistico.com\/wp-content\/uploads\/2023\/08\/Screenshot_20230813_113348_VideoPlayer-2.jpg",378,366,false],"large":["https:\/\/contextoanalisisperiodistico.com\/wp-content\/uploads\/2023\/08\/Screenshot_20230813_113348_VideoPlayer-2.jpg",378,366,false],"1536x1536":["https:\/\/contextoanalisisperiodistico.com\/wp-content\/uploads\/2023\/08\/Screenshot_20230813_113348_VideoPlayer-2.jpg",378,366,false],"2048x2048":["https:\/\/contextoanalisisperiodistico.com\/wp-content\/uploads\/2023\/08\/Screenshot_20230813_113348_VideoPlayer-2.jpg",378,366,false],"covernews-slider-full":["https:\/\/contextoanalisisperiodistico.com\/wp-content\/uploads\/2023\/08\/Screenshot_20230813_113348_VideoPlayer-2.jpg",378,366,false],"covernews-slider-center":["https:\/\/contextoanalisisperiodistico.com\/wp-content\/uploads\/2023\/08\/Screenshot_20230813_113348_VideoPlayer-2.jpg",378,366,false],"covernews-featured":["https:\/\/contextoanalisisperiodistico.com\/wp-content\/uploads\/2023\/08\/Screenshot_20230813_113348_VideoPlayer-2.jpg",378,366,false],"covernews-medium":["https:\/\/contextoanalisisperiodistico.com\/wp-content\/uploads\/2023\/08\/Screenshot_20230813_113348_VideoPlayer-2-378x340.jpg",378,340,true],"covernews-medium-square":["https:\/\/contextoanalisisperiodistico.com\/wp-content\/uploads\/2023\/08\/Screenshot_20230813_113348_VideoPlayer-2-378x250.jpg",378,250,true]},"author_info":{"display_name":"Mario Gir\u00f3n","author_link":"https:\/\/contextoanalisisperiodistico.com\/index.php\/author\/director\/"},"category_info":"<a href=\"https:\/\/contextoanalisisperiodistico.com\/index.php\/category\/politica\/\" rel=\"category tag\">Pol\u00edtica<\/a>","tag_info":"Pol\u00edtica","comment_count":"0","jetpack_featured_media_url":"https:\/\/contextoanalisisperiodistico.com\/wp-content\/uploads\/2023\/08\/Screenshot_20230813_113348_VideoPlayer-2.jpg","_links":{"self":[{"href":"https:\/\/contextoanalisisperiodistico.com\/index.php\/wp-json\/wp\/v2\/posts\/17321"}],"collection":[{"href":"https:\/\/contextoanalisisperiodistico.com\/index.php\/wp-json\/wp\/v2\/posts"}],"about":[{"href":"https:\/\/contextoanalisisperiodistico.com\/index.php\/wp-json\/wp\/v2\/types\/post"}],"author":[{"embeddable":true,"href":"https:\/\/contextoanalisisperiodistico.com\/index.php\/wp-json\/wp\/v2\/users\/4"}],"replies":[{"embeddable":true,"href":"https:\/\/contextoanalisisperiodistico.com\/index.php\/wp-json\/wp\/v2\/comments?post=17321"}],"version-history":[{"count":0,"href":"https:\/\/contextoanalisisperiodistico.com\/index.php\/wp-json\/wp\/v2\/posts\/17321\/revisions"}],"wp:featuredmedia":[{"embeddable":true,"href":"https:\/\/contextoanalisisperiodistico.com\/index.php\/wp-json\/wp\/v2\/media\/17319"}],"wp:attachment":[{"href":"https:\/\/contextoanalisisperiodistico.com\/index.php\/wp-json\/wp\/v2\/media?parent=17321"}],"wp:term":[{"taxonomy":"category","embeddable":true,"href":"https:\/\/contextoanalisisperiodistico.com\/index.php\/wp-json\/wp\/v2\/categories?post=17321"},{"taxonomy":"post_tag","embeddable":true,"href":"https:\/\/contextoanalisisperiodistico.com\/index.php\/wp-json\/wp\/v2\/tags?post=17321"}],"curies":[{"name":"wp","href":"https:\/\/api.w.org\/{rel}","templated":true}]}}