{"id":17303,"date":"2023-08-12T18:22:09","date_gmt":"2023-08-13T00:22:09","guid":{"rendered":"https:\/\/contextoanalisisperiodistico.com\/?p=17303"},"modified":"2023-08-12T18:22:21","modified_gmt":"2023-08-13T00:22:21","slug":"avanza-obra-ferroviaria-en-matias-romero-traera-economia-y-desarrollo-a-oaxaca","status":"publish","type":"post","link":"https:\/\/contextoanalisisperiodistico.com\/index.php\/2023\/08\/12\/avanza-obra-ferroviaria-en-matias-romero-traera-economia-y-desarrollo-a-oaxaca\/","title":{"rendered":"<em>Avanza obra ferroviaria en Mat\u00edas Romero, traer\u00e1 econom\u00eda y desarrollo a Oaxaca<\/em>"},"content":{"rendered":"<div id=\"fb-root\"><\/div>\n\n<p>\u2022 Actualmente cuenta con un avance del 11.58%. Aqu\u00ed se localizar\u00e1 el Centro \u00danico de Mando y Control de lineas que conectar\u00e1n con otros estado<\/p>\n\n\n\n<p>Mat\u00edas Romero Avenda\u00f1o, Oax. 12 de agosto de 2023.- Como parte de su gira de supervisi\u00f3n de obras por el Istmo de Tehuantepec, el Gobernador del Estado Salom\u00f3n Jara Cruz y el Presidente de la Rep\u00fablica Andr\u00e9s Manuel L\u00f3pez Obrador atestiguaron los avances que se tienen de la obra de renovaci\u00f3n de la antigua Estaci\u00f3n Ferroviaria en Mat\u00edas Romero Avenda\u00f1o.<\/p>\n\n\n\n<p>Dichos avances corresponden a un 11.58 por ciento del total de la ejecuci\u00f3n de la obra. En este proyecto se tiene una intervenci\u00f3n de terreno de mil 557 metros cuadrados en un \u00e1rea de construcci\u00f3n de 2 mil 645 metros cuadrados.<\/p>\n\n\n\n<p>En esta estaci\u00f3n se localizar\u00e1 el centro \u00fanico de mando y control para las l\u00edneas Z, K y FA. Tambi\u00e9n se contar\u00e1 con un edificio administrativo, talleres, almacenes, alojamientos, medicina de transporte, helipuerto, zona comercial, escuela de capacitaci\u00f3n y equipamientos.<\/p>\n\n\n\n<p>El programa arquitect\u00f3nico consta de una estaci\u00f3n de transporte la cual se conforma de una taquilla, tienda y oficina de operaci\u00f3n y administrativa. En el primer nivel, se realizar\u00e1 una exposici\u00f3n permanente, as\u00ed como algunas temporales, mientras que en el nivel 2, en el Centro de Desarrollo Comunitario se realizar\u00e1 una sala de proyecciones y un \u00e1rea de lectura y trabajo comunal.<\/p>\n\n\n\n<p>El Centro de Mando y Control Ferroviario de Mat\u00edas Romero conectar\u00e1 los estados de Veracruz, Oaxaca, Chiapas y Tabasco, uniendo tres l\u00edneas ferroviarias y los cuatro estados. Esta importante obra es ic\u00f3nica y demuestra que M\u00e9xico se est\u00e1 transformando en el centro del mundo.<\/p>\n\n\n\n<p>El Corredor Interoce\u00e1nico es una plataforma log\u00edstica multimodal que conectar\u00e1 el Oc\u00e9ano Pac\u00edfico con el Golfo de M\u00e9xico, tiene una extensi\u00f3n de 308 kil\u00f3metros y corre de Coatzacoalcos, Veracruz a Salina Cruz, Oaxaca.<\/p>\n\n\n\n<p><\/p>\n\n\n\n<figure class=\"wp-block-image size-large\"><img fetchpriority=\"high\" decoding=\"async\" width=\"1024\" height=\"682\" src=\"https:\/\/contextoanalisisperiodistico.com\/wp-content\/uploads\/2023\/08\/img-20230812-wa00822857723242763503332-1024x682.jpg\" alt=\"\" class=\"wp-image-17305\" srcset=\"https:\/\/contextoanalisisperiodistico.com\/wp-content\/uploads\/2023\/08\/img-20230812-wa00822857723242763503332-1024x682.jpg 1024w, https:\/\/contextoanalisisperiodistico.com\/wp-content\/uploads\/2023\/08\/img-20230812-wa00822857723242763503332-300x200.jpg 300w, https:\/\/contextoanalisisperiodistico.com\/wp-content\/uploads\/2023\/08\/img-20230812-wa00822857723242763503332-768x512.jpg 768w, https:\/\/contextoanalisisperiodistico.com\/wp-content\/uploads\/2023\/08\/img-20230812-wa00822857723242763503332-1536x1023.jpg 1536w, https:\/\/contextoanalisisperiodistico.com\/wp-content\/uploads\/2023\/08\/img-20230812-wa00822857723242763503332.jpg 1600w\" sizes=\"(max-width: 1024px) 100vw, 1024px\" \/><\/figure>\n\n\n\n<figure class=\"wp-block-image size-large\"><img decoding=\"async\" width=\"1024\" height=\"682\" src=\"https:\/\/contextoanalisisperiodistico.com\/wp-content\/uploads\/2023\/08\/img-20230812-wa00789151762746841522960-1024x682.jpg\" alt=\"\" class=\"wp-image-17307\" srcset=\"https:\/\/contextoanalisisperiodistico.com\/wp-content\/uploads\/2023\/08\/img-20230812-wa00789151762746841522960-1024x682.jpg 1024w, https:\/\/contextoanalisisperiodistico.com\/wp-content\/uploads\/2023\/08\/img-20230812-wa00789151762746841522960-300x200.jpg 300w, https:\/\/contextoanalisisperiodistico.com\/wp-content\/uploads\/2023\/08\/img-20230812-wa00789151762746841522960-768x512.jpg 768w, https:\/\/contextoanalisisperiodistico.com\/wp-content\/uploads\/2023\/08\/img-20230812-wa00789151762746841522960-1536x1023.jpg 1536w, https:\/\/contextoanalisisperiodistico.com\/wp-content\/uploads\/2023\/08\/img-20230812-wa00789151762746841522960.jpg 1600w\" sizes=\"(max-width: 1024px) 100vw, 1024px\" \/><\/figure>\n\n\n\n<figure class=\"wp-block-image\"><img decoding=\"async\" width=\"1024\" height=\"682\" src=\"https:\/\/contextoanalisisperiodistico.com\/wp-content\/uploads\/2023\/08\/img-20230812-wa00801658536031428788612-1024x682.jpg\" alt=\"\" class=\"wp-image-17306\" srcset=\"https:\/\/contextoanalisisperiodistico.com\/wp-content\/uploads\/2023\/08\/img-20230812-wa00801658536031428788612-1024x682.jpg 1024w, https:\/\/contextoanalisisperiodistico.com\/wp-content\/uploads\/2023\/08\/img-20230812-wa00801658536031428788612-300x200.jpg 300w, https:\/\/contextoanalisisperiodistico.com\/wp-content\/uploads\/2023\/08\/img-20230812-wa00801658536031428788612-768x512.jpg 768w, https:\/\/contextoanalisisperiodistico.com\/wp-content\/uploads\/2023\/08\/img-20230812-wa00801658536031428788612-1536x1023.jpg 1536w, https:\/\/contextoanalisisperiodistico.com\/wp-content\/uploads\/2023\/08\/img-20230812-wa00801658536031428788612.jpg 1600w\" sizes=\"(max-width: 1024px) 100vw, 1024px\" \/><\/figure>\n\n\n\n<figure class=\"wp-block-image size-large\"><img loading=\"lazy\" decoding=\"async\" width=\"1024\" height=\"682\" src=\"https:\/\/contextoanalisisperiodistico.com\/wp-content\/uploads\/2023\/08\/img-20230812-wa00772115287178198028291-1024x682.jpg\" alt=\"\" class=\"wp-image-17308\" srcset=\"https:\/\/contextoanalisisperiodistico.com\/wp-content\/uploads\/2023\/08\/img-20230812-wa00772115287178198028291-1024x682.jpg 1024w, https:\/\/contextoanalisisperiodistico.com\/wp-content\/uploads\/2023\/08\/img-20230812-wa00772115287178198028291-300x200.jpg 300w, https:\/\/contextoanalisisperiodistico.com\/wp-content\/uploads\/2023\/08\/img-20230812-wa00772115287178198028291-768x512.jpg 768w, https:\/\/contextoanalisisperiodistico.com\/wp-content\/uploads\/2023\/08\/img-20230812-wa00772115287178198028291-1536x1023.jpg 1536w, https:\/\/contextoanalisisperiodistico.com\/wp-content\/uploads\/2023\/08\/img-20230812-wa00772115287178198028291.jpg 1600w\" sizes=\"(max-width: 1024px) 100vw, 1024px\" \/><\/figure>\n","protected":false},"excerpt":{"rendered":"<p>\u2022 Actualmente cuenta con un avance del 11.58%. Aqu\u00ed se localizar\u00e1 el Centro \u00danico de&#8230;<\/p>\n","protected":false},"author":4,"featured_media":17304,"comment_status":"closed","ping_status":"open","sticky":false,"template":"","format":"standard","meta":{"footnotes":""},"categories":[9],"tags":[],"jetpack_sharing_enabled":true,"featured_image_urls":{"full":["https:\/\/contextoanalisisperiodistico.com\/wp-content\/uploads\/2023\/08\/IMG-20230812-WA0079.jpg",1600,1066,false],"thumbnail":["https:\/\/contextoanalisisperiodistico.com\/wp-content\/uploads\/2023\/08\/IMG-20230812-WA0079-150x150.jpg",150,150,true],"medium":["https:\/\/contextoanalisisperiodistico.com\/wp-content\/uploads\/2023\/08\/IMG-20230812-WA0079-300x200.jpg",300,200,true],"medium_large":["https:\/\/contextoanalisisperiodistico.com\/wp-content\/uploads\/2023\/08\/IMG-20230812-WA0079-768x512.jpg",640,427,true],"large":["https:\/\/contextoanalisisperiodistico.com\/wp-content\/uploads\/2023\/08\/IMG-20230812-WA0079-1024x682.jpg",640,426,true],"1536x1536":["https:\/\/contextoanalisisperiodistico.com\/wp-content\/uploads\/2023\/08\/IMG-20230812-WA0079-1536x1023.jpg",1536,1023,true],"2048x2048":["https:\/\/contextoanalisisperiodistico.com\/wp-content\/uploads\/2023\/08\/IMG-20230812-WA0079.jpg",1600,1066,false],"covernews-slider-full":["https:\/\/contextoanalisisperiodistico.com\/wp-content\/uploads\/2023\/08\/IMG-20230812-WA0079-1115x715.jpg",1115,715,true],"covernews-slider-center":["https:\/\/contextoanalisisperiodistico.com\/wp-content\/uploads\/2023\/08\/IMG-20230812-WA0079-800x500.jpg",800,500,true],"covernews-featured":["https:\/\/contextoanalisisperiodistico.com\/wp-content\/uploads\/2023\/08\/IMG-20230812-WA0079-1024x682.jpg",1024,682,true],"covernews-medium":["https:\/\/contextoanalisisperiodistico.com\/wp-content\/uploads\/2023\/08\/IMG-20230812-WA0079-540x340.jpg",540,340,true],"covernews-medium-square":["https:\/\/contextoanalisisperiodistico.com\/wp-content\/uploads\/2023\/08\/IMG-20230812-WA0079-400x250.jpg",400,250,true]},"author_info":{"display_name":"Mario Gir\u00f3n","author_link":"https:\/\/contextoanalisisperiodistico.com\/index.php\/author\/director\/"},"category_info":"<a href=\"https:\/\/contextoanalisisperiodistico.com\/index.php\/category\/politica\/\" rel=\"category tag\">Pol\u00edtica<\/a>","tag_info":"Pol\u00edtica","comment_count":"0","jetpack_featured_media_url":"https:\/\/contextoanalisisperiodistico.com\/wp-content\/uploads\/2023\/08\/IMG-20230812-WA0079.jpg","_links":{"self":[{"href":"https:\/\/contextoanalisisperiodistico.com\/index.php\/wp-json\/wp\/v2\/posts\/17303"}],"collection":[{"href":"https:\/\/contextoanalisisperiodistico.com\/index.php\/wp-json\/wp\/v2\/posts"}],"about":[{"href":"https:\/\/contextoanalisisperiodistico.com\/index.php\/wp-json\/wp\/v2\/types\/post"}],"author":[{"embeddable":true,"href":"https:\/\/contextoanalisisperiodistico.com\/index.php\/wp-json\/wp\/v2\/users\/4"}],"replies":[{"embeddable":true,"href":"https:\/\/contextoanalisisperiodistico.com\/index.php\/wp-json\/wp\/v2\/comments?post=17303"}],"version-history":[{"count":1,"href":"https:\/\/contextoanalisisperiodistico.com\/index.php\/wp-json\/wp\/v2\/posts\/17303\/revisions"}],"predecessor-version":[{"id":17309,"href":"https:\/\/contextoanalisisperiodistico.com\/index.php\/wp-json\/wp\/v2\/posts\/17303\/revisions\/17309"}],"wp:featuredmedia":[{"embeddable":true,"href":"https:\/\/contextoanalisisperiodistico.com\/index.php\/wp-json\/wp\/v2\/media\/17304"}],"wp:attachment":[{"href":"https:\/\/contextoanalisisperiodistico.com\/index.php\/wp-json\/wp\/v2\/media?parent=17303"}],"wp:term":[{"taxonomy":"category","embeddable":true,"href":"https:\/\/contextoanalisisperiodistico.com\/index.php\/wp-json\/wp\/v2\/categories?post=17303"},{"taxonomy":"post_tag","embeddable":true,"href":"https:\/\/contextoanalisisperiodistico.com\/index.php\/wp-json\/wp\/v2\/tags?post=17303"}],"curies":[{"name":"wp","href":"https:\/\/api.w.org\/{rel}","templated":true}]}}