{"id":17297,"date":"2023-08-12T17:58:10","date_gmt":"2023-08-12T23:58:10","guid":{"rendered":"https:\/\/contextoanalisisperiodistico.com\/?p=17297"},"modified":"2023-08-12T17:58:22","modified_gmt":"2023-08-12T23:58:22","slug":"promueve-injeo-compromiso-civico-y-ambiental-entre-la-juventud-oaxaquena","status":"publish","type":"post","link":"https:\/\/contextoanalisisperiodistico.com\/index.php\/2023\/08\/12\/promueve-injeo-compromiso-civico-y-ambiental-entre-la-juventud-oaxaquena\/","title":{"rendered":"Promueve Injeo compromiso c\u00edvico y ambiental entre la juventud oaxaque\u00f1a"},"content":{"rendered":"<div id=\"fb-root\"><\/div>\n\n<p>\u2022 Como parte de la conmemoraci\u00f3n por el D\u00eda Internacional de la Juventud, el Injeo realiz\u00f3 una actividad de reforestaci\u00f3n en el municipio de Santa Mar\u00eda Colotepec<br>\u2022 La actividad forma parte de una serie de acciones como charlas, proyectos comunitarios, expresiones art\u00edsticas y eventos deportivos, en el marco del Mes de la Juventud<\/p>\n\n\n\n<figure class=\"wp-block-image size-large\"><img fetchpriority=\"high\" decoding=\"async\" width=\"1024\" height=\"682\" src=\"https:\/\/contextoanalisisperiodistico.com\/wp-content\/uploads\/2023\/08\/img-20230812-wa00705142999579605427042-1024x682.jpg\" alt=\"\" class=\"wp-image-17299\" srcset=\"https:\/\/contextoanalisisperiodistico.com\/wp-content\/uploads\/2023\/08\/img-20230812-wa00705142999579605427042-1024x682.jpg 1024w, https:\/\/contextoanalisisperiodistico.com\/wp-content\/uploads\/2023\/08\/img-20230812-wa00705142999579605427042-300x200.jpg 300w, https:\/\/contextoanalisisperiodistico.com\/wp-content\/uploads\/2023\/08\/img-20230812-wa00705142999579605427042-768x512.jpg 768w, https:\/\/contextoanalisisperiodistico.com\/wp-content\/uploads\/2023\/08\/img-20230812-wa00705142999579605427042.jpg 1280w\" sizes=\"(max-width: 1024px) 100vw, 1024px\" \/><\/figure>\n\n\n\n<figure class=\"wp-block-image size-large\"><img decoding=\"async\" width=\"1024\" height=\"682\" src=\"https:\/\/contextoanalisisperiodistico.com\/wp-content\/uploads\/2023\/08\/img-20230812-wa00712803326148347868750-1024x682.jpg\" alt=\"\" class=\"wp-image-17300\" srcset=\"https:\/\/contextoanalisisperiodistico.com\/wp-content\/uploads\/2023\/08\/img-20230812-wa00712803326148347868750-1024x682.jpg 1024w, https:\/\/contextoanalisisperiodistico.com\/wp-content\/uploads\/2023\/08\/img-20230812-wa00712803326148347868750-300x200.jpg 300w, https:\/\/contextoanalisisperiodistico.com\/wp-content\/uploads\/2023\/08\/img-20230812-wa00712803326148347868750-768x512.jpg 768w, https:\/\/contextoanalisisperiodistico.com\/wp-content\/uploads\/2023\/08\/img-20230812-wa00712803326148347868750.jpg 1280w\" sizes=\"(max-width: 1024px) 100vw, 1024px\" \/><\/figure>\n\n\n\n<figure class=\"wp-block-image size-large\"><img decoding=\"async\" width=\"1024\" height=\"682\" src=\"https:\/\/contextoanalisisperiodistico.com\/wp-content\/uploads\/2023\/08\/img-20230812-wa00733008417913018719599-1024x682.jpg\" alt=\"\" class=\"wp-image-17301\" srcset=\"https:\/\/contextoanalisisperiodistico.com\/wp-content\/uploads\/2023\/08\/img-20230812-wa00733008417913018719599-1024x682.jpg 1024w, https:\/\/contextoanalisisperiodistico.com\/wp-content\/uploads\/2023\/08\/img-20230812-wa00733008417913018719599-300x200.jpg 300w, https:\/\/contextoanalisisperiodistico.com\/wp-content\/uploads\/2023\/08\/img-20230812-wa00733008417913018719599-768x512.jpg 768w, https:\/\/contextoanalisisperiodistico.com\/wp-content\/uploads\/2023\/08\/img-20230812-wa00733008417913018719599.jpg 1280w\" sizes=\"(max-width: 1024px) 100vw, 1024px\" \/><\/figure>\n\n\n\n<p>Oaxaca de Ju\u00e1rez, Oax. 12 de agosto de 2023.- Para conmemorar el D\u00eda Internacional de la Juventud y con el objetivo de fortalecer el compromiso ambiental de las y los j\u00f3venes, as\u00ed como de la comunidad en general, el Instituto de la Juventud del Estado de Oaxaca (Injeo) en coordinaci\u00f3n con la autoridad municipal y el Comisariado de Bienes Comunales de Santa Mar\u00eda Colotepec llevaron a cabo la reforestaci\u00f3n masiva Adopta y siembra un \u00e1rbol 2023 en las inmediaciones de la unidad deportiva municipal.<\/p>\n\n\n\n<p>Alrededor de 300 personas, entre juventudes originarias de Santa Mar\u00eda Colotepec y localidades cercanas, organizaciones de la sociedad civil, personal del Injeo y de instancias del gobierno municipal se sumaron a las tareas de reforestaci\u00f3n y plantaron m\u00e1s de 300 \u00e1rboles de las especies primavera, caoba, cedro y jarilla en un \u00e1rea superior a media hect\u00e1rea.<\/p>\n\n\n\n<p>Estas acciones adem\u00e1s de realizarse como parte de la celebraci\u00f3n del D\u00eda Internacional de la Juventud forman parte de la estrategia del Injeo, en coordinaci\u00f3n con las diferentes instancias municipales de juventud del estado, para promover el compromiso c\u00edvico y ambiental entre las y los j\u00f3venes oaxaque\u00f1os, pues en esta primera fase se pretende replicar la reforestaci\u00f3n en 70 localidades m\u00e1s pertenecientes al municipio de Santa Mar\u00eda Colotepec.<\/p>\n\n\n\n<p>De igual forma, est\u00e1 prevista una colaboraci\u00f3n estrecha con la Comisi\u00f3n Estatal Forestal (Coesfo), con el prop\u00f3sito de asegurar la obtenci\u00f3n de \u00e1rboles nativos de cada regi\u00f3n. En este contexto, la Coesfo contribuy\u00f3 generosamente al aportar una m\u00e1s de 10 mil \u00e1rboles, los cuales fueron esenciales para llevar a cabo la iniciativa de reforestaci\u00f3n entre el Injeo y el municipio de Santa Mar\u00eda Colotepec.<\/p>\n\n\n\n<p>En su oportunidad, el director general del Injeo, Rodrigo V\u00e1squez V\u00e1squez, destac\u00f3 la notable asistencia y el en\u00e9rgico compromiso demostrado por las juventudes y residentes de Santa Mar\u00eda Colotepec en la labor de reforestaci\u00f3n, pues esta participaci\u00f3n no solo motiva, sino que tambi\u00e9n representa un s\u00edmbolo de responsabilidad con la sostenibilidad ambiental.<\/p>\n\n\n\n<p>Subray\u00f3 que la iniciativa de reforestaci\u00f3n en el marco del D\u00eda Internacional de la Juventud refleja el cuidado por el medio ambiente y fortalece el sentido de identidad y responsabilidad de las nuevas generaciones hacia su entorno local y global.<\/p>\n\n\n\n<p>Asimismo, el representante de las juventudes de Santa Mar\u00eda Colotepec, Gadier Isa\u00ed Canseco Velasco, expres\u00f3 que la colaboraci\u00f3n y el compromiso de la juventud de su municipio han sido pilares fundamentales en la materializaci\u00f3n de proyectos que generan un impacto positivo en la comunidad.<\/p>\n\n\n\n<p>Es importante destacar que esta reforestaci\u00f3n es tan solo una de las m\u00faltiples iniciativas trazadas para todo el Mes de la Juventud, que se realizar\u00e1 del 1 al 31 de agosto, en el marco del D\u00eda Internacional de la Juventud. Estas actividades abarcan desde enriquecedores talleres educativos, pl\u00e1ticas, hasta proyectos comunitarios, expresiones art\u00edsticas y eventos deportivos.<\/p>\n\n\n\n<p>A trav\u00e9s de esta amplia gama de oportunidades, el Injeo se esfuerza por integrar y potenciar a las juventudes del estado en diversos aspectos de sus vidas.<\/p>\n\n\n\n<p>Para obtener m\u00e1s informaci\u00f3n sobre la programaci\u00f3n y c\u00f3mo participar, las personas interesadas pueden consultar las redes sociales oficiales del Instituto de la Juventud o comunicarse al 951 672 29 89.<\/p>\n\n\n\n<p>-0-<\/p>\n","protected":false},"excerpt":{"rendered":"<p>\u2022 Como parte de la conmemoraci\u00f3n por el D\u00eda Internacional de la Juventud, el Injeo&#8230;<\/p>\n","protected":false},"author":4,"featured_media":17298,"comment_status":"closed","ping_status":"open","sticky":false,"template":"","format":"standard","meta":{"footnotes":""},"categories":[9],"tags":[],"jetpack_sharing_enabled":true,"featured_image_urls":{"full":["https:\/\/contextoanalisisperiodistico.com\/wp-content\/uploads\/2023\/08\/IMG-20230812-WA0074.jpg",1280,853,false],"thumbnail":["https:\/\/contextoanalisisperiodistico.com\/wp-content\/uploads\/2023\/08\/IMG-20230812-WA0074-150x150.jpg",150,150,true],"medium":["https:\/\/contextoanalisisperiodistico.com\/wp-content\/uploads\/2023\/08\/IMG-20230812-WA0074-300x200.jpg",300,200,true],"medium_large":["https:\/\/contextoanalisisperiodistico.com\/wp-content\/uploads\/2023\/08\/IMG-20230812-WA0074-768x512.jpg",640,427,true],"large":["https:\/\/contextoanalisisperiodistico.com\/wp-content\/uploads\/2023\/08\/IMG-20230812-WA0074-1024x682.jpg",640,426,true],"1536x1536":["https:\/\/contextoanalisisperiodistico.com\/wp-content\/uploads\/2023\/08\/IMG-20230812-WA0074.jpg",1280,853,false],"2048x2048":["https:\/\/contextoanalisisperiodistico.com\/wp-content\/uploads\/2023\/08\/IMG-20230812-WA0074.jpg",1280,853,false],"covernews-slider-full":["https:\/\/contextoanalisisperiodistico.com\/wp-content\/uploads\/2023\/08\/IMG-20230812-WA0074-1115x715.jpg",1115,715,true],"covernews-slider-center":["https:\/\/contextoanalisisperiodistico.com\/wp-content\/uploads\/2023\/08\/IMG-20230812-WA0074-800x500.jpg",800,500,true],"covernews-featured":["https:\/\/contextoanalisisperiodistico.com\/wp-content\/uploads\/2023\/08\/IMG-20230812-WA0074-1024x682.jpg",1024,682,true],"covernews-medium":["https:\/\/contextoanalisisperiodistico.com\/wp-content\/uploads\/2023\/08\/IMG-20230812-WA0074-540x340.jpg",540,340,true],"covernews-medium-square":["https:\/\/contextoanalisisperiodistico.com\/wp-content\/uploads\/2023\/08\/IMG-20230812-WA0074-400x250.jpg",400,250,true]},"author_info":{"display_name":"Mario Gir\u00f3n","author_link":"https:\/\/contextoanalisisperiodistico.com\/index.php\/author\/director\/"},"category_info":"<a href=\"https:\/\/contextoanalisisperiodistico.com\/index.php\/category\/politica\/\" rel=\"category tag\">Pol\u00edtica<\/a>","tag_info":"Pol\u00edtica","comment_count":"0","jetpack_featured_media_url":"https:\/\/contextoanalisisperiodistico.com\/wp-content\/uploads\/2023\/08\/IMG-20230812-WA0074.jpg","_links":{"self":[{"href":"https:\/\/contextoanalisisperiodistico.com\/index.php\/wp-json\/wp\/v2\/posts\/17297"}],"collection":[{"href":"https:\/\/contextoanalisisperiodistico.com\/index.php\/wp-json\/wp\/v2\/posts"}],"about":[{"href":"https:\/\/contextoanalisisperiodistico.com\/index.php\/wp-json\/wp\/v2\/types\/post"}],"author":[{"embeddable":true,"href":"https:\/\/contextoanalisisperiodistico.com\/index.php\/wp-json\/wp\/v2\/users\/4"}],"replies":[{"embeddable":true,"href":"https:\/\/contextoanalisisperiodistico.com\/index.php\/wp-json\/wp\/v2\/comments?post=17297"}],"version-history":[{"count":1,"href":"https:\/\/contextoanalisisperiodistico.com\/index.php\/wp-json\/wp\/v2\/posts\/17297\/revisions"}],"predecessor-version":[{"id":17302,"href":"https:\/\/contextoanalisisperiodistico.com\/index.php\/wp-json\/wp\/v2\/posts\/17297\/revisions\/17302"}],"wp:featuredmedia":[{"embeddable":true,"href":"https:\/\/contextoanalisisperiodistico.com\/index.php\/wp-json\/wp\/v2\/media\/17298"}],"wp:attachment":[{"href":"https:\/\/contextoanalisisperiodistico.com\/index.php\/wp-json\/wp\/v2\/media?parent=17297"}],"wp:term":[{"taxonomy":"category","embeddable":true,"href":"https:\/\/contextoanalisisperiodistico.com\/index.php\/wp-json\/wp\/v2\/categories?post=17297"},{"taxonomy":"post_tag","embeddable":true,"href":"https:\/\/contextoanalisisperiodistico.com\/index.php\/wp-json\/wp\/v2\/tags?post=17297"}],"curies":[{"name":"wp","href":"https:\/\/api.w.org\/{rel}","templated":true}]}}