{"id":17276,"date":"2023-08-12T12:38:21","date_gmt":"2023-08-12T18:38:21","guid":{"rendered":"https:\/\/contextoanalisisperiodistico.com\/?p=17276"},"modified":"2023-08-12T12:38:39","modified_gmt":"2023-08-12T18:38:39","slug":"avanza-la-restauracion-del-patrimonio-cultural-del-istmo","status":"publish","type":"post","link":"https:\/\/contextoanalisisperiodistico.com\/index.php\/2023\/08\/12\/avanza-la-restauracion-del-patrimonio-cultural-del-istmo\/","title":{"rendered":"<em>Avanza la restauraci\u00f3n del patrimonio cultural del Istmo<\/em>"},"content":{"rendered":"<div id=\"fb-root\"><\/div>\n\n<figure class=\"wp-block-image size-large\"><img fetchpriority=\"high\" decoding=\"async\" width=\"1024\" height=\"682\" src=\"https:\/\/contextoanalisisperiodistico.com\/wp-content\/uploads\/2023\/08\/img-20230812-wa00417893624808453010846-1024x682.jpg\" alt=\"\" class=\"wp-image-17279\" srcset=\"https:\/\/contextoanalisisperiodistico.com\/wp-content\/uploads\/2023\/08\/img-20230812-wa00417893624808453010846-1024x682.jpg 1024w, https:\/\/contextoanalisisperiodistico.com\/wp-content\/uploads\/2023\/08\/img-20230812-wa00417893624808453010846-300x200.jpg 300w, https:\/\/contextoanalisisperiodistico.com\/wp-content\/uploads\/2023\/08\/img-20230812-wa00417893624808453010846-768x512.jpg 768w, https:\/\/contextoanalisisperiodistico.com\/wp-content\/uploads\/2023\/08\/img-20230812-wa00417893624808453010846-1536x1023.jpg 1536w, https:\/\/contextoanalisisperiodistico.com\/wp-content\/uploads\/2023\/08\/img-20230812-wa00417893624808453010846.jpg 1600w\" sizes=\"(max-width: 1024px) 100vw, 1024px\" \/><\/figure>\n\n\n\n<figure class=\"wp-block-image\"><img decoding=\"async\" width=\"682\" height=\"1024\" src=\"https:\/\/contextoanalisisperiodistico.com\/wp-content\/uploads\/2023\/08\/img-20230812-wa00393010435566558383200-682x1024.jpg\" alt=\"\" class=\"wp-image-17278\" srcset=\"https:\/\/contextoanalisisperiodistico.com\/wp-content\/uploads\/2023\/08\/img-20230812-wa00393010435566558383200-682x1024.jpg 682w, https:\/\/contextoanalisisperiodistico.com\/wp-content\/uploads\/2023\/08\/img-20230812-wa00393010435566558383200-200x300.jpg 200w, https:\/\/contextoanalisisperiodistico.com\/wp-content\/uploads\/2023\/08\/img-20230812-wa00393010435566558383200-768x1153.jpg 768w, https:\/\/contextoanalisisperiodistico.com\/wp-content\/uploads\/2023\/08\/img-20230812-wa00393010435566558383200-1023x1536.jpg 1023w, https:\/\/contextoanalisisperiodistico.com\/wp-content\/uploads\/2023\/08\/img-20230812-wa00393010435566558383200-1024x1537.jpg 1024w, https:\/\/contextoanalisisperiodistico.com\/wp-content\/uploads\/2023\/08\/img-20230812-wa00393010435566558383200.jpg 1066w\" sizes=\"(max-width: 682px) 100vw, 682px\" \/><\/figure>\n\n\n\n<figure class=\"wp-block-image\"><img decoding=\"async\" width=\"1024\" height=\"682\" src=\"https:\/\/contextoanalisisperiodistico.com\/wp-content\/uploads\/2023\/08\/img-20230812-wa00448228128423211233233-1024x682.jpg\" alt=\"\" class=\"wp-image-17280\" srcset=\"https:\/\/contextoanalisisperiodistico.com\/wp-content\/uploads\/2023\/08\/img-20230812-wa00448228128423211233233-1024x682.jpg 1024w, https:\/\/contextoanalisisperiodistico.com\/wp-content\/uploads\/2023\/08\/img-20230812-wa00448228128423211233233-300x200.jpg 300w, https:\/\/contextoanalisisperiodistico.com\/wp-content\/uploads\/2023\/08\/img-20230812-wa00448228128423211233233-768x512.jpg 768w, https:\/\/contextoanalisisperiodistico.com\/wp-content\/uploads\/2023\/08\/img-20230812-wa00448228128423211233233-1536x1023.jpg 1536w, https:\/\/contextoanalisisperiodistico.com\/wp-content\/uploads\/2023\/08\/img-20230812-wa00448228128423211233233.jpg 1600w\" sizes=\"(max-width: 1024px) 100vw, 1024px\" \/><\/figure>\n\n\n\n<figure class=\"wp-block-image\"><img loading=\"lazy\" decoding=\"async\" width=\"1024\" height=\"682\" src=\"https:\/\/contextoanalisisperiodistico.com\/wp-content\/uploads\/2023\/08\/img-20230812-wa00437403817172311157004-1024x682.jpg\" alt=\"\" class=\"wp-image-17281\" srcset=\"https:\/\/contextoanalisisperiodistico.com\/wp-content\/uploads\/2023\/08\/img-20230812-wa00437403817172311157004-1024x682.jpg 1024w, https:\/\/contextoanalisisperiodistico.com\/wp-content\/uploads\/2023\/08\/img-20230812-wa00437403817172311157004-300x200.jpg 300w, https:\/\/contextoanalisisperiodistico.com\/wp-content\/uploads\/2023\/08\/img-20230812-wa00437403817172311157004-768x512.jpg 768w, https:\/\/contextoanalisisperiodistico.com\/wp-content\/uploads\/2023\/08\/img-20230812-wa00437403817172311157004-1536x1023.jpg 1536w, https:\/\/contextoanalisisperiodistico.com\/wp-content\/uploads\/2023\/08\/img-20230812-wa00437403817172311157004.jpg 1600w\" sizes=\"(max-width: 1024px) 100vw, 1024px\" \/><\/figure>\n\n\n\n<figure class=\"wp-block-image\"><img loading=\"lazy\" decoding=\"async\" width=\"1024\" height=\"682\" src=\"https:\/\/contextoanalisisperiodistico.com\/wp-content\/uploads\/2023\/08\/img-20230812-wa00425443810215290212149-1024x682.jpg\" alt=\"\" class=\"wp-image-17282\" srcset=\"https:\/\/contextoanalisisperiodistico.com\/wp-content\/uploads\/2023\/08\/img-20230812-wa00425443810215290212149-1024x682.jpg 1024w, https:\/\/contextoanalisisperiodistico.com\/wp-content\/uploads\/2023\/08\/img-20230812-wa00425443810215290212149-300x200.jpg 300w, https:\/\/contextoanalisisperiodistico.com\/wp-content\/uploads\/2023\/08\/img-20230812-wa00425443810215290212149-768x512.jpg 768w, https:\/\/contextoanalisisperiodistico.com\/wp-content\/uploads\/2023\/08\/img-20230812-wa00425443810215290212149-1536x1023.jpg 1536w, https:\/\/contextoanalisisperiodistico.com\/wp-content\/uploads\/2023\/08\/img-20230812-wa00425443810215290212149.jpg 1600w\" sizes=\"(max-width: 1024px) 100vw, 1024px\" \/><\/figure>\n\n\n\n<p>-El Gobernador Salom\u00f3n Jara Cruz y la secretaria de Cultura del Gobierno de M\u00e9xico Alejandra Frausto Guerrero supervisaron los trabajos de restauraci\u00f3n del antiguo convento dominico del siglo XVI Rey Cosijopi<\/p>\n\n\n\n<p>Santo Domingo Tehuantepec, Oax. 12 de agosto de 2023. En su gira de trabajo por el Istmo de Tehuantepec, el Gobernador Salom\u00f3n Jara Cruz y la secretaria de Cultura del Gobierno de M\u00e9xico Alejandra Frausto Guerrero recorrieron el antiguo convento dominico del siglo XVI Rey Cosijopi, donde supervisaron los trabajos de restauraci\u00f3n que se realizan.<\/p>\n\n\n\n<p>Este inmueble fue afectado durante los sismos de 2017, y es el m\u00e1s emblem\u00e1tico en Santo Domingo Tehuantepec toda vez que fusiona la cultura occidental y la cultura ind\u00edgena, al dar cuenta en sus cimientos la cultura zapoteca de este municipio y la influencia cat\u00f3lica religiosa.<\/p>\n\n\n\n<p>De esta manera, el Mandatario Estatal agradeci\u00f3 el apoyo del Gobierno de M\u00e9xico que encabeza el Presidente Andr\u00e9s Manuel L\u00f3pez Obrador para intervenir los inmuebles afectados hace siete a\u00f1os y que son patrimonio cultural de las y los oaxaque\u00f1os, al se\u00f1alar que esta visita se enmarca en el reciente anuncio de la Secretar\u00eda de Cultura Federal en el que se atender\u00e1n 301 inmuebles que est\u00e1n por concluir su restauraci\u00f3n en este a\u00f1o con una inversi\u00f3n de 945.9 millones de pesos.<\/p>\n\n\n\n<p>De este monto destaca la inversi\u00f3n de 685 millones de pesos para la intervenci\u00f3n de 202 obras del patrimonio arquitect\u00f3nico.<\/p>\n\n\n\n<p>Expres\u00f3 que la restauraci\u00f3n y conservaci\u00f3n de los inmuebles abona a su proyecto de gobierno enfocado a la Reparaci\u00f3n Hist\u00f3rica de los Pueblos, por lo que ratific\u00f3 la voluntad de avanzar en esta ruta de la mano y con la participaci\u00f3n de las comunidades.<\/p>\n\n\n\n<p>En su oportunidad, la secretaria de Cultura Federal, Alejandra Frausto Guerrero refrend\u00f3 el compromiso del Gobierno de M\u00e9xico para restaurar los inmuebles da\u00f1ados que dan cuenta de la historia del pa\u00eds.<\/p>\n\n\n\n<p>Inform\u00f3 que en este municipio se intervendr\u00e1n 35 obras con 80 millones de pesos, de las cuales 23 son viviendas patrimoniales.<\/p>\n\n\n\n<p>\u00abCon esto concluimos el trabajo de reconstrucci\u00f3n para el bien de la comunidad\u00bb, dijo.<\/p>\n\n\n\n<p>Entre los trabajos que se constataron destacan la restauraci\u00f3n de muros, cubierta y pintura murales del siglo XVII, XVIII y XIX.<br>Este recorrido se suma a la supervisi\u00f3n de los trabajos de restauraci\u00f3n del templo de San Vicente Ferrer que realizaron este viernes en el municipio zapoteco de Juchit\u00e1n de Zaragoza.<\/p>\n\n\n\n<p><\/p>\n","protected":false},"excerpt":{"rendered":"<p>-El Gobernador Salom\u00f3n Jara Cruz y la secretaria de Cultura del Gobierno de M\u00e9xico Alejandra&#8230;<\/p>\n","protected":false},"author":4,"featured_media":17277,"comment_status":"closed","ping_status":"open","sticky":false,"template":"","format":"standard","meta":{"footnotes":""},"categories":[9],"tags":[],"jetpack_sharing_enabled":true,"featured_image_urls":{"full":["https:\/\/contextoanalisisperiodistico.com\/wp-content\/uploads\/2023\/08\/IMG-20230812-WA0038.jpg",1600,1066,false],"thumbnail":["https:\/\/contextoanalisisperiodistico.com\/wp-content\/uploads\/2023\/08\/IMG-20230812-WA0038-150x150.jpg",150,150,true],"medium":["https:\/\/contextoanalisisperiodistico.com\/wp-content\/uploads\/2023\/08\/IMG-20230812-WA0038-300x200.jpg",300,200,true],"medium_large":["https:\/\/contextoanalisisperiodistico.com\/wp-content\/uploads\/2023\/08\/IMG-20230812-WA0038-768x512.jpg",640,427,true],"large":["https:\/\/contextoanalisisperiodistico.com\/wp-content\/uploads\/2023\/08\/IMG-20230812-WA0038-1024x682.jpg",640,426,true],"1536x1536":["https:\/\/contextoanalisisperiodistico.com\/wp-content\/uploads\/2023\/08\/IMG-20230812-WA0038-1536x1023.jpg",1536,1023,true],"2048x2048":["https:\/\/contextoanalisisperiodistico.com\/wp-content\/uploads\/2023\/08\/IMG-20230812-WA0038.jpg",1600,1066,false],"covernews-slider-full":["https:\/\/contextoanalisisperiodistico.com\/wp-content\/uploads\/2023\/08\/IMG-20230812-WA0038-1115x715.jpg",1115,715,true],"covernews-slider-center":["https:\/\/contextoanalisisperiodistico.com\/wp-content\/uploads\/2023\/08\/IMG-20230812-WA0038-800x500.jpg",800,500,true],"covernews-featured":["https:\/\/contextoanalisisperiodistico.com\/wp-content\/uploads\/2023\/08\/IMG-20230812-WA0038-1024x682.jpg",1024,682,true],"covernews-medium":["https:\/\/contextoanalisisperiodistico.com\/wp-content\/uploads\/2023\/08\/IMG-20230812-WA0038-540x340.jpg",540,340,true],"covernews-medium-square":["https:\/\/contextoanalisisperiodistico.com\/wp-content\/uploads\/2023\/08\/IMG-20230812-WA0038-400x250.jpg",400,250,true]},"author_info":{"display_name":"Mario Gir\u00f3n","author_link":"https:\/\/contextoanalisisperiodistico.com\/index.php\/author\/director\/"},"category_info":"<a href=\"https:\/\/contextoanalisisperiodistico.com\/index.php\/category\/politica\/\" rel=\"category tag\">Pol\u00edtica<\/a>","tag_info":"Pol\u00edtica","comment_count":"0","jetpack_featured_media_url":"https:\/\/contextoanalisisperiodistico.com\/wp-content\/uploads\/2023\/08\/IMG-20230812-WA0038.jpg","_links":{"self":[{"href":"https:\/\/contextoanalisisperiodistico.com\/index.php\/wp-json\/wp\/v2\/posts\/17276"}],"collection":[{"href":"https:\/\/contextoanalisisperiodistico.com\/index.php\/wp-json\/wp\/v2\/posts"}],"about":[{"href":"https:\/\/contextoanalisisperiodistico.com\/index.php\/wp-json\/wp\/v2\/types\/post"}],"author":[{"embeddable":true,"href":"https:\/\/contextoanalisisperiodistico.com\/index.php\/wp-json\/wp\/v2\/users\/4"}],"replies":[{"embeddable":true,"href":"https:\/\/contextoanalisisperiodistico.com\/index.php\/wp-json\/wp\/v2\/comments?post=17276"}],"version-history":[{"count":1,"href":"https:\/\/contextoanalisisperiodistico.com\/index.php\/wp-json\/wp\/v2\/posts\/17276\/revisions"}],"predecessor-version":[{"id":17283,"href":"https:\/\/contextoanalisisperiodistico.com\/index.php\/wp-json\/wp\/v2\/posts\/17276\/revisions\/17283"}],"wp:featuredmedia":[{"embeddable":true,"href":"https:\/\/contextoanalisisperiodistico.com\/index.php\/wp-json\/wp\/v2\/media\/17277"}],"wp:attachment":[{"href":"https:\/\/contextoanalisisperiodistico.com\/index.php\/wp-json\/wp\/v2\/media?parent=17276"}],"wp:term":[{"taxonomy":"category","embeddable":true,"href":"https:\/\/contextoanalisisperiodistico.com\/index.php\/wp-json\/wp\/v2\/categories?post=17276"},{"taxonomy":"post_tag","embeddable":true,"href":"https:\/\/contextoanalisisperiodistico.com\/index.php\/wp-json\/wp\/v2\/tags?post=17276"}],"curies":[{"name":"wp","href":"https:\/\/api.w.org\/{rel}","templated":true}]}}