{"id":17162,"date":"2023-08-09T20:50:11","date_gmt":"2023-08-10T02:50:11","guid":{"rendered":"https:\/\/contextoanalisisperiodistico.com\/index.php\/2023\/08\/09\/impartir-justicia-de-manera-eficiente-tarea-del-tjacco-presidente-mateo-martinez\/"},"modified":"2023-08-09T20:50:11","modified_gmt":"2023-08-10T02:50:11","slug":"impartir-justicia-de-manera-eficiente-tarea-del-tjacco-presidente-mateo-martinez","status":"publish","type":"post","link":"https:\/\/contextoanalisisperiodistico.com\/index.php\/2023\/08\/09\/impartir-justicia-de-manera-eficiente-tarea-del-tjacco-presidente-mateo-martinez\/","title":{"rendered":"Impartir justicia de manera eficiente, tarea del TJACCO: presidente Mateo Mart\u00ednez"},"content":{"rendered":"<div id=\"fb-root\"><\/div>\n\n<p><strong>&nbsp;<\/strong><\/p>\n\n\n\n<p>&nbsp;<\/p>\n\n\n\n<ul>\n<li>Del 08 de agosto al 21 de septiembre realizar\u00e1 capacitaciones al personal.<\/li>\n<\/ul>\n\n\n\n<p>&nbsp;<\/p>\n\n\n\n<p>Oaxaca de Ju\u00e1rez, OAX.- El Tribunal de Justicia Administrativa y Combate a la Corrupci\u00f3n en el estado de Oaxaca TJACCO), realizar\u00e1 del 08 de agosto al 21 de septiembre, las Jornadas de Actualizaci\u00f3n en Justicia Administrativa, dirigida al personal de este \u00f3rgano jurisdiccional.<\/p>\n\n\n\n<p>Dicha capacitaci\u00f3n busca actualizar los conocimientos te\u00f3ricos y pr\u00e1cticos a fin de hacer m\u00e1s eficiente la impartici\u00f3n de justicia, indic\u00f3 el Magistrado Presidente del TJACCO, Mateo Mart\u00ednez Mart\u00ednez.<\/p>\n\n\n\n<p>&nbsp;<\/p>\n\n\n\n<p>A lo largo del curso, el personal del \u00f3rgano jurisdiccional, revisar\u00e1 en temas como el <em>Acto y procedimiento administrativo (casos pr\u00e1cticos estatales y municipales); <\/em><em>Juicio contencioso administrativo; el ordenamiento jur\u00eddico municipal; Elementos integradores de la hacienda p\u00fablica estatal y municipal.<\/em><\/p>\n\n\n\n<p><em>&nbsp;<\/em><\/p>\n\n\n\n<p>As\u00ed como el <em>expediente administrativo; los procesos de fiscalizaci\u00f3n en el marco de responsabilidades administrativas del sistema nacional anticorrupci\u00f3n; El garantismo penal en el procedimiento de responsabilidad administrativa;<\/em> entre otros, que reforzar\u00e1n el conocimiento acerca de la actividad de la administraci\u00f3n p\u00fablica estatal y municipal que es objeto de controversia en los juicios administrativos.<\/p>\n\n\n\n<p>&nbsp;<\/p>\n\n\n\n<p>El curso, contar\u00e1 con la participaci\u00f3n de las Magistradas y Magistrados integrantes del \u00f3rgano jurisdiccional, as\u00ed como del personal especializado en la materia con que cuenta el Tribunal.<\/p>\n\n\n\n<p>&nbsp;<\/p>\n\n\n\n<p>Mateo Mart\u00ednez Mart\u00ednez, se\u00f1ala que \u201ceste conocimiento permitir\u00e1 mejorar la calidad de las sentencias en cuanto al an\u00e1lisis de la legalidad de cada caso, y garantizar la tutela judicial efectiva\u201d.<\/p>\n\n\n\n<p>&nbsp;<\/p>\n\n\n\n<p>Por ello dijo, es importante reconocer y fortalecer los conocimientos y experiencia del talento humano que conforma este Tribunal, al tiempo de se\u00f1alar que estas jornadas son el inicio de una capacitaci\u00f3n constante que tendr\u00e1 el \u00f3rgano jurisdiccional.<\/p>\n\n\n\n<p>&nbsp;<\/p>\n\n\n\n<p>&nbsp;<\/p>\n","protected":false},"excerpt":{"rendered":"<p>&nbsp; &nbsp; &nbsp; Oaxaca de Ju\u00e1rez, OAX.- El Tribunal de Justicia Administrativa y Combate a&#8230;<\/p>\n","protected":false},"author":4,"featured_media":17161,"comment_status":"","ping_status":"open","sticky":false,"template":"","format":"standard","meta":{"footnotes":""},"categories":[9],"tags":[],"jetpack_sharing_enabled":true,"featured_image_urls":{"full":["https:\/\/contextoanalisisperiodistico.com\/wp-content\/uploads\/2023\/08\/JornadadeactualizacioCC81n-Tribunal28129.png",6912,3456,false],"thumbnail":["https:\/\/contextoanalisisperiodistico.com\/wp-content\/uploads\/2023\/08\/JornadadeactualizacioCC81n-Tribunal28129-150x150.png",150,150,true],"medium":["https:\/\/contextoanalisisperiodistico.com\/wp-content\/uploads\/2023\/08\/JornadadeactualizacioCC81n-Tribunal28129-300x150.png",300,150,true],"medium_large":["https:\/\/contextoanalisisperiodistico.com\/wp-content\/uploads\/2023\/08\/JornadadeactualizacioCC81n-Tribunal28129-768x384.png",640,320,true],"large":["https:\/\/contextoanalisisperiodistico.com\/wp-content\/uploads\/2023\/08\/JornadadeactualizacioCC81n-Tribunal28129-1024x512.png",640,320,true],"1536x1536":["https:\/\/contextoanalisisperiodistico.com\/wp-content\/uploads\/2023\/08\/JornadadeactualizacioCC81n-Tribunal28129-1536x768.png",1536,768,true],"2048x2048":["https:\/\/contextoanalisisperiodistico.com\/wp-content\/uploads\/2023\/08\/JornadadeactualizacioCC81n-Tribunal28129-2048x1024.png",2048,1024,true],"covernews-slider-full":["https:\/\/contextoanalisisperiodistico.com\/wp-content\/uploads\/2023\/08\/JornadadeactualizacioCC81n-Tribunal28129-1115x715.png",1115,715,true],"covernews-slider-center":["https:\/\/contextoanalisisperiodistico.com\/wp-content\/uploads\/2023\/08\/JornadadeactualizacioCC81n-Tribunal28129-800x500.png",800,500,true],"covernews-featured":["https:\/\/contextoanalisisperiodistico.com\/wp-content\/uploads\/2023\/08\/JornadadeactualizacioCC81n-Tribunal28129-1024x512.png",1024,512,true],"covernews-medium":["https:\/\/contextoanalisisperiodistico.com\/wp-content\/uploads\/2023\/08\/JornadadeactualizacioCC81n-Tribunal28129-540x340.png",540,340,true],"covernews-medium-square":["https:\/\/contextoanalisisperiodistico.com\/wp-content\/uploads\/2023\/08\/JornadadeactualizacioCC81n-Tribunal28129-400x250.png",400,250,true]},"author_info":{"display_name":"Mario Gir\u00f3n","author_link":"https:\/\/contextoanalisisperiodistico.com\/index.php\/author\/director\/"},"category_info":"<a href=\"https:\/\/contextoanalisisperiodistico.com\/index.php\/category\/politica\/\" rel=\"category tag\">Pol\u00edtica<\/a>","tag_info":"Pol\u00edtica","comment_count":"0","jetpack_featured_media_url":"https:\/\/contextoanalisisperiodistico.com\/wp-content\/uploads\/2023\/08\/JornadadeactualizacioCC81n-Tribunal28129.png","_links":{"self":[{"href":"https:\/\/contextoanalisisperiodistico.com\/index.php\/wp-json\/wp\/v2\/posts\/17162"}],"collection":[{"href":"https:\/\/contextoanalisisperiodistico.com\/index.php\/wp-json\/wp\/v2\/posts"}],"about":[{"href":"https:\/\/contextoanalisisperiodistico.com\/index.php\/wp-json\/wp\/v2\/types\/post"}],"author":[{"embeddable":true,"href":"https:\/\/contextoanalisisperiodistico.com\/index.php\/wp-json\/wp\/v2\/users\/4"}],"replies":[{"embeddable":true,"href":"https:\/\/contextoanalisisperiodistico.com\/index.php\/wp-json\/wp\/v2\/comments?post=17162"}],"version-history":[{"count":0,"href":"https:\/\/contextoanalisisperiodistico.com\/index.php\/wp-json\/wp\/v2\/posts\/17162\/revisions"}],"wp:featuredmedia":[{"embeddable":true,"href":"https:\/\/contextoanalisisperiodistico.com\/index.php\/wp-json\/wp\/v2\/media\/17161"}],"wp:attachment":[{"href":"https:\/\/contextoanalisisperiodistico.com\/index.php\/wp-json\/wp\/v2\/media?parent=17162"}],"wp:term":[{"taxonomy":"category","embeddable":true,"href":"https:\/\/contextoanalisisperiodistico.com\/index.php\/wp-json\/wp\/v2\/categories?post=17162"},{"taxonomy":"post_tag","embeddable":true,"href":"https:\/\/contextoanalisisperiodistico.com\/index.php\/wp-json\/wp\/v2\/tags?post=17162"}],"curies":[{"name":"wp","href":"https:\/\/api.w.org\/{rel}","templated":true}]}}