{"id":17145,"date":"2023-08-09T18:29:54","date_gmt":"2023-08-10T00:29:54","guid":{"rendered":"https:\/\/contextoanalisisperiodistico.com\/index.php\/2023\/08\/09\/sin-costo-lentes-graduados-entrega-fundacion-nino-en-zaachila\/"},"modified":"2023-08-09T18:29:54","modified_gmt":"2023-08-10T00:29:54","slug":"sin-costo-lentes-graduados-entrega-fundacion-nino-en-zaachila","status":"publish","type":"post","link":"https:\/\/contextoanalisisperiodistico.com\/index.php\/2023\/08\/09\/sin-costo-lentes-graduados-entrega-fundacion-nino-en-zaachila\/","title":{"rendered":"Sin costo, lentes graduados entrega Fundaci\u00f3n Nino en Zaachila"},"content":{"rendered":"<div id=\"fb-root\"><\/div>\n\n<p>*M\u00e1s de mil personas fueron beneficiadas en esta poblaci\u00f3n<\/p>\n\n\n\n<p>Villa de Zaachila, 9 de agosto de 2023.-<br \/>M\u00e1s de mil lentes graduados, entreg\u00f3 de manera gratuita la Fundaci\u00f3n Nino en esta poblaci\u00f3n, como parte de la jornada visual que realiza en distintos municipios del estado.<\/p>\n\n\n\n<p>El prop\u00f3sito de la Fundaci\u00f3n Nino, es apoyar en la econom\u00eda familiar y de manera especial en mejorar la calidad de vida de la poblaci\u00f3n que as\u00ed lo necesite, por lo que m\u00e9dicos especialistas, acuden previamente a cada municipio para hacer la revisi\u00f3n oftalmol\u00f3gica.<\/p>\n\n\n\n<p>Una vez realizada la revisi\u00f3n visual, la Fundaci\u00f3n Nino, hace la entrega personalizada de cada anteojo y lo hace de manera p\u00fablica en presencia de las autoridades locales.<\/p>\n\n\n\n<p>Cabe mencionar que las personas beneficiadas, entre ni\u00f1os, ni\u00f1as, hombres, mujeres y adultos mayores, de este municipio ubicado en los Valles Centrales, expresaron su agradecimiento, por los servicios recibidos y la amabilidad mostrada por los oftalm\u00f3logos en cada revisi\u00f3n visual y tambi\u00e9n por la coordinaci\u00f3n de cada etapa del proceso de entrega de los lentes, por parte de los representantes de la Fundaci\u00f3n Nino.<\/p>\n\n\n\n<figure class=\"wp-block-image size-large\"><img fetchpriority=\"high\" decoding=\"async\" width=\"1024\" height=\"576\" src=\"https:\/\/contextoanalisisperiodistico.com\/wp-content\/uploads\/2023\/08\/img-20230809-wa00475544482066935980006-1024x576.jpg\" alt=\"\" class=\"wp-image-17143\" srcset=\"https:\/\/contextoanalisisperiodistico.com\/wp-content\/uploads\/2023\/08\/img-20230809-wa00475544482066935980006-1024x576.jpg 1024w, https:\/\/contextoanalisisperiodistico.com\/wp-content\/uploads\/2023\/08\/img-20230809-wa00475544482066935980006-300x169.jpg 300w, https:\/\/contextoanalisisperiodistico.com\/wp-content\/uploads\/2023\/08\/img-20230809-wa00475544482066935980006-768x432.jpg 768w, https:\/\/contextoanalisisperiodistico.com\/wp-content\/uploads\/2023\/08\/img-20230809-wa00475544482066935980006.jpg 1080w\" sizes=\"(max-width: 1024px) 100vw, 1024px\" \/><\/figure>\n\n\n\n<figure class=\"wp-block-image\"><img decoding=\"async\" width=\"1024\" height=\"612\" src=\"https:\/\/contextoanalisisperiodistico.com\/wp-content\/uploads\/2023\/08\/img-20230809-wa00468690471042878394489-1024x612.jpg\" alt=\"\" class=\"wp-image-17144\" srcset=\"https:\/\/contextoanalisisperiodistico.com\/wp-content\/uploads\/2023\/08\/img-20230809-wa00468690471042878394489-1024x612.jpg 1024w, https:\/\/contextoanalisisperiodistico.com\/wp-content\/uploads\/2023\/08\/img-20230809-wa00468690471042878394489-300x179.jpg 300w, https:\/\/contextoanalisisperiodistico.com\/wp-content\/uploads\/2023\/08\/img-20230809-wa00468690471042878394489-768x459.jpg 768w, https:\/\/contextoanalisisperiodistico.com\/wp-content\/uploads\/2023\/08\/img-20230809-wa00468690471042878394489.jpg 1080w\" sizes=\"(max-width: 1024px) 100vw, 1024px\" \/><\/figure>\n","protected":false},"excerpt":{"rendered":"<p>*M\u00e1s de mil personas fueron beneficiadas en esta poblaci\u00f3n Villa de Zaachila, 9 de agosto&#8230;<\/p>\n","protected":false},"author":4,"featured_media":17142,"comment_status":"","ping_status":"open","sticky":false,"template":"","format":"standard","meta":{"footnotes":""},"categories":[9],"tags":[],"jetpack_sharing_enabled":true,"featured_image_urls":{"full":["https:\/\/contextoanalisisperiodistico.com\/wp-content\/uploads\/2023\/08\/IMG-20230809-WA0045.jpg",1080,608,false],"thumbnail":["https:\/\/contextoanalisisperiodistico.com\/wp-content\/uploads\/2023\/08\/IMG-20230809-WA0045-150x150.jpg",150,150,true],"medium":["https:\/\/contextoanalisisperiodistico.com\/wp-content\/uploads\/2023\/08\/IMG-20230809-WA0045-300x169.jpg",300,169,true],"medium_large":["https:\/\/contextoanalisisperiodistico.com\/wp-content\/uploads\/2023\/08\/IMG-20230809-WA0045-768x432.jpg",640,360,true],"large":["https:\/\/contextoanalisisperiodistico.com\/wp-content\/uploads\/2023\/08\/IMG-20230809-WA0045-1024x576.jpg",640,360,true],"1536x1536":["https:\/\/contextoanalisisperiodistico.com\/wp-content\/uploads\/2023\/08\/IMG-20230809-WA0045.jpg",1080,608,false],"2048x2048":["https:\/\/contextoanalisisperiodistico.com\/wp-content\/uploads\/2023\/08\/IMG-20230809-WA0045.jpg",1080,608,false],"covernews-slider-full":["https:\/\/contextoanalisisperiodistico.com\/wp-content\/uploads\/2023\/08\/IMG-20230809-WA0045.jpg",1080,608,false],"covernews-slider-center":["https:\/\/contextoanalisisperiodistico.com\/wp-content\/uploads\/2023\/08\/IMG-20230809-WA0045-800x500.jpg",800,500,true],"covernews-featured":["https:\/\/contextoanalisisperiodistico.com\/wp-content\/uploads\/2023\/08\/IMG-20230809-WA0045-1024x576.jpg",1024,576,true],"covernews-medium":["https:\/\/contextoanalisisperiodistico.com\/wp-content\/uploads\/2023\/08\/IMG-20230809-WA0045-540x340.jpg",540,340,true],"covernews-medium-square":["https:\/\/contextoanalisisperiodistico.com\/wp-content\/uploads\/2023\/08\/IMG-20230809-WA0045-400x250.jpg",400,250,true]},"author_info":{"display_name":"Mario Gir\u00f3n","author_link":"https:\/\/contextoanalisisperiodistico.com\/index.php\/author\/director\/"},"category_info":"<a href=\"https:\/\/contextoanalisisperiodistico.com\/index.php\/category\/politica\/\" rel=\"category tag\">Pol\u00edtica<\/a>","tag_info":"Pol\u00edtica","comment_count":"0","jetpack_featured_media_url":"https:\/\/contextoanalisisperiodistico.com\/wp-content\/uploads\/2023\/08\/IMG-20230809-WA0045.jpg","_links":{"self":[{"href":"https:\/\/contextoanalisisperiodistico.com\/index.php\/wp-json\/wp\/v2\/posts\/17145"}],"collection":[{"href":"https:\/\/contextoanalisisperiodistico.com\/index.php\/wp-json\/wp\/v2\/posts"}],"about":[{"href":"https:\/\/contextoanalisisperiodistico.com\/index.php\/wp-json\/wp\/v2\/types\/post"}],"author":[{"embeddable":true,"href":"https:\/\/contextoanalisisperiodistico.com\/index.php\/wp-json\/wp\/v2\/users\/4"}],"replies":[{"embeddable":true,"href":"https:\/\/contextoanalisisperiodistico.com\/index.php\/wp-json\/wp\/v2\/comments?post=17145"}],"version-history":[{"count":0,"href":"https:\/\/contextoanalisisperiodistico.com\/index.php\/wp-json\/wp\/v2\/posts\/17145\/revisions"}],"wp:featuredmedia":[{"embeddable":true,"href":"https:\/\/contextoanalisisperiodistico.com\/index.php\/wp-json\/wp\/v2\/media\/17142"}],"wp:attachment":[{"href":"https:\/\/contextoanalisisperiodistico.com\/index.php\/wp-json\/wp\/v2\/media?parent=17145"}],"wp:term":[{"taxonomy":"category","embeddable":true,"href":"https:\/\/contextoanalisisperiodistico.com\/index.php\/wp-json\/wp\/v2\/categories?post=17145"},{"taxonomy":"post_tag","embeddable":true,"href":"https:\/\/contextoanalisisperiodistico.com\/index.php\/wp-json\/wp\/v2\/tags?post=17145"}],"curies":[{"name":"wp","href":"https:\/\/api.w.org\/{rel}","templated":true}]}}