{"id":17128,"date":"2023-08-09T10:39:05","date_gmt":"2023-08-09T16:39:05","guid":{"rendered":"https:\/\/contextoanalisisperiodistico.com\/?p=17128"},"modified":"2023-08-09T10:39:24","modified_gmt":"2023-08-09T16:39:24","slug":"robustece-sso-trabajo-coordinado-para-la-transformacion-del-sistema-sanitario","status":"publish","type":"post","link":"https:\/\/contextoanalisisperiodistico.com\/index.php\/2023\/08\/09\/robustece-sso-trabajo-coordinado-para-la-transformacion-del-sistema-sanitario\/","title":{"rendered":"Robustece SSO trabajo coordinado para la transformaci\u00f3n del sistema sanitario"},"content":{"rendered":"<div id=\"fb-root\"><\/div>\n\n<p>\u2022 Realizan primera reuni\u00f3n de las ocho direcciones que integran los SSO<\/p>\n\n\n\n<p>Oaxaca de Ju\u00e1rez, Oax. 9 de agosto de 2023. A fin de consolidar el trabajo en equipo, crear lazos de cooperaci\u00f3n, adem\u00e1s de generar principios de solidaridad y responsabilidad compartida que garanticen avanzar en la transformaci\u00f3n y articulaci\u00f3n del sistema sanitario, se llev\u00f3 a cabo la Primera Reuni\u00f3n de Direcciones que integran los Servicios de Salud de Oaxaca (SSO).<\/p>\n\n\n\n<p>Al presidir el evento, la secretaria de Salud, Alma Lilia Velasco Hern\u00e1ndez se\u00f1al\u00f3 que para lograr el mejoramiento de las estrategias que impulsan los SSO se requiere de una alianza interna con un alto grado de compromiso, liderazgo, aunado a contar con la coordinaci\u00f3n, cooperaci\u00f3n y esfuerzo de todas y cada una de las personas que integran la dependencia.<\/p>\n\n\n\n<p>Al dirigirse a las m\u00e1s de 100 personas asistentes, la funcionaria mencion\u00f3 que ya no se trabajar\u00e1 por separado ni de manera aislada, \u201cahora, se reconoce la apertura, visi\u00f3n, actitud positiva e integraci\u00f3n de todas las \u00e1reas y las propuestas de cada compa\u00f1era y compa\u00f1ero; existe mucha gente con talento, con a\u00f1os de experiencia y capacidad resolutiva, los Servicios de Salud volver\u00e1n a florecer, para consolidarse como una instituci\u00f3n fuerte\u201d.<\/p>\n\n\n\n<p>Velasco Hern\u00e1ndez exhort\u00f3 a responsables de programas, a titulares de departamento, y personal directivo a buscar consensos y un enfoque de integralidad, a ser l\u00edderes para generar un mayor impacto en las actividades que se realizan en las ocho direcciones que conforman los SSO.<\/p>\n\n\n\n<p>Durante la presentaci\u00f3n trascendi\u00f3 que cada \u00e1rea integra l\u00edderes comprometidos en la b\u00fasqueda del bienestar de la poblaci\u00f3n, quienes, de manera coordinada, suman esfuerzos para contribuir a mejorar los niveles de salud de las comunidades; cada una de las personas asistentes expuso los objetivos y funciones prioritarias del plan de trabajo que tienen bajo responsabilidad.<\/p>\n\n\n\n<p>Cabe destacar que estuvieron presentes las direcciones de Prevenci\u00f3n y Promoci\u00f3n de la Salud, Atenci\u00f3n M\u00e9dica, Regulaci\u00f3n y Fomento Sanitario, Planeaci\u00f3n y Desarrollo, Ense\u00f1anza y Calidad, Administraci\u00f3n, Infraestructura, Mantenimiento y Servicios Generales, y Asuntos Jur\u00eddicos; as\u00ed como las personas titulares de las Coordinaciones de Jurisdicciones Sanitarias, Institucional, y General de Proyectos Estrat\u00e9gicos, entre otros.<\/p>\n\n\n\n<figure class=\"wp-block-image size-large\"><img fetchpriority=\"high\" decoding=\"async\" width=\"1024\" height=\"576\" src=\"https:\/\/contextoanalisisperiodistico.com\/wp-content\/uploads\/2023\/08\/img-20230809-wa00201138071873469996339-1024x576.jpg\" alt=\"\" class=\"wp-image-17131\" srcset=\"https:\/\/contextoanalisisperiodistico.com\/wp-content\/uploads\/2023\/08\/img-20230809-wa00201138071873469996339-1024x576.jpg 1024w, https:\/\/contextoanalisisperiodistico.com\/wp-content\/uploads\/2023\/08\/img-20230809-wa00201138071873469996339-300x169.jpg 300w, https:\/\/contextoanalisisperiodistico.com\/wp-content\/uploads\/2023\/08\/img-20230809-wa00201138071873469996339-768x432.jpg 768w, https:\/\/contextoanalisisperiodistico.com\/wp-content\/uploads\/2023\/08\/img-20230809-wa00201138071873469996339-1536x864.jpg 1536w, https:\/\/contextoanalisisperiodistico.com\/wp-content\/uploads\/2023\/08\/img-20230809-wa00201138071873469996339.jpg 1600w\" sizes=\"(max-width: 1024px) 100vw, 1024px\" \/><\/figure>\n\n\n\n<figure class=\"wp-block-image\"><img decoding=\"async\" width=\"1024\" height=\"576\" src=\"https:\/\/contextoanalisisperiodistico.com\/wp-content\/uploads\/2023\/08\/img-20230809-wa0025746095883718978306-1024x576.jpg\" alt=\"\" class=\"wp-image-17130\" srcset=\"https:\/\/contextoanalisisperiodistico.com\/wp-content\/uploads\/2023\/08\/img-20230809-wa0025746095883718978306-1024x576.jpg 1024w, https:\/\/contextoanalisisperiodistico.com\/wp-content\/uploads\/2023\/08\/img-20230809-wa0025746095883718978306-300x169.jpg 300w, https:\/\/contextoanalisisperiodistico.com\/wp-content\/uploads\/2023\/08\/img-20230809-wa0025746095883718978306-768x432.jpg 768w, https:\/\/contextoanalisisperiodistico.com\/wp-content\/uploads\/2023\/08\/img-20230809-wa0025746095883718978306-1536x864.jpg 1536w, https:\/\/contextoanalisisperiodistico.com\/wp-content\/uploads\/2023\/08\/img-20230809-wa0025746095883718978306.jpg 1600w\" sizes=\"(max-width: 1024px) 100vw, 1024px\" \/><\/figure>\n\n\n\n<figure class=\"wp-block-image\"><img decoding=\"async\" width=\"1024\" height=\"576\" src=\"https:\/\/contextoanalisisperiodistico.com\/wp-content\/uploads\/2023\/08\/img-20230809-wa00244198219187865821572-1024x576.jpg\" alt=\"\" class=\"wp-image-17132\" srcset=\"https:\/\/contextoanalisisperiodistico.com\/wp-content\/uploads\/2023\/08\/img-20230809-wa00244198219187865821572-1024x576.jpg 1024w, https:\/\/contextoanalisisperiodistico.com\/wp-content\/uploads\/2023\/08\/img-20230809-wa00244198219187865821572-300x169.jpg 300w, https:\/\/contextoanalisisperiodistico.com\/wp-content\/uploads\/2023\/08\/img-20230809-wa00244198219187865821572-768x432.jpg 768w, https:\/\/contextoanalisisperiodistico.com\/wp-content\/uploads\/2023\/08\/img-20230809-wa00244198219187865821572-1536x864.jpg 1536w, https:\/\/contextoanalisisperiodistico.com\/wp-content\/uploads\/2023\/08\/img-20230809-wa00244198219187865821572.jpg 1600w\" sizes=\"(max-width: 1024px) 100vw, 1024px\" \/><\/figure>\n\n\n\n<figure class=\"wp-block-image\"><img loading=\"lazy\" decoding=\"async\" width=\"1024\" height=\"576\" src=\"https:\/\/contextoanalisisperiodistico.com\/wp-content\/uploads\/2023\/08\/img-20230809-wa00211038106623362367324-1024x576.jpg\" alt=\"\" class=\"wp-image-17133\" srcset=\"https:\/\/contextoanalisisperiodistico.com\/wp-content\/uploads\/2023\/08\/img-20230809-wa00211038106623362367324-1024x576.jpg 1024w, https:\/\/contextoanalisisperiodistico.com\/wp-content\/uploads\/2023\/08\/img-20230809-wa00211038106623362367324-300x169.jpg 300w, https:\/\/contextoanalisisperiodistico.com\/wp-content\/uploads\/2023\/08\/img-20230809-wa00211038106623362367324-768x432.jpg 768w, https:\/\/contextoanalisisperiodistico.com\/wp-content\/uploads\/2023\/08\/img-20230809-wa00211038106623362367324-1536x864.jpg 1536w, https:\/\/contextoanalisisperiodistico.com\/wp-content\/uploads\/2023\/08\/img-20230809-wa00211038106623362367324.jpg 1600w\" sizes=\"(max-width: 1024px) 100vw, 1024px\" \/><\/figure>\n","protected":false},"excerpt":{"rendered":"<p>\u2022 Realizan primera reuni\u00f3n de las ocho direcciones que integran los SSO Oaxaca de Ju\u00e1rez,&#8230;<\/p>\n","protected":false},"author":4,"featured_media":17129,"comment_status":"closed","ping_status":"open","sticky":false,"template":"","format":"standard","meta":{"footnotes":""},"categories":[9],"tags":[],"jetpack_sharing_enabled":true,"featured_image_urls":{"full":["https:\/\/contextoanalisisperiodistico.com\/wp-content\/uploads\/2023\/08\/IMG-20230809-WA0023.jpg",1600,900,false],"thumbnail":["https:\/\/contextoanalisisperiodistico.com\/wp-content\/uploads\/2023\/08\/IMG-20230809-WA0023-150x150.jpg",150,150,true],"medium":["https:\/\/contextoanalisisperiodistico.com\/wp-content\/uploads\/2023\/08\/IMG-20230809-WA0023-300x169.jpg",300,169,true],"medium_large":["https:\/\/contextoanalisisperiodistico.com\/wp-content\/uploads\/2023\/08\/IMG-20230809-WA0023-768x432.jpg",640,360,true],"large":["https:\/\/contextoanalisisperiodistico.com\/wp-content\/uploads\/2023\/08\/IMG-20230809-WA0023-1024x576.jpg",640,360,true],"1536x1536":["https:\/\/contextoanalisisperiodistico.com\/wp-content\/uploads\/2023\/08\/IMG-20230809-WA0023-1536x864.jpg",1536,864,true],"2048x2048":["https:\/\/contextoanalisisperiodistico.com\/wp-content\/uploads\/2023\/08\/IMG-20230809-WA0023.jpg",1600,900,false],"covernews-slider-full":["https:\/\/contextoanalisisperiodistico.com\/wp-content\/uploads\/2023\/08\/IMG-20230809-WA0023-1115x715.jpg",1115,715,true],"covernews-slider-center":["https:\/\/contextoanalisisperiodistico.com\/wp-content\/uploads\/2023\/08\/IMG-20230809-WA0023-800x500.jpg",800,500,true],"covernews-featured":["https:\/\/contextoanalisisperiodistico.com\/wp-content\/uploads\/2023\/08\/IMG-20230809-WA0023-1024x576.jpg",1024,576,true],"covernews-medium":["https:\/\/contextoanalisisperiodistico.com\/wp-content\/uploads\/2023\/08\/IMG-20230809-WA0023-540x340.jpg",540,340,true],"covernews-medium-square":["https:\/\/contextoanalisisperiodistico.com\/wp-content\/uploads\/2023\/08\/IMG-20230809-WA0023-400x250.jpg",400,250,true]},"author_info":{"display_name":"Mario Gir\u00f3n","author_link":"https:\/\/contextoanalisisperiodistico.com\/index.php\/author\/director\/"},"category_info":"<a href=\"https:\/\/contextoanalisisperiodistico.com\/index.php\/category\/politica\/\" rel=\"category tag\">Pol\u00edtica<\/a>","tag_info":"Pol\u00edtica","comment_count":"0","jetpack_featured_media_url":"https:\/\/contextoanalisisperiodistico.com\/wp-content\/uploads\/2023\/08\/IMG-20230809-WA0023.jpg","_links":{"self":[{"href":"https:\/\/contextoanalisisperiodistico.com\/index.php\/wp-json\/wp\/v2\/posts\/17128"}],"collection":[{"href":"https:\/\/contextoanalisisperiodistico.com\/index.php\/wp-json\/wp\/v2\/posts"}],"about":[{"href":"https:\/\/contextoanalisisperiodistico.com\/index.php\/wp-json\/wp\/v2\/types\/post"}],"author":[{"embeddable":true,"href":"https:\/\/contextoanalisisperiodistico.com\/index.php\/wp-json\/wp\/v2\/users\/4"}],"replies":[{"embeddable":true,"href":"https:\/\/contextoanalisisperiodistico.com\/index.php\/wp-json\/wp\/v2\/comments?post=17128"}],"version-history":[{"count":1,"href":"https:\/\/contextoanalisisperiodistico.com\/index.php\/wp-json\/wp\/v2\/posts\/17128\/revisions"}],"predecessor-version":[{"id":17134,"href":"https:\/\/contextoanalisisperiodistico.com\/index.php\/wp-json\/wp\/v2\/posts\/17128\/revisions\/17134"}],"wp:featuredmedia":[{"embeddable":true,"href":"https:\/\/contextoanalisisperiodistico.com\/index.php\/wp-json\/wp\/v2\/media\/17129"}],"wp:attachment":[{"href":"https:\/\/contextoanalisisperiodistico.com\/index.php\/wp-json\/wp\/v2\/media?parent=17128"}],"wp:term":[{"taxonomy":"category","embeddable":true,"href":"https:\/\/contextoanalisisperiodistico.com\/index.php\/wp-json\/wp\/v2\/categories?post=17128"},{"taxonomy":"post_tag","embeddable":true,"href":"https:\/\/contextoanalisisperiodistico.com\/index.php\/wp-json\/wp\/v2\/tags?post=17128"}],"curies":[{"name":"wp","href":"https:\/\/api.w.org\/{rel}","templated":true}]}}