{"id":17084,"date":"2023-08-08T06:05:56","date_gmt":"2023-08-08T12:05:56","guid":{"rendered":"https:\/\/contextoanalisisperiodistico.com\/?p=17084"},"modified":"2023-08-08T06:06:34","modified_gmt":"2023-08-08T12:06:34","slug":"seran-distribuidos-en-oaxaca-mas-de-7-millones-de-libros-de-texto-gratuito-emilio-montero","status":"publish","type":"post","link":"https:\/\/contextoanalisisperiodistico.com\/index.php\/2023\/08\/08\/seran-distribuidos-en-oaxaca-mas-de-7-millones-de-libros-de-texto-gratuito-emilio-montero\/","title":{"rendered":"Ser\u00e1n distribuidos en Oaxaca m\u00e1s de 7 millones de libros de texto gratuito: Emilio Montero"},"content":{"rendered":"<div id=\"fb-root\"><\/div>\n\n<p>\u2022 El director general del IEEPO afirm\u00f3 que reconoce y respeta el esfuerzo de los colectivos estatales pedago\u0301gicos que han trabajado la ruta de fortalecer la autonomi\u0301a curricular<\/p>\n\n\n\n<p>Oaxaca de Ju\u00e1rez, Oax., 7 de agosto de 2023.- El Director General del Instituto Estatal de Educaci\u00f3n P\u00fablica de Oaxaca (IEEPO), Emilio Montero Pe\u0301rez informo\u0301 que ma\u0301s de 7 millones de libros de texto gratuitos fueron asignados a Oaxaca para el ciclo escolar 2023-2024. Estos materiales sera\u0301n distribuidos a trave\u0301s de los esquemas establecidos para que lleguen en tiempo y forma a todas las escuelas de nivel ba\u0301sico.<\/p>\n\n\n\n<p>\u201cLos libros de texto gratuitos son una herramienta pedago\u0301gica importante, no la u\u0301nica y adema\u0301s perfectible que el maestro podra\u0301 utilizar como gui\u0301a y conductor del proceso de ensen\u0303anza-aprendizaje, pues se reconoce la libertad de ca\u0301tedra y experiencia del docente, adema\u0301s se destaca el valor estimativo que tienen estos materiales dida\u0301cticos para los alumnos\u201d, se\u00f1al\u00f3.<\/p>\n\n\n\n<p>Montero P\u00e9rez resalt\u00f3 que \u201cen Oaxaca, la sociedad comprende no solo la trascendencia que, para desarrollar la esfera cognitiva del estudiante, tienen los libros de texto gratuitos, tambie\u0301n su valor social; en particular los de la educacio\u0301n Secundaria, ya que fueron producto de una conquista del magisterio con el respaldo del pueblo oaxaquen\u0303o\u201d.<\/p>\n\n\n\n<p>\u201cTambie\u0301n se reconoce y respeta el esfuerzo de los diferentes colectivos estatales pedago\u0301gicos que han trabajado la ruta de fortalecer la autonomi\u0301a curricular y han motivado la produccio\u0301n de materiales educativos que enriquecen el trabajo del aula\u201d, puntualizo\u0301.<\/p>\n\n\n\n<p>Durante su intervencio\u0301n en la conferencia matutina ofrecida por el Gobernador del Estado, Salomo\u0301n Jara Cruz, el Director General del IEEPO sen\u0303alo\u0301 que la institucio\u0301n esta\u0301 abierta a recibir propuestas de materiales educativos y dida\u0301cticos que fortalezcan la educacio\u0301n de Oaxaca a partir de los contextos regionales, locales y comunitarios que caracterizan a la entidad, como lo ha venido trabajando el magisterio.<\/p>\n\n\n\n<p>Asevero\u0301 que para el Gobierno del Estado el tema de los libros de texto gratuitos, a partir de su uso, debe revisarse permanentemente por los maestros, las maestras y la sociedad, con el propo\u0301sito de mejorarlo en el a\u0301mbito del quehacer pedago\u0301gico, no para motivar debates innecesarios que tengan pretensiones distintas al a\u0301mbito educativo.<\/p>\n","protected":false},"excerpt":{"rendered":"<p>\u2022 El director general del IEEPO afirm\u00f3 que reconoce y respeta el esfuerzo de los&#8230;<\/p>\n","protected":false},"author":4,"featured_media":17085,"comment_status":"closed","ping_status":"open","sticky":false,"template":"","format":"standard","meta":{"footnotes":""},"categories":[9],"tags":[],"jetpack_sharing_enabled":true,"featured_image_urls":{"full":["https:\/\/contextoanalisisperiodistico.com\/wp-content\/uploads\/2023\/08\/IMG-20230807-WA0095.jpg",1280,853,false],"thumbnail":["https:\/\/contextoanalisisperiodistico.com\/wp-content\/uploads\/2023\/08\/IMG-20230807-WA0095-150x150.jpg",150,150,true],"medium":["https:\/\/contextoanalisisperiodistico.com\/wp-content\/uploads\/2023\/08\/IMG-20230807-WA0095-300x200.jpg",300,200,true],"medium_large":["https:\/\/contextoanalisisperiodistico.com\/wp-content\/uploads\/2023\/08\/IMG-20230807-WA0095-768x512.jpg",640,427,true],"large":["https:\/\/contextoanalisisperiodistico.com\/wp-content\/uploads\/2023\/08\/IMG-20230807-WA0095-1024x682.jpg",640,426,true],"1536x1536":["https:\/\/contextoanalisisperiodistico.com\/wp-content\/uploads\/2023\/08\/IMG-20230807-WA0095.jpg",1280,853,false],"2048x2048":["https:\/\/contextoanalisisperiodistico.com\/wp-content\/uploads\/2023\/08\/IMG-20230807-WA0095.jpg",1280,853,false],"covernews-slider-full":["https:\/\/contextoanalisisperiodistico.com\/wp-content\/uploads\/2023\/08\/IMG-20230807-WA0095-1115x715.jpg",1115,715,true],"covernews-slider-center":["https:\/\/contextoanalisisperiodistico.com\/wp-content\/uploads\/2023\/08\/IMG-20230807-WA0095-800x500.jpg",800,500,true],"covernews-featured":["https:\/\/contextoanalisisperiodistico.com\/wp-content\/uploads\/2023\/08\/IMG-20230807-WA0095-1024x682.jpg",1024,682,true],"covernews-medium":["https:\/\/contextoanalisisperiodistico.com\/wp-content\/uploads\/2023\/08\/IMG-20230807-WA0095-540x340.jpg",540,340,true],"covernews-medium-square":["https:\/\/contextoanalisisperiodistico.com\/wp-content\/uploads\/2023\/08\/IMG-20230807-WA0095-400x250.jpg",400,250,true]},"author_info":{"display_name":"Mario Gir\u00f3n","author_link":"https:\/\/contextoanalisisperiodistico.com\/index.php\/author\/director\/"},"category_info":"<a href=\"https:\/\/contextoanalisisperiodistico.com\/index.php\/category\/politica\/\" rel=\"category tag\">Pol\u00edtica<\/a>","tag_info":"Pol\u00edtica","comment_count":"0","jetpack_featured_media_url":"https:\/\/contextoanalisisperiodistico.com\/wp-content\/uploads\/2023\/08\/IMG-20230807-WA0095.jpg","_links":{"self":[{"href":"https:\/\/contextoanalisisperiodistico.com\/index.php\/wp-json\/wp\/v2\/posts\/17084"}],"collection":[{"href":"https:\/\/contextoanalisisperiodistico.com\/index.php\/wp-json\/wp\/v2\/posts"}],"about":[{"href":"https:\/\/contextoanalisisperiodistico.com\/index.php\/wp-json\/wp\/v2\/types\/post"}],"author":[{"embeddable":true,"href":"https:\/\/contextoanalisisperiodistico.com\/index.php\/wp-json\/wp\/v2\/users\/4"}],"replies":[{"embeddable":true,"href":"https:\/\/contextoanalisisperiodistico.com\/index.php\/wp-json\/wp\/v2\/comments?post=17084"}],"version-history":[{"count":1,"href":"https:\/\/contextoanalisisperiodistico.com\/index.php\/wp-json\/wp\/v2\/posts\/17084\/revisions"}],"predecessor-version":[{"id":17086,"href":"https:\/\/contextoanalisisperiodistico.com\/index.php\/wp-json\/wp\/v2\/posts\/17084\/revisions\/17086"}],"wp:featuredmedia":[{"embeddable":true,"href":"https:\/\/contextoanalisisperiodistico.com\/index.php\/wp-json\/wp\/v2\/media\/17085"}],"wp:attachment":[{"href":"https:\/\/contextoanalisisperiodistico.com\/index.php\/wp-json\/wp\/v2\/media?parent=17084"}],"wp:term":[{"taxonomy":"category","embeddable":true,"href":"https:\/\/contextoanalisisperiodistico.com\/index.php\/wp-json\/wp\/v2\/categories?post=17084"},{"taxonomy":"post_tag","embeddable":true,"href":"https:\/\/contextoanalisisperiodistico.com\/index.php\/wp-json\/wp\/v2\/tags?post=17084"}],"curies":[{"name":"wp","href":"https:\/\/api.w.org\/{rel}","templated":true}]}}