{"id":17060,"date":"2023-08-06T21:14:31","date_gmt":"2023-08-07T03:14:31","guid":{"rendered":"https:\/\/contextoanalisisperiodistico.com\/index.php\/2023\/08\/06\/bienestar-justicia-paz-y-desarrollo-de-oaxaca-la-mision-laura-estrada-mauro\/"},"modified":"2023-08-06T21:14:31","modified_gmt":"2023-08-07T03:14:31","slug":"bienestar-justicia-paz-y-desarrollo-de-oaxaca-la-mision-laura-estrada-mauro","status":"publish","type":"post","link":"https:\/\/contextoanalisisperiodistico.com\/index.php\/2023\/08\/06\/bienestar-justicia-paz-y-desarrollo-de-oaxaca-la-mision-laura-estrada-mauro\/","title":{"rendered":"\u00abBienestar, justicia, paz y desarrollo de Oaxaca, la misi\u00f3n\u00bb: Laura Estrada Mauro"},"content":{"rendered":"<div id=\"fb-root\"><\/div>\n\n<p><em>Laura Estrada Mauro visit\u00f3 la Sierra de Flores Mag\u00f3n<\/em> junto con el gobernador, Salom\u00f3n Jara Cruz, quien como parte de su gira de trabajo sostuvo encuentros con la poblaci\u00f3n de varios municipios para dar a conocer las estrategias mediante las cuales resarcir\u00e1 la marginaci\u00f3n y el rezago de los pueblos de esta regi\u00f3n, como: \u00ab100 Municipios Territorios Bienestar\u00bb y \u00abTrabajo que Transforma tu Municipio\u00bb.<\/p>\n\n\n\n<p>La titular de la Secretar\u00eda de Bienestar, Tequio e Inclusi\u00f3n, Laura Estrada Mauro, en su mensaje coment\u00f3 que el Mandatario Estatal encabeza un gobierno cercano, sensible y de territorio, es por ello nuevamente recorre municipio por municipio para refrendar su compromiso e informar el trabajo que se realizar\u00e1.<\/p>\n\n\n\n<p>Al respecto, como titular de la Secretar\u00eda de Bienestar, Tequio e Inclusi\u00f3n, Laura Estrada reiter\u00f3 que cuentan con una aliada que mediante las acciones y programas que cuenta esta instancia dar\u00e1 atenci\u00f3n a las necesidades y demandas de la poblaci\u00f3n.<\/p>\n\n\n\n<p>\u201cLas comunidades de la Sierra de Flores Mag\u00f3n van a tener nuestro acompa\u00f1amiento como servidores p\u00fablicos. Nuestra misi\u00f3n es el bienestar, la justicia, la paz y el desarrollo de Oaxaca\u201d; coment\u00f3.<\/p>\n\n\n\n<p>Cabe destacar que las comunidades que recorrieron este domingo fueron San Jos\u00e9 Tenango; la agencia de San Andr\u00e9s Hidalgo, perteneciente al municipio de Huautla de Jim\u00e9nez; Santa Mar\u00eda Teopoxco y Teotitl\u00e1n de Flores Mag\u00f3n.<\/p>\n\n\n\n<figure class=\"wp-block-image size-large\"><img fetchpriority=\"high\" decoding=\"async\" width=\"1024\" height=\"802\" src=\"https:\/\/contextoanalisisperiodistico.com\/wp-content\/uploads\/2023\/08\/img-20230806-wa00879028591537798606593-1024x802.jpg\" alt=\"\" class=\"wp-image-17058\" srcset=\"https:\/\/contextoanalisisperiodistico.com\/wp-content\/uploads\/2023\/08\/img-20230806-wa00879028591537798606593-1024x802.jpg 1024w, https:\/\/contextoanalisisperiodistico.com\/wp-content\/uploads\/2023\/08\/img-20230806-wa00879028591537798606593-300x235.jpg 300w, https:\/\/contextoanalisisperiodistico.com\/wp-content\/uploads\/2023\/08\/img-20230806-wa00879028591537798606593-768x601.jpg 768w, https:\/\/contextoanalisisperiodistico.com\/wp-content\/uploads\/2023\/08\/img-20230806-wa00879028591537798606593.jpg 1280w\" sizes=\"(max-width: 1024px) 100vw, 1024px\" \/><\/figure>\n\n\n\n<figure class=\"wp-block-image\"><img decoding=\"async\" width=\"1024\" height=\"698\" src=\"https:\/\/contextoanalisisperiodistico.com\/wp-content\/uploads\/2023\/08\/img-20230806-wa00905284513446867635481-1024x698.jpg\" alt=\"\" class=\"wp-image-17057\" srcset=\"https:\/\/contextoanalisisperiodistico.com\/wp-content\/uploads\/2023\/08\/img-20230806-wa00905284513446867635481-1024x698.jpg 1024w, https:\/\/contextoanalisisperiodistico.com\/wp-content\/uploads\/2023\/08\/img-20230806-wa00905284513446867635481-300x204.jpg 300w, https:\/\/contextoanalisisperiodistico.com\/wp-content\/uploads\/2023\/08\/img-20230806-wa00905284513446867635481-768x523.jpg 768w, https:\/\/contextoanalisisperiodistico.com\/wp-content\/uploads\/2023\/08\/img-20230806-wa00905284513446867635481.jpg 1280w\" sizes=\"(max-width: 1024px) 100vw, 1024px\" \/><\/figure>\n\n\n\n<figure class=\"wp-block-image\"><img decoding=\"async\" width=\"1024\" height=\"630\" src=\"https:\/\/contextoanalisisperiodistico.com\/wp-content\/uploads\/2023\/08\/img-20230806-wa00893567923310033991150-1024x630.jpg\" alt=\"\" class=\"wp-image-17059\" srcset=\"https:\/\/contextoanalisisperiodistico.com\/wp-content\/uploads\/2023\/08\/img-20230806-wa00893567923310033991150-1024x630.jpg 1024w, https:\/\/contextoanalisisperiodistico.com\/wp-content\/uploads\/2023\/08\/img-20230806-wa00893567923310033991150-300x185.jpg 300w, https:\/\/contextoanalisisperiodistico.com\/wp-content\/uploads\/2023\/08\/img-20230806-wa00893567923310033991150-768x473.jpg 768w, https:\/\/contextoanalisisperiodistico.com\/wp-content\/uploads\/2023\/08\/img-20230806-wa00893567923310033991150.jpg 1280w\" sizes=\"(max-width: 1024px) 100vw, 1024px\" \/><\/figure>\n","protected":false},"excerpt":{"rendered":"<p>Laura Estrada Mauro visit\u00f3 la Sierra de Flores Mag\u00f3n junto con el gobernador, Salom\u00f3n Jara&#8230;<\/p>\n","protected":false},"author":4,"featured_media":17056,"comment_status":"","ping_status":"open","sticky":false,"template":"","format":"standard","meta":{"footnotes":""},"categories":[9],"tags":[],"jetpack_sharing_enabled":true,"featured_image_urls":{"full":["https:\/\/contextoanalisisperiodistico.com\/wp-content\/uploads\/2023\/08\/IMG-20230806-WA0088-1.jpg",924,934,false],"thumbnail":["https:\/\/contextoanalisisperiodistico.com\/wp-content\/uploads\/2023\/08\/IMG-20230806-WA0088-1-150x150.jpg",150,150,true],"medium":["https:\/\/contextoanalisisperiodistico.com\/wp-content\/uploads\/2023\/08\/IMG-20230806-WA0088-1-297x300.jpg",297,300,true],"medium_large":["https:\/\/contextoanalisisperiodistico.com\/wp-content\/uploads\/2023\/08\/IMG-20230806-WA0088-1-768x776.jpg",640,647,true],"large":["https:\/\/contextoanalisisperiodistico.com\/wp-content\/uploads\/2023\/08\/IMG-20230806-WA0088-1.jpg",640,647,false],"1536x1536":["https:\/\/contextoanalisisperiodistico.com\/wp-content\/uploads\/2023\/08\/IMG-20230806-WA0088-1.jpg",924,934,false],"2048x2048":["https:\/\/contextoanalisisperiodistico.com\/wp-content\/uploads\/2023\/08\/IMG-20230806-WA0088-1.jpg",924,934,false],"covernews-slider-full":["https:\/\/contextoanalisisperiodistico.com\/wp-content\/uploads\/2023\/08\/IMG-20230806-WA0088-1-924x715.jpg",924,715,true],"covernews-slider-center":["https:\/\/contextoanalisisperiodistico.com\/wp-content\/uploads\/2023\/08\/IMG-20230806-WA0088-1-800x500.jpg",800,500,true],"covernews-featured":["https:\/\/contextoanalisisperiodistico.com\/wp-content\/uploads\/2023\/08\/IMG-20230806-WA0088-1.jpg",924,934,false],"covernews-medium":["https:\/\/contextoanalisisperiodistico.com\/wp-content\/uploads\/2023\/08\/IMG-20230806-WA0088-1-540x340.jpg",540,340,true],"covernews-medium-square":["https:\/\/contextoanalisisperiodistico.com\/wp-content\/uploads\/2023\/08\/IMG-20230806-WA0088-1-400x250.jpg",400,250,true]},"author_info":{"display_name":"Mario Gir\u00f3n","author_link":"https:\/\/contextoanalisisperiodistico.com\/index.php\/author\/director\/"},"category_info":"<a href=\"https:\/\/contextoanalisisperiodistico.com\/index.php\/category\/politica\/\" rel=\"category tag\">Pol\u00edtica<\/a>","tag_info":"Pol\u00edtica","comment_count":"0","jetpack_featured_media_url":"https:\/\/contextoanalisisperiodistico.com\/wp-content\/uploads\/2023\/08\/IMG-20230806-WA0088-1.jpg","_links":{"self":[{"href":"https:\/\/contextoanalisisperiodistico.com\/index.php\/wp-json\/wp\/v2\/posts\/17060"}],"collection":[{"href":"https:\/\/contextoanalisisperiodistico.com\/index.php\/wp-json\/wp\/v2\/posts"}],"about":[{"href":"https:\/\/contextoanalisisperiodistico.com\/index.php\/wp-json\/wp\/v2\/types\/post"}],"author":[{"embeddable":true,"href":"https:\/\/contextoanalisisperiodistico.com\/index.php\/wp-json\/wp\/v2\/users\/4"}],"replies":[{"embeddable":true,"href":"https:\/\/contextoanalisisperiodistico.com\/index.php\/wp-json\/wp\/v2\/comments?post=17060"}],"version-history":[{"count":0,"href":"https:\/\/contextoanalisisperiodistico.com\/index.php\/wp-json\/wp\/v2\/posts\/17060\/revisions"}],"wp:featuredmedia":[{"embeddable":true,"href":"https:\/\/contextoanalisisperiodistico.com\/index.php\/wp-json\/wp\/v2\/media\/17056"}],"wp:attachment":[{"href":"https:\/\/contextoanalisisperiodistico.com\/index.php\/wp-json\/wp\/v2\/media?parent=17060"}],"wp:term":[{"taxonomy":"category","embeddable":true,"href":"https:\/\/contextoanalisisperiodistico.com\/index.php\/wp-json\/wp\/v2\/categories?post=17060"},{"taxonomy":"post_tag","embeddable":true,"href":"https:\/\/contextoanalisisperiodistico.com\/index.php\/wp-json\/wp\/v2\/tags?post=17060"}],"curies":[{"name":"wp","href":"https:\/\/api.w.org\/{rel}","templated":true}]}}