{"id":17046,"date":"2023-08-06T20:11:14","date_gmt":"2023-08-07T02:11:14","guid":{"rendered":"https:\/\/contextoanalisisperiodistico.com\/index.php\/2023\/08\/06\/solicita-pan-suspender-distribucion-de-libros-de-texto-de-educacion-basica\/"},"modified":"2023-08-06T20:11:14","modified_gmt":"2023-08-07T02:11:14","slug":"solicita-pan-suspender-distribucion-de-libros-de-texto-de-educacion-basica","status":"publish","type":"post","link":"https:\/\/contextoanalisisperiodistico.com\/index.php\/2023\/08\/06\/solicita-pan-suspender-distribucion-de-libros-de-texto-de-educacion-basica\/","title":{"rendered":"Solicita PAN suspender distribuci\u00f3n de libros de texto de educaci\u00f3n b\u00e1sica"},"content":{"rendered":"<div id=\"fb-root\"><\/div>\n\n<p>* Hasta en tanto se garantice el cumplimiento de la ley en materia educativa <\/p>\n\n\n\n<p>\u2022 Por incumplir la ley y por no consultar con expertos y padres de familia el nuevo modelo educativo ser\u00e1 un fracaso.<\/p>\n\n\n\n<p>\u2022 Hace un llamado a los padres de familia a no permitir este da\u00f1o a futuras generaciones.<\/p>\n\n\n\n<p>\u2022 El PAN respalda las pol\u00edticas p\u00fablicas en materia de educaci\u00f3n, impulsadas durante los periodos que gobern\u00f3 el pa\u00eds.<\/p>\n\n\n\n<p>El Sistema PAN, que conforman la dirigencia nacional, las coordinaciones parlamentarias en el Senado de la Rep\u00fablica, en la C\u00e1mara de Diputados, la coordinaci\u00f3n de legisladores locales y la Coordinaci\u00f3n de alcaldes y alcaldesas, la Coordinaci\u00f3n de S\u00edndicos y Regidores y de Promoci\u00f3n Pol\u00edtica de la Mujer, expresan el siguiente pronunciamiento:<\/p>\n\n\n\n<p>El nuevo modelo educativo tiene graves fallas de origen, como la falta de cumplimiento de la Ley General de Educaci\u00f3n que este gobierno promulg\u00f3 y que establece la creaci\u00f3n del Consejo Nacional de Participaci\u00f3n Escolar en el proceso de elaboraci\u00f3n de los nuevos libros de texto de nivel b\u00e1sico, por lo que, de no corregir de manera inmediata estas fallas, se encamina al fracaso.<\/p>\n\n\n\n<p>En este pronunciamiento tambi\u00e9n se respaldaron las pol\u00edticas p\u00fablicas en materia de educaci\u00f3n que se establecieron durante los periodos que gobern\u00f3 el PAN y que incentivaron la educaci\u00f3n de calidad con programas como las escuelas de tiempo completo, mismos que ahora son criticados en los propios libros de texto.<\/p>\n\n\n\n<p>Asimismo, los procesos de evaluaci\u00f3n como PISA y el Plan Nacional de Evaluaci\u00f3n del Aprendizaje, que no fueron aplicados el a\u00f1o pasado y que son fundamentales para evaluar la calidad educativa.<\/p>\n\n\n\n<p>Adem\u00e1s, hay un evidente riesgo de manipulaci\u00f3n y adoctrinamiento.<\/p>\n\n\n\n<p>Por estas razones, el Sistema PAN solicita la suspensi\u00f3n de los libros de texto gratuitos, tal como lo determin\u00f3 el Juzgado Tercero de Distrito en materia administrativa de la Ciudad de M\u00e9xico que orden\u00f3 la suspensi\u00f3n definitiva de la impresi\u00f3n de los libros de texto hasta que se d\u00e9 cumplimiento a los procedimientos marcados por la ley en su elaboraci\u00f3n.<\/p>\n\n\n\n<p>Lo que pretenden hacer con el sistema de educaci\u00f3n b\u00e1sica es generar analfabetos pr\u00e1cticos por carecer de los aprendizajes m\u00ednimos indispensables para una vida digna y un empleo bien remunerado, por lo que Acci\u00f3n Nacional exhort\u00f3 a los expertos, a las y los maestros y a las madres y padres de familia a evitar este atropello en contra de la ni\u00f1ez mexicana.<\/p>\n","protected":false},"excerpt":{"rendered":"<p>* Hasta en tanto se garantice el cumplimiento de la ley en materia educativa \u2022&#8230;<\/p>\n","protected":false},"author":4,"featured_media":17045,"comment_status":"","ping_status":"open","sticky":false,"template":"","format":"standard","meta":{"footnotes":""},"categories":[9],"tags":[],"jetpack_sharing_enabled":true,"featured_image_urls":{"full":["https:\/\/contextoanalisisperiodistico.com\/wp-content\/uploads\/2023\/08\/Screenshot_20230806_195927_SamsungInternet.jpg",263,155,false],"thumbnail":["https:\/\/contextoanalisisperiodistico.com\/wp-content\/uploads\/2023\/08\/Screenshot_20230806_195927_SamsungInternet-150x150.jpg",150,150,true],"medium":["https:\/\/contextoanalisisperiodistico.com\/wp-content\/uploads\/2023\/08\/Screenshot_20230806_195927_SamsungInternet.jpg",263,155,false],"medium_large":["https:\/\/contextoanalisisperiodistico.com\/wp-content\/uploads\/2023\/08\/Screenshot_20230806_195927_SamsungInternet.jpg",263,155,false],"large":["https:\/\/contextoanalisisperiodistico.com\/wp-content\/uploads\/2023\/08\/Screenshot_20230806_195927_SamsungInternet.jpg",263,155,false],"1536x1536":["https:\/\/contextoanalisisperiodistico.com\/wp-content\/uploads\/2023\/08\/Screenshot_20230806_195927_SamsungInternet.jpg",263,155,false],"2048x2048":["https:\/\/contextoanalisisperiodistico.com\/wp-content\/uploads\/2023\/08\/Screenshot_20230806_195927_SamsungInternet.jpg",263,155,false],"covernews-slider-full":["https:\/\/contextoanalisisperiodistico.com\/wp-content\/uploads\/2023\/08\/Screenshot_20230806_195927_SamsungInternet.jpg",263,155,false],"covernews-slider-center":["https:\/\/contextoanalisisperiodistico.com\/wp-content\/uploads\/2023\/08\/Screenshot_20230806_195927_SamsungInternet.jpg",263,155,false],"covernews-featured":["https:\/\/contextoanalisisperiodistico.com\/wp-content\/uploads\/2023\/08\/Screenshot_20230806_195927_SamsungInternet.jpg",263,155,false],"covernews-medium":["https:\/\/contextoanalisisperiodistico.com\/wp-content\/uploads\/2023\/08\/Screenshot_20230806_195927_SamsungInternet.jpg",263,155,false],"covernews-medium-square":["https:\/\/contextoanalisisperiodistico.com\/wp-content\/uploads\/2023\/08\/Screenshot_20230806_195927_SamsungInternet.jpg",263,155,false]},"author_info":{"display_name":"Mario Gir\u00f3n","author_link":"https:\/\/contextoanalisisperiodistico.com\/index.php\/author\/director\/"},"category_info":"<a href=\"https:\/\/contextoanalisisperiodistico.com\/index.php\/category\/politica\/\" rel=\"category tag\">Pol\u00edtica<\/a>","tag_info":"Pol\u00edtica","comment_count":"0","jetpack_featured_media_url":"https:\/\/contextoanalisisperiodistico.com\/wp-content\/uploads\/2023\/08\/Screenshot_20230806_195927_SamsungInternet.jpg","_links":{"self":[{"href":"https:\/\/contextoanalisisperiodistico.com\/index.php\/wp-json\/wp\/v2\/posts\/17046"}],"collection":[{"href":"https:\/\/contextoanalisisperiodistico.com\/index.php\/wp-json\/wp\/v2\/posts"}],"about":[{"href":"https:\/\/contextoanalisisperiodistico.com\/index.php\/wp-json\/wp\/v2\/types\/post"}],"author":[{"embeddable":true,"href":"https:\/\/contextoanalisisperiodistico.com\/index.php\/wp-json\/wp\/v2\/users\/4"}],"replies":[{"embeddable":true,"href":"https:\/\/contextoanalisisperiodistico.com\/index.php\/wp-json\/wp\/v2\/comments?post=17046"}],"version-history":[{"count":0,"href":"https:\/\/contextoanalisisperiodistico.com\/index.php\/wp-json\/wp\/v2\/posts\/17046\/revisions"}],"wp:featuredmedia":[{"embeddable":true,"href":"https:\/\/contextoanalisisperiodistico.com\/index.php\/wp-json\/wp\/v2\/media\/17045"}],"wp:attachment":[{"href":"https:\/\/contextoanalisisperiodistico.com\/index.php\/wp-json\/wp\/v2\/media?parent=17046"}],"wp:term":[{"taxonomy":"category","embeddable":true,"href":"https:\/\/contextoanalisisperiodistico.com\/index.php\/wp-json\/wp\/v2\/categories?post=17046"},{"taxonomy":"post_tag","embeddable":true,"href":"https:\/\/contextoanalisisperiodistico.com\/index.php\/wp-json\/wp\/v2\/tags?post=17046"}],"curies":[{"name":"wp","href":"https:\/\/api.w.org\/{rel}","templated":true}]}}