{"id":17031,"date":"2023-08-06T16:47:57","date_gmt":"2023-08-06T22:47:57","guid":{"rendered":"https:\/\/contextoanalisisperiodistico.com\/?p=17031"},"modified":"2023-08-06T16:48:30","modified_gmt":"2023-08-06T22:48:30","slug":"promueven-con-cine-gob-sano-esparcimiento-de-la-ninez-y-juventud","status":"publish","type":"post","link":"https:\/\/contextoanalisisperiodistico.com\/index.php\/2023\/08\/06\/promueven-con-cine-gob-sano-esparcimiento-de-la-ninez-y-juventud\/","title":{"rendered":"Promueven con Cine Gob sano esparcimiento de la ni\u00f1ez y juventud"},"content":{"rendered":"<div id=\"fb-root\"><\/div>\n\n<p>\u2022 Este s\u00e1bado se inaugur\u00f3 el cine m\u00f3vil en el Parque Ju\u00e1rez El Llano, como parte del Festival Vera Ni\u00f1ez<\/p>\n\n\n\n<p>\u2022 Del 5 al 27 de agosto proyectar\u00e1 diversas pel\u00edculas aptas para este sector, cuyas funciones ser\u00e1n gratuitas<\/p>\n\n\n\n<p>Oaxaca de Ju\u00e1rez, Oax., 6 de agosto de 2023.- Con el objetivo de recuperar los espacios p\u00fablicos para ni\u00f1as, ni\u00f1os y adolescentes, y contribuir en su sano desarrollo, el Gobierno del Estado que encabeza Salom\u00f3n Jara Cruz, inaugur\u00f3 este s\u00e1bado el Cine Gob, que estar\u00e1 proyectando diversas pel\u00edculas aptas para este sector en el Parque Ju\u00e1rez El Llano.<\/p>\n\n\n\n<p>Las funciones de este cine m\u00f3vil abarcar\u00e1n hasta el 27 de agosto y son totalmente gratuitas, toda vez que forman parte del Festival Vera Ni\u00f1ez, en el que participan de manera coordinada las secretar\u00edas de Turismo del Estado (Sectur Oaxaca), de las Culturas y Artes (Seculta), y de Movilidad (Semovi), as\u00ed como el Sistema Estatal para el Desarrollo Integral de la Familia (DIF) Oaxaca y el Instituto del Deporte.<\/p>\n\n\n\n<p>Durante la inauguraci\u00f3n, la secretaria ejecutiva del Sistema Local de Protecci\u00f3n Integral de los Derechos de Ni\u00f1as, Ni\u00f1os y Adolescentes del Estado (Sipinna Oaxaca) Alma Deysi Bautista Ramos, mencion\u00f3 que con estas acciones se respeta y promueve el derecho al juego, salud y bienestar, pero sobre todo se hace un recordatorio de que las calles y el espacio p\u00fablico tambi\u00e9n son de la infancia y la juventud.<\/p>\n\n\n\n<p>\u201cNunca m\u00e1s un estado donde la perspectiva de ni\u00f1ez y adolescencia est\u00e9 ausente, las ni\u00f1as, ni\u00f1os y adolescentes tambi\u00e9n transforman Oaxaca\u201d, expres\u00f3.<\/p>\n\n\n\n<p>El Cine Gob se encuentra ubicado en el Parque Ju\u00e1rez, del lado de la calle Licenciado Primo Verdad, y tiene capacidad para alojar a 90 personas espectadoras, adem\u00e1s cuenta con espacios adaptados para personas con discapacidad.<\/p>\n\n\n\n<p>La cartelera y horarios pueden consultarse en las redes sociales del Gobierno de Oaxaca, en Twitter @GobOax y en Facebook GobOax.<\/p>\n\n\n\n<figure class=\"wp-block-image size-large\"><img fetchpriority=\"high\" decoding=\"async\" width=\"970\" height=\"646\" src=\"https:\/\/contextoanalisisperiodistico.com\/wp-content\/uploads\/2023\/08\/img-20230806-wa00642442913183247835734.jpg\" alt=\"\" class=\"wp-image-17035\" srcset=\"https:\/\/contextoanalisisperiodistico.com\/wp-content\/uploads\/2023\/08\/img-20230806-wa00642442913183247835734.jpg 970w, https:\/\/contextoanalisisperiodistico.com\/wp-content\/uploads\/2023\/08\/img-20230806-wa00642442913183247835734-300x200.jpg 300w, https:\/\/contextoanalisisperiodistico.com\/wp-content\/uploads\/2023\/08\/img-20230806-wa00642442913183247835734-768x511.jpg 768w\" sizes=\"(max-width: 970px) 100vw, 970px\" \/><\/figure>\n\n\n\n<figure class=\"wp-block-image\"><img decoding=\"async\" width=\"300\" height=\"200\" src=\"https:\/\/contextoanalisisperiodistico.com\/wp-content\/uploads\/2023\/08\/img-20230806-wa00637063296062957573289-300x200.jpg\" alt=\"\" class=\"wp-image-17033\" srcset=\"https:\/\/contextoanalisisperiodistico.com\/wp-content\/uploads\/2023\/08\/img-20230806-wa00637063296062957573289-300x200.jpg 300w, https:\/\/contextoanalisisperiodistico.com\/wp-content\/uploads\/2023\/08\/img-20230806-wa00637063296062957573289-768x511.jpg 768w, https:\/\/contextoanalisisperiodistico.com\/wp-content\/uploads\/2023\/08\/img-20230806-wa00637063296062957573289.jpg 970w\" sizes=\"(max-width: 300px) 100vw, 300px\" \/><\/figure>\n\n\n\n<figure class=\"wp-block-image\"><img decoding=\"async\" width=\"300\" height=\"200\" src=\"https:\/\/contextoanalisisperiodistico.com\/wp-content\/uploads\/2023\/08\/img-20230806-wa00603788419631189561450-300x200.jpg\" alt=\"\" class=\"wp-image-17034\" srcset=\"https:\/\/contextoanalisisperiodistico.com\/wp-content\/uploads\/2023\/08\/img-20230806-wa00603788419631189561450-300x200.jpg 300w, https:\/\/contextoanalisisperiodistico.com\/wp-content\/uploads\/2023\/08\/img-20230806-wa00603788419631189561450-768x511.jpg 768w, https:\/\/contextoanalisisperiodistico.com\/wp-content\/uploads\/2023\/08\/img-20230806-wa00603788419631189561450.jpg 970w\" sizes=\"(max-width: 300px) 100vw, 300px\" \/><\/figure>\n","protected":false},"excerpt":{"rendered":"<p>\u2022 Este s\u00e1bado se inaugur\u00f3 el cine m\u00f3vil en el Parque Ju\u00e1rez El Llano, como&#8230;<\/p>\n","protected":false},"author":4,"featured_media":17032,"comment_status":"closed","ping_status":"open","sticky":false,"template":"","format":"standard","meta":{"footnotes":""},"categories":[9],"tags":[],"jetpack_sharing_enabled":true,"featured_image_urls":{"full":["https:\/\/contextoanalisisperiodistico.com\/wp-content\/uploads\/2023\/08\/IMG-20230806-WA0061.jpg",970,646,false],"thumbnail":["https:\/\/contextoanalisisperiodistico.com\/wp-content\/uploads\/2023\/08\/IMG-20230806-WA0061-150x150.jpg",150,150,true],"medium":["https:\/\/contextoanalisisperiodistico.com\/wp-content\/uploads\/2023\/08\/IMG-20230806-WA0061-300x200.jpg",300,200,true],"medium_large":["https:\/\/contextoanalisisperiodistico.com\/wp-content\/uploads\/2023\/08\/IMG-20230806-WA0061-768x511.jpg",640,426,true],"large":["https:\/\/contextoanalisisperiodistico.com\/wp-content\/uploads\/2023\/08\/IMG-20230806-WA0061.jpg",640,426,false],"1536x1536":["https:\/\/contextoanalisisperiodistico.com\/wp-content\/uploads\/2023\/08\/IMG-20230806-WA0061.jpg",970,646,false],"2048x2048":["https:\/\/contextoanalisisperiodistico.com\/wp-content\/uploads\/2023\/08\/IMG-20230806-WA0061.jpg",970,646,false],"covernews-slider-full":["https:\/\/contextoanalisisperiodistico.com\/wp-content\/uploads\/2023\/08\/IMG-20230806-WA0061.jpg",970,646,false],"covernews-slider-center":["https:\/\/contextoanalisisperiodistico.com\/wp-content\/uploads\/2023\/08\/IMG-20230806-WA0061-800x500.jpg",800,500,true],"covernews-featured":["https:\/\/contextoanalisisperiodistico.com\/wp-content\/uploads\/2023\/08\/IMG-20230806-WA0061.jpg",970,646,false],"covernews-medium":["https:\/\/contextoanalisisperiodistico.com\/wp-content\/uploads\/2023\/08\/IMG-20230806-WA0061-540x340.jpg",540,340,true],"covernews-medium-square":["https:\/\/contextoanalisisperiodistico.com\/wp-content\/uploads\/2023\/08\/IMG-20230806-WA0061-400x250.jpg",400,250,true]},"author_info":{"display_name":"Mario Gir\u00f3n","author_link":"https:\/\/contextoanalisisperiodistico.com\/index.php\/author\/director\/"},"category_info":"<a href=\"https:\/\/contextoanalisisperiodistico.com\/index.php\/category\/politica\/\" rel=\"category tag\">Pol\u00edtica<\/a>","tag_info":"Pol\u00edtica","comment_count":"0","jetpack_featured_media_url":"https:\/\/contextoanalisisperiodistico.com\/wp-content\/uploads\/2023\/08\/IMG-20230806-WA0061.jpg","_links":{"self":[{"href":"https:\/\/contextoanalisisperiodistico.com\/index.php\/wp-json\/wp\/v2\/posts\/17031"}],"collection":[{"href":"https:\/\/contextoanalisisperiodistico.com\/index.php\/wp-json\/wp\/v2\/posts"}],"about":[{"href":"https:\/\/contextoanalisisperiodistico.com\/index.php\/wp-json\/wp\/v2\/types\/post"}],"author":[{"embeddable":true,"href":"https:\/\/contextoanalisisperiodistico.com\/index.php\/wp-json\/wp\/v2\/users\/4"}],"replies":[{"embeddable":true,"href":"https:\/\/contextoanalisisperiodistico.com\/index.php\/wp-json\/wp\/v2\/comments?post=17031"}],"version-history":[{"count":1,"href":"https:\/\/contextoanalisisperiodistico.com\/index.php\/wp-json\/wp\/v2\/posts\/17031\/revisions"}],"predecessor-version":[{"id":17036,"href":"https:\/\/contextoanalisisperiodistico.com\/index.php\/wp-json\/wp\/v2\/posts\/17031\/revisions\/17036"}],"wp:featuredmedia":[{"embeddable":true,"href":"https:\/\/contextoanalisisperiodistico.com\/index.php\/wp-json\/wp\/v2\/media\/17032"}],"wp:attachment":[{"href":"https:\/\/contextoanalisisperiodistico.com\/index.php\/wp-json\/wp\/v2\/media?parent=17031"}],"wp:term":[{"taxonomy":"category","embeddable":true,"href":"https:\/\/contextoanalisisperiodistico.com\/index.php\/wp-json\/wp\/v2\/categories?post=17031"},{"taxonomy":"post_tag","embeddable":true,"href":"https:\/\/contextoanalisisperiodistico.com\/index.php\/wp-json\/wp\/v2\/tags?post=17031"}],"curies":[{"name":"wp","href":"https:\/\/api.w.org\/{rel}","templated":true}]}}