{"id":17024,"date":"2023-08-06T16:06:32","date_gmt":"2023-08-06T22:06:32","guid":{"rendered":"https:\/\/contextoanalisisperiodistico.com\/?p=17024"},"modified":"2023-08-06T16:06:48","modified_gmt":"2023-08-06T22:06:48","slug":"trabajo-coordinado-entre-el-gobierno-de-salomon-jara-y-el-gobierno-federal-logra-rescatar-a-278-migrantes","status":"publish","type":"post","link":"https:\/\/contextoanalisisperiodistico.com\/index.php\/2023\/08\/06\/trabajo-coordinado-entre-el-gobierno-de-salomon-jara-y-el-gobierno-federal-logra-rescatar-a-278-migrantes\/","title":{"rendered":"<em>Trabajo coordinado entre el Gobierno de Salom\u00f3n Jara y el Gobierno Federal logra rescatar a 278 migrantes<\/em>"},"content":{"rendered":"<div id=\"fb-root\"><\/div>\n\n<p>\u2022 A trav\u00e9s de la Secretar\u00eda de Seguridad y Protecci\u00f3n Ciudadana se rescataron a 278 personas de distintas nacionalidades y se realizaron seis detenciones de quienes las transportaban<\/p>\n\n\n\n<p>\u2022 Durante la acci\u00f3n se cont\u00f3 con el apoyo de las corporaciones policiales y la Secretar\u00eda de Gobierno<\/p>\n\n\n\n<p>\u2022 El Instituto Nacional de Migraci\u00f3n se hizo cargo de todas las personas migrantes, en tanto la Fiscal\u00eda General de la Rep\u00fablica determinar\u00e1 la situaci\u00f3n legal de las seis personas detenidas<\/p>\n\n\n\n<p>Oaxaca de Ju\u00e1rez, Oax., 6 de agosto de 2023.- Resultado del trabajo coordinado con el Gobierno Federal para regular el flujo migratorio en el pa\u00eds, el Gobierno de Oaxaca que encabeza Salom\u00f3n Jara Cruz, logr\u00f3 rescatar a 278 personas de distintas nacionalidades y reporta seis detenciones.<\/p>\n\n\n\n<p>Lo anterior fue posible como parte de las acciones de prevenci\u00f3n y vigilancia que lleva a cabo la Secretar\u00eda de Seguridad y Protecci\u00f3n Ciudadana (SSPC) a trav\u00e9s de la Polic\u00eda Estatal y Polic\u00eda Vial Estatal, en tres distintas intervenciones ocurridas el viernes 4 de agosto, en un marco de protecci\u00f3n de los derechos humanos de las personas migrantes.<\/p>\n\n\n\n<p>El primer caso ocurri\u00f3 alrededor de las 10:55 horas, en la autopista 135-D Oaxaca-Cuacnopalan, en el tramo Nochixtl\u00e1n &#8211; Santo Domingo Tepelmeme, donde personal de la Polic\u00eda Estatal se percat\u00f3 de un veh\u00edculo mal estacionado a la altura de la caseta de cobro de Suchixtlahuaca.<\/p>\n\n\n\n<p>Toda vez que la unidad de motor Chrysler Gran Caravan, color azul met\u00e1lico, invad\u00eda el arroyo vehicular, los elementos intervinieron con el objetivo de prestarle auxilio al conductor y a su copiloto, constatando as\u00ed la presencia de 11 personas m\u00e1s -siete adultas y cuatro menores de edad- quienes manifestaron ser originarias de Guatemala y no contar con documentaci\u00f3n alguna.<\/p>\n\n\n\n<p>Alrededor de las 16:30 horas, una segunda intervenci\u00f3n de la Polic\u00eda Estatal ocurri\u00f3 en la avenida Perif\u00e9rico de la ciudad capital, a la altura del puente peatonal de la colonia Miguel Alem\u00e1n, donde se atendi\u00f3 el reporte del Centro de Control, Comando y Comunicaci\u00f3n (C4) sobre un veh\u00edculo en el que eran transportadas personas en la misma situaci\u00f3n.<br \/>De esta manera se rescataron a 147 personas -72 adultas y 75 menores de edad- de origen guatemalteco, hondure\u00f1o, salvadore\u00f1o y ecuatoriano. Tambi\u00e9n se aseguraron a las dos personas que las transportaban.<\/p>\n\n\n\n<p>Aproximadamente 10 minutos m\u00e1s tarde, la Polic\u00eda Vial Estatal inform\u00f3 sobre el aseguramiento de dos personas m\u00e1s sobre Riberas del Atoyac a la altura de la Colonia Vicente Su\u00e1rez, quienes a bordo de un cami\u00f3n marca Internacional, color blanco y lona azul, trasladaban a 120 personas \u201367 adultas y 53 menores de edad- procedentes de Guatemala, Honduras, El Salvador y Ecuador.<\/p>\n\n\n\n<p>De lo anterior tom\u00f3 conocimiento el Instituto Nacional de Migraci\u00f3n (INM), quien se hizo cargo de todas las personas extranjeras; mientras que la Fiscal\u00eda General de la Rep\u00fablica (FGR) determinar\u00e1 la situaci\u00f3n legal de las seis personas detenidas.<\/p>\n\n\n\n<p>De esta manera, el Gobierno de Oaxaca refrenda su compromiso para avanzar en la regulaci\u00f3n del flujo migratorio en el pa\u00eds, con apego a la ley y en estricto respeto a los derechos humanos de las personas migrantes.<\/p>\n\n\n\n\n\n<figure class=\"wp-block-video\"><video controls src=\"https:\/\/contextoanalisisperiodistico.com\/wp-content\/uploads\/2023\/08\/VID-20230806-WA0052.mp4\"><\/video><\/figure>\n\n\n\n<figure class=\"wp-block-image size-large\"><img fetchpriority=\"high\" decoding=\"async\" width=\"1024\" height=\"768\" src=\"https:\/\/contextoanalisisperiodistico.com\/wp-content\/uploads\/2023\/08\/img-20230806-wa00545455875880821260469-1024x768.jpg\" alt=\"\" class=\"wp-image-17028\" srcset=\"https:\/\/contextoanalisisperiodistico.com\/wp-content\/uploads\/2023\/08\/img-20230806-wa00545455875880821260469-1024x768.jpg 1024w, https:\/\/contextoanalisisperiodistico.com\/wp-content\/uploads\/2023\/08\/img-20230806-wa00545455875880821260469-300x225.jpg 300w, https:\/\/contextoanalisisperiodistico.com\/wp-content\/uploads\/2023\/08\/img-20230806-wa00545455875880821260469-768x576.jpg 768w, https:\/\/contextoanalisisperiodistico.com\/wp-content\/uploads\/2023\/08\/img-20230806-wa00545455875880821260469-1536x1152.jpg 1536w, https:\/\/contextoanalisisperiodistico.com\/wp-content\/uploads\/2023\/08\/img-20230806-wa00545455875880821260469.jpg 1600w\" sizes=\"(max-width: 1024px) 100vw, 1024px\" \/><\/figure>\n\n\n\n<figure class=\"wp-block-image\"><img decoding=\"async\" width=\"768\" height=\"1024\" src=\"https:\/\/contextoanalisisperiodistico.com\/wp-content\/uploads\/2023\/08\/img-20230806-wa00576998533607350739294-768x1024.jpg\" alt=\"\" class=\"wp-image-17027\" srcset=\"https:\/\/contextoanalisisperiodistico.com\/wp-content\/uploads\/2023\/08\/img-20230806-wa00576998533607350739294-768x1024.jpg 768w, https:\/\/contextoanalisisperiodistico.com\/wp-content\/uploads\/2023\/08\/img-20230806-wa00576998533607350739294-225x300.jpg 225w, https:\/\/contextoanalisisperiodistico.com\/wp-content\/uploads\/2023\/08\/img-20230806-wa00576998533607350739294-1152x1536.jpg 1152w, https:\/\/contextoanalisisperiodistico.com\/wp-content\/uploads\/2023\/08\/img-20230806-wa00576998533607350739294-1024x1365.jpg 1024w, https:\/\/contextoanalisisperiodistico.com\/wp-content\/uploads\/2023\/08\/img-20230806-wa00576998533607350739294.jpg 1200w\" sizes=\"(max-width: 768px) 100vw, 768px\" \/><\/figure>\n\n\n\n<figure class=\"wp-block-image\"><img decoding=\"async\" width=\"768\" height=\"1024\" src=\"https:\/\/contextoanalisisperiodistico.com\/wp-content\/uploads\/2023\/08\/img-20230806-wa00567971760933274870042-768x1024.jpg\" alt=\"\" class=\"wp-image-17029\" srcset=\"https:\/\/contextoanalisisperiodistico.com\/wp-content\/uploads\/2023\/08\/img-20230806-wa00567971760933274870042-768x1024.jpg 768w, https:\/\/contextoanalisisperiodistico.com\/wp-content\/uploads\/2023\/08\/img-20230806-wa00567971760933274870042-225x300.jpg 225w, https:\/\/contextoanalisisperiodistico.com\/wp-content\/uploads\/2023\/08\/img-20230806-wa00567971760933274870042-1152x1536.jpg 1152w, https:\/\/contextoanalisisperiodistico.com\/wp-content\/uploads\/2023\/08\/img-20230806-wa00567971760933274870042-1024x1365.jpg 1024w, https:\/\/contextoanalisisperiodistico.com\/wp-content\/uploads\/2023\/08\/img-20230806-wa00567971760933274870042.jpg 1200w\" sizes=\"(max-width: 768px) 100vw, 768px\" \/><\/figure>\n","protected":false},"excerpt":{"rendered":"<p>\u2022 A trav\u00e9s de la Secretar\u00eda de Seguridad y Protecci\u00f3n Ciudadana se rescataron a 278&#8230;<\/p>\n","protected":false},"author":4,"featured_media":17025,"comment_status":"closed","ping_status":"open","sticky":false,"template":"","format":"standard","meta":{"footnotes":""},"categories":[9],"tags":[],"jetpack_sharing_enabled":true,"featured_image_urls":{"full":["https:\/\/contextoanalisisperiodistico.com\/wp-content\/uploads\/2023\/08\/IMG-20230806-WA0055.jpg",1024,768,false],"thumbnail":["https:\/\/contextoanalisisperiodistico.com\/wp-content\/uploads\/2023\/08\/IMG-20230806-WA0055-150x150.jpg",150,150,true],"medium":["https:\/\/contextoanalisisperiodistico.com\/wp-content\/uploads\/2023\/08\/IMG-20230806-WA0055-300x225.jpg",300,225,true],"medium_large":["https:\/\/contextoanalisisperiodistico.com\/wp-content\/uploads\/2023\/08\/IMG-20230806-WA0055-768x576.jpg",640,480,true],"large":["https:\/\/contextoanalisisperiodistico.com\/wp-content\/uploads\/2023\/08\/IMG-20230806-WA0055.jpg",640,480,false],"1536x1536":["https:\/\/contextoanalisisperiodistico.com\/wp-content\/uploads\/2023\/08\/IMG-20230806-WA0055.jpg",1024,768,false],"2048x2048":["https:\/\/contextoanalisisperiodistico.com\/wp-content\/uploads\/2023\/08\/IMG-20230806-WA0055.jpg",1024,768,false],"covernews-slider-full":["https:\/\/contextoanalisisperiodistico.com\/wp-content\/uploads\/2023\/08\/IMG-20230806-WA0055-1024x715.jpg",1024,715,true],"covernews-slider-center":["https:\/\/contextoanalisisperiodistico.com\/wp-content\/uploads\/2023\/08\/IMG-20230806-WA0055-800x500.jpg",800,500,true],"covernews-featured":["https:\/\/contextoanalisisperiodistico.com\/wp-content\/uploads\/2023\/08\/IMG-20230806-WA0055.jpg",1024,768,false],"covernews-medium":["https:\/\/contextoanalisisperiodistico.com\/wp-content\/uploads\/2023\/08\/IMG-20230806-WA0055-540x340.jpg",540,340,true],"covernews-medium-square":["https:\/\/contextoanalisisperiodistico.com\/wp-content\/uploads\/2023\/08\/IMG-20230806-WA0055-400x250.jpg",400,250,true]},"author_info":{"display_name":"Mario Gir\u00f3n","author_link":"https:\/\/contextoanalisisperiodistico.com\/index.php\/author\/director\/"},"category_info":"<a href=\"https:\/\/contextoanalisisperiodistico.com\/index.php\/category\/politica\/\" rel=\"category tag\">Pol\u00edtica<\/a>","tag_info":"Pol\u00edtica","comment_count":"0","jetpack_featured_media_url":"https:\/\/contextoanalisisperiodistico.com\/wp-content\/uploads\/2023\/08\/IMG-20230806-WA0055.jpg","_links":{"self":[{"href":"https:\/\/contextoanalisisperiodistico.com\/index.php\/wp-json\/wp\/v2\/posts\/17024"}],"collection":[{"href":"https:\/\/contextoanalisisperiodistico.com\/index.php\/wp-json\/wp\/v2\/posts"}],"about":[{"href":"https:\/\/contextoanalisisperiodistico.com\/index.php\/wp-json\/wp\/v2\/types\/post"}],"author":[{"embeddable":true,"href":"https:\/\/contextoanalisisperiodistico.com\/index.php\/wp-json\/wp\/v2\/users\/4"}],"replies":[{"embeddable":true,"href":"https:\/\/contextoanalisisperiodistico.com\/index.php\/wp-json\/wp\/v2\/comments?post=17024"}],"version-history":[{"count":1,"href":"https:\/\/contextoanalisisperiodistico.com\/index.php\/wp-json\/wp\/v2\/posts\/17024\/revisions"}],"predecessor-version":[{"id":17030,"href":"https:\/\/contextoanalisisperiodistico.com\/index.php\/wp-json\/wp\/v2\/posts\/17024\/revisions\/17030"}],"wp:featuredmedia":[{"embeddable":true,"href":"https:\/\/contextoanalisisperiodistico.com\/index.php\/wp-json\/wp\/v2\/media\/17025"}],"wp:attachment":[{"href":"https:\/\/contextoanalisisperiodistico.com\/index.php\/wp-json\/wp\/v2\/media?parent=17024"}],"wp:term":[{"taxonomy":"category","embeddable":true,"href":"https:\/\/contextoanalisisperiodistico.com\/index.php\/wp-json\/wp\/v2\/categories?post=17024"},{"taxonomy":"post_tag","embeddable":true,"href":"https:\/\/contextoanalisisperiodistico.com\/index.php\/wp-json\/wp\/v2\/tags?post=17024"}],"curies":[{"name":"wp","href":"https:\/\/api.w.org\/{rel}","templated":true}]}}