{"id":17020,"date":"2023-08-06T15:56:14","date_gmt":"2023-08-06T21:56:14","guid":{"rendered":"https:\/\/contextoanalisisperiodistico.com\/?p=17020"},"modified":"2023-08-06T15:56:23","modified_gmt":"2023-08-06T21:56:23","slug":"promueve-casa-de-la-cultura-oaxaquena-cuidado-del-agua-y-el-reciclaje","status":"publish","type":"post","link":"https:\/\/contextoanalisisperiodistico.com\/index.php\/2023\/08\/06\/promueve-casa-de-la-cultura-oaxaquena-cuidado-del-agua-y-el-reciclaje\/","title":{"rendered":"Promueve Casa de la Cultura Oaxaque\u00f1a cuidado del agua y el reciclaje"},"content":{"rendered":"<div id=\"fb-root\"><\/div>\n\n<p>\u2022 A trav\u00e9s de estas actividades se fomenta a la ni\u00f1ez sobre una cultura de paz y responsabilidad con el entorno, para formar generaciones que respeten la vida y el medio ambiente<\/p>\n\n\n\n<p>Oaxaca de Ju\u00e1rez, Oax., 6 de agosto de 2023.- En un trabajo transversal con el Sistema Operador de los Servicios de Agua Potable y Alcantarillado (Soapa), ni\u00f1as y ni\u00f1os que acuden a la Casa de la Cultura Oaxaque\u00f1a (CCO), participaron en un taller sobre la cultura del agua con materiales reciclados.<\/p>\n\n\n\n<p>Las y los ni\u00f1os aprendieron sobre el uso y cuidado del agua potable gracias a la actividad promovida por Soapa, la cual estuvo a cargo del maestro Jes\u00fas Pablo Rodr\u00edguez Troncoso, quien les comparti\u00f3 la importancia de la cultura del reciclaje.<\/p>\n\n\n\n<p>De manera l\u00fadica, las y los peque\u00f1os participantes que acuden al Curso de Verano Cultura para la Paz escucharon tambi\u00e9n un cuento con la tem\u00e1tica de la preservaci\u00f3n de los r\u00edos y lagos.<\/p>\n\n\n\n<p>En su momento, la directora de la CCO Sara Orozco Mart\u00ednez refiri\u00f3 que a trav\u00e9s de estas actividades se sigue fomentando una cultura de paz y responsabilidad con el entorno para formar generaciones que respeten la vida y el medio ambiente, sobre todo el agua, \u201cun recurso vital para que se preserve la vida\u201d, dijo.<\/p>\n\n\n\n<p>Acompa\u00f1ada del coordinador estatal de Fomento a la Lectura, William Bautista L\u00f3pez y el director general de Soapa, Omar P\u00e9rez Ben\u00edtez, a\u00f1adi\u00f3 que es fundamental promover la cultura del agua para concientizar sobre el uso responsable y sostenible del recurso h\u00eddrico en la vida cotidiana.<\/p>\n\n\n\n<p>\u201cUna de las estrategias m\u00e1s efectivas para abordar esta cuesti\u00f3n es incorporar el reciclaje como parte integral de esta cultura, ya que la utilizaci\u00f3n de materiales reciclados ayuda en la gesti\u00f3n del agua a reducir la contaminaci\u00f3n, puesto que al utilizarlos se disminuye la necesidad de nuevos recursos, lo que a su vez reduce la contaminaci\u00f3n asociada a su extracci\u00f3n y producci\u00f3n\u201d, indic\u00f3 la funcionaria cultural.<\/p>\n\n\n\n<p>Orozco Mart\u00ednez aprovech\u00f3 este encuentro para invitar a las infancias al segundo Curso de Verano Cultura para la Paz en las instalaciones de la Casa de la Cultura Oaxaque\u00f1a, el cual iniciar\u00e1 este lunes 7 de agosto y concluir\u00e1 el 17 del mismo mes. Las inscripciones est\u00e1n abiertas en la calle Gonz\u00e1lez Ortega 403, a un costado de la Iglesia de Los Siete Pr\u00edncipes en la ciudad de Oaxaca de Ju\u00e1rez.<\/p>\n\n\n\n<figure class=\"wp-block-image size-large\"><img fetchpriority=\"high\" decoding=\"async\" width=\"1024\" height=\"683\" src=\"https:\/\/contextoanalisisperiodistico.com\/wp-content\/uploads\/2023\/08\/img-20230806-wa00384189156289314457935-1024x683.jpg\" alt=\"\" class=\"wp-image-17022\" srcset=\"https:\/\/contextoanalisisperiodistico.com\/wp-content\/uploads\/2023\/08\/img-20230806-wa00384189156289314457935-1024x683.jpg 1024w, https:\/\/contextoanalisisperiodistico.com\/wp-content\/uploads\/2023\/08\/img-20230806-wa00384189156289314457935-300x200.jpg 300w, https:\/\/contextoanalisisperiodistico.com\/wp-content\/uploads\/2023\/08\/img-20230806-wa00384189156289314457935-768x512.jpg 768w, https:\/\/contextoanalisisperiodistico.com\/wp-content\/uploads\/2023\/08\/img-20230806-wa00384189156289314457935-1536x1024.jpg 1536w, https:\/\/contextoanalisisperiodistico.com\/wp-content\/uploads\/2023\/08\/img-20230806-wa00384189156289314457935.jpg 1599w\" sizes=\"(max-width: 1024px) 100vw, 1024px\" \/><\/figure>\n","protected":false},"excerpt":{"rendered":"<p>\u2022 A trav\u00e9s de estas actividades se fomenta a la ni\u00f1ez sobre una cultura de&#8230;<\/p>\n","protected":false},"author":4,"featured_media":17021,"comment_status":"closed","ping_status":"open","sticky":false,"template":"","format":"standard","meta":{"footnotes":""},"categories":[9],"tags":[],"jetpack_sharing_enabled":true,"featured_image_urls":{"full":["https:\/\/contextoanalisisperiodistico.com\/wp-content\/uploads\/2023\/08\/IMG-20230806-WA0039.jpg",1066,1600,false],"thumbnail":["https:\/\/contextoanalisisperiodistico.com\/wp-content\/uploads\/2023\/08\/IMG-20230806-WA0039-150x150.jpg",150,150,true],"medium":["https:\/\/contextoanalisisperiodistico.com\/wp-content\/uploads\/2023\/08\/IMG-20230806-WA0039-200x300.jpg",200,300,true],"medium_large":["https:\/\/contextoanalisisperiodistico.com\/wp-content\/uploads\/2023\/08\/IMG-20230806-WA0039-768x1153.jpg",640,961,true],"large":["https:\/\/contextoanalisisperiodistico.com\/wp-content\/uploads\/2023\/08\/IMG-20230806-WA0039-682x1024.jpg",640,961,true],"1536x1536":["https:\/\/contextoanalisisperiodistico.com\/wp-content\/uploads\/2023\/08\/IMG-20230806-WA0039-1023x1536.jpg",1023,1536,true],"2048x2048":["https:\/\/contextoanalisisperiodistico.com\/wp-content\/uploads\/2023\/08\/IMG-20230806-WA0039.jpg",1066,1600,false],"covernews-slider-full":["https:\/\/contextoanalisisperiodistico.com\/wp-content\/uploads\/2023\/08\/IMG-20230806-WA0039-1066x715.jpg",1066,715,true],"covernews-slider-center":["https:\/\/contextoanalisisperiodistico.com\/wp-content\/uploads\/2023\/08\/IMG-20230806-WA0039-800x500.jpg",800,500,true],"covernews-featured":["https:\/\/contextoanalisisperiodistico.com\/wp-content\/uploads\/2023\/08\/IMG-20230806-WA0039-1024x1537.jpg",1024,1537,true],"covernews-medium":["https:\/\/contextoanalisisperiodistico.com\/wp-content\/uploads\/2023\/08\/IMG-20230806-WA0039-540x340.jpg",540,340,true],"covernews-medium-square":["https:\/\/contextoanalisisperiodistico.com\/wp-content\/uploads\/2023\/08\/IMG-20230806-WA0039-400x250.jpg",400,250,true]},"author_info":{"display_name":"Mario Gir\u00f3n","author_link":"https:\/\/contextoanalisisperiodistico.com\/index.php\/author\/director\/"},"category_info":"<a href=\"https:\/\/contextoanalisisperiodistico.com\/index.php\/category\/politica\/\" rel=\"category tag\">Pol\u00edtica<\/a>","tag_info":"Pol\u00edtica","comment_count":"0","jetpack_featured_media_url":"https:\/\/contextoanalisisperiodistico.com\/wp-content\/uploads\/2023\/08\/IMG-20230806-WA0039.jpg","_links":{"self":[{"href":"https:\/\/contextoanalisisperiodistico.com\/index.php\/wp-json\/wp\/v2\/posts\/17020"}],"collection":[{"href":"https:\/\/contextoanalisisperiodistico.com\/index.php\/wp-json\/wp\/v2\/posts"}],"about":[{"href":"https:\/\/contextoanalisisperiodistico.com\/index.php\/wp-json\/wp\/v2\/types\/post"}],"author":[{"embeddable":true,"href":"https:\/\/contextoanalisisperiodistico.com\/index.php\/wp-json\/wp\/v2\/users\/4"}],"replies":[{"embeddable":true,"href":"https:\/\/contextoanalisisperiodistico.com\/index.php\/wp-json\/wp\/v2\/comments?post=17020"}],"version-history":[{"count":1,"href":"https:\/\/contextoanalisisperiodistico.com\/index.php\/wp-json\/wp\/v2\/posts\/17020\/revisions"}],"predecessor-version":[{"id":17023,"href":"https:\/\/contextoanalisisperiodistico.com\/index.php\/wp-json\/wp\/v2\/posts\/17020\/revisions\/17023"}],"wp:featuredmedia":[{"embeddable":true,"href":"https:\/\/contextoanalisisperiodistico.com\/index.php\/wp-json\/wp\/v2\/media\/17021"}],"wp:attachment":[{"href":"https:\/\/contextoanalisisperiodistico.com\/index.php\/wp-json\/wp\/v2\/media?parent=17020"}],"wp:term":[{"taxonomy":"category","embeddable":true,"href":"https:\/\/contextoanalisisperiodistico.com\/index.php\/wp-json\/wp\/v2\/categories?post=17020"},{"taxonomy":"post_tag","embeddable":true,"href":"https:\/\/contextoanalisisperiodistico.com\/index.php\/wp-json\/wp\/v2\/tags?post=17020"}],"curies":[{"name":"wp","href":"https:\/\/api.w.org\/{rel}","templated":true}]}}