{"id":16987,"date":"2023-08-05T16:22:24","date_gmt":"2023-08-05T22:22:24","guid":{"rendered":"https:\/\/contextoanalisisperiodistico.com\/?p=16987"},"modified":"2023-08-05T16:22:35","modified_gmt":"2023-08-05T22:22:35","slug":"refrenda-salomon-jara-cruz-su-compromiso-para-concluir-la-autopista-oaxaca-costa","status":"publish","type":"post","link":"https:\/\/contextoanalisisperiodistico.com\/index.php\/2023\/08\/05\/refrenda-salomon-jara-cruz-su-compromiso-para-concluir-la-autopista-oaxaca-costa\/","title":{"rendered":"<em>Refrenda Salom\u00f3n Jara Cruz su compromiso para concluir la autopista Oaxaca-Costa<\/em>"},"content":{"rendered":"<div id=\"fb-root\"><\/div>\n\n<p>\u2022 El Gobernador del Estado visit\u00f3 la construcci\u00f3n de dicha obra para constatar los avances del proyecto que ser\u00e1 en beneficio de la poblaci\u00f3n oaxaque\u00f1a<\/p>\n\n\n\n<p>Oaxaca de Ju\u00e1rez, Oax. 5 de agosto de 2023.- Con la finalidad de supervisar el avance de la autopista Oaxaca-Costa, el Gobernador del Estado Salom\u00f3n Jara Cruz realiz\u00f3 un recorrido por dicha obra en el tramo Barranca Larga-Ventanilla, que presenta un avance superior a 87 por ciento.<\/p>\n\n\n\n<p>El Mandatario Estatal refrend\u00f3 su compromiso con la poblaci\u00f3n oaxaque\u00f1a de concluir la v\u00eda de comunicaci\u00f3n antes de finalizar el a\u00f1o en curso. Para ello, asegur\u00f3 que cada 15 d\u00edas visitar\u00e1 la construcci\u00f3n para monitorear los avances.<\/p>\n\n\n\n<p>\u201cA las y los oaxaque\u00f1os nos interesa la conclusi\u00f3n de esta obra, la cual estuvo abandonada por m\u00e1s de 20 a\u00f1os. Sin embargo, hoy podemos ver un avance\u201d, manifest\u00f3.<\/p>\n\n\n\n<p>Asimismo, agradeci\u00f3 el apoyo del Presidente de M\u00e9xico Andr\u00e9s Manuel L\u00f3pez Obrador, quien ha brindado todo el apoyo para la conclusi\u00f3n de este proyecto de gran importancia, afirm\u00f3.<\/p>\n\n\n\n<p>\u201cCon esta s\u00faper carretera, la poblaci\u00f3n podr\u00e1 viajar de Oaxaca a Puerto Escondido en un lapso m\u00e1ximo de tres horas\u201d, record\u00f3.<\/p>\n\n\n\n<p>Ante el director general del Centro SICT Oaxaca de la Secretar\u00eda de Infraestructura Comunicaciones y Transportes, Jos\u00e9 Luis Chida Pardo, y del titular de la Secretar\u00eda de Infraestructuras y Comunicaciones, Netzalhualc\u00f3yotl Salvatierra L\u00f3pez, Jara Cruz indic\u00f3 que la carretera podr\u00eda concluirse como m\u00e1ximo en el mes de octubre.<\/p>\n\n\n\n<p>Durante este recorrido el titular del Poder Ejecutivo supervis\u00f3 la construcci\u00f3n de lo que ser\u00e1 la caseta de cobro Barranca Larga que se localizar\u00e1 en el kil\u00f3metro 101+900, tambi\u00e9n supervis\u00f3 la obra del viaducto lanzado que se ubica en el kil\u00f3metro 117+174.<\/p>\n\n\n\n<p>Otra obra visitada por el titular del Poder Ejecutivo es lo que ser\u00e1 el Parador Tur\u00edstico que contar\u00e1 con una gasolinera, restaurante y ba\u00f1os y que se localiza en el kil\u00f3metro 124+100 y la construcci\u00f3n del t\u00fanel San Sebasti\u00e1n que est\u00e1 ubicado en el kil\u00f3metro 151+800.<\/p>\n\n\n\n<p>Por otro lado, el Gobierno Estatal en coordinaci\u00f3n con el Gobierno Federal han trabajado de la mano para la ejecuci\u00f3n de dicha obra, as\u00ed como en el di\u00e1logo con las comunidades que ser\u00e1n beneficiadas con este proyecto.<\/p>\n\n\n\n<figure class=\"wp-block-image size-large\"><img fetchpriority=\"high\" decoding=\"async\" width=\"1024\" height=\"683\" src=\"https:\/\/contextoanalisisperiodistico.com\/wp-content\/uploads\/2023\/08\/img-20230805-wa00577370102837983677897-1024x683.jpg\" alt=\"\" class=\"wp-image-16993\" srcset=\"https:\/\/contextoanalisisperiodistico.com\/wp-content\/uploads\/2023\/08\/img-20230805-wa00577370102837983677897-1024x683.jpg 1024w, https:\/\/contextoanalisisperiodistico.com\/wp-content\/uploads\/2023\/08\/img-20230805-wa00577370102837983677897-300x200.jpg 300w, https:\/\/contextoanalisisperiodistico.com\/wp-content\/uploads\/2023\/08\/img-20230805-wa00577370102837983677897-768x512.jpg 768w, https:\/\/contextoanalisisperiodistico.com\/wp-content\/uploads\/2023\/08\/img-20230805-wa00577370102837983677897-1536x1024.jpg 1536w, https:\/\/contextoanalisisperiodistico.com\/wp-content\/uploads\/2023\/08\/img-20230805-wa00577370102837983677897.jpg 1600w\" sizes=\"(max-width: 1024px) 100vw, 1024px\" \/><\/figure>\n\n\n\n<figure class=\"wp-block-image\"><img decoding=\"async\" width=\"1024\" height=\"682\" src=\"https:\/\/contextoanalisisperiodistico.com\/wp-content\/uploads\/2023\/08\/img-20230805-wa00625990211445566849734-1024x682.jpg\" alt=\"\" class=\"wp-image-16991\" srcset=\"https:\/\/contextoanalisisperiodistico.com\/wp-content\/uploads\/2023\/08\/img-20230805-wa00625990211445566849734-1024x682.jpg 1024w, https:\/\/contextoanalisisperiodistico.com\/wp-content\/uploads\/2023\/08\/img-20230805-wa00625990211445566849734-300x200.jpg 300w, https:\/\/contextoanalisisperiodistico.com\/wp-content\/uploads\/2023\/08\/img-20230805-wa00625990211445566849734-768x512.jpg 768w, https:\/\/contextoanalisisperiodistico.com\/wp-content\/uploads\/2023\/08\/img-20230805-wa00625990211445566849734-1536x1023.jpg 1536w, https:\/\/contextoanalisisperiodistico.com\/wp-content\/uploads\/2023\/08\/img-20230805-wa00625990211445566849734.jpg 1600w\" sizes=\"(max-width: 1024px) 100vw, 1024px\" \/><\/figure>\n\n\n\n<figure class=\"wp-block-image\"><img decoding=\"async\" width=\"1024\" height=\"683\" src=\"https:\/\/contextoanalisisperiodistico.com\/wp-content\/uploads\/2023\/08\/img-20230805-wa00612410322262471922733-1024x683.jpg\" alt=\"\" class=\"wp-image-16989\" srcset=\"https:\/\/contextoanalisisperiodistico.com\/wp-content\/uploads\/2023\/08\/img-20230805-wa00612410322262471922733-1024x683.jpg 1024w, https:\/\/contextoanalisisperiodistico.com\/wp-content\/uploads\/2023\/08\/img-20230805-wa00612410322262471922733-300x200.jpg 300w, https:\/\/contextoanalisisperiodistico.com\/wp-content\/uploads\/2023\/08\/img-20230805-wa00612410322262471922733-768x512.jpg 768w, https:\/\/contextoanalisisperiodistico.com\/wp-content\/uploads\/2023\/08\/img-20230805-wa00612410322262471922733-1536x1024.jpg 1536w, https:\/\/contextoanalisisperiodistico.com\/wp-content\/uploads\/2023\/08\/img-20230805-wa00612410322262471922733.jpg 1600w\" sizes=\"(max-width: 1024px) 100vw, 1024px\" \/><\/figure>\n\n\n\n<figure class=\"wp-block-image\"><img loading=\"lazy\" decoding=\"async\" width=\"1024\" height=\"682\" src=\"https:\/\/contextoanalisisperiodistico.com\/wp-content\/uploads\/2023\/08\/img-20230805-wa00533385067418895798341-1024x682.jpg\" alt=\"\" class=\"wp-image-16990\" srcset=\"https:\/\/contextoanalisisperiodistico.com\/wp-content\/uploads\/2023\/08\/img-20230805-wa00533385067418895798341-1024x682.jpg 1024w, https:\/\/contextoanalisisperiodistico.com\/wp-content\/uploads\/2023\/08\/img-20230805-wa00533385067418895798341-300x200.jpg 300w, https:\/\/contextoanalisisperiodistico.com\/wp-content\/uploads\/2023\/08\/img-20230805-wa00533385067418895798341-768x512.jpg 768w, https:\/\/contextoanalisisperiodistico.com\/wp-content\/uploads\/2023\/08\/img-20230805-wa00533385067418895798341-1536x1023.jpg 1536w, https:\/\/contextoanalisisperiodistico.com\/wp-content\/uploads\/2023\/08\/img-20230805-wa00533385067418895798341.jpg 1600w\" sizes=\"(max-width: 1024px) 100vw, 1024px\" \/><\/figure>\n\n\n\n<figure class=\"wp-block-image\"><img loading=\"lazy\" decoding=\"async\" width=\"1024\" height=\"682\" src=\"https:\/\/contextoanalisisperiodistico.com\/wp-content\/uploads\/2023\/08\/img-20230805-wa00545362524611428306551-1024x682.jpg\" alt=\"\" class=\"wp-image-16992\" srcset=\"https:\/\/contextoanalisisperiodistico.com\/wp-content\/uploads\/2023\/08\/img-20230805-wa00545362524611428306551-1024x682.jpg 1024w, https:\/\/contextoanalisisperiodistico.com\/wp-content\/uploads\/2023\/08\/img-20230805-wa00545362524611428306551-300x200.jpg 300w, https:\/\/contextoanalisisperiodistico.com\/wp-content\/uploads\/2023\/08\/img-20230805-wa00545362524611428306551-768x512.jpg 768w, https:\/\/contextoanalisisperiodistico.com\/wp-content\/uploads\/2023\/08\/img-20230805-wa00545362524611428306551-1536x1023.jpg 1536w, https:\/\/contextoanalisisperiodistico.com\/wp-content\/uploads\/2023\/08\/img-20230805-wa00545362524611428306551.jpg 1600w\" sizes=\"(max-width: 1024px) 100vw, 1024px\" \/><\/figure>\n\n\n\n<figure class=\"wp-block-image\"><img loading=\"lazy\" decoding=\"async\" width=\"1024\" height=\"682\" src=\"https:\/\/contextoanalisisperiodistico.com\/wp-content\/uploads\/2023\/08\/img-20230805-wa00596639629297673034216-1024x682.jpg\" alt=\"\" class=\"wp-image-16995\" srcset=\"https:\/\/contextoanalisisperiodistico.com\/wp-content\/uploads\/2023\/08\/img-20230805-wa00596639629297673034216-1024x682.jpg 1024w, https:\/\/contextoanalisisperiodistico.com\/wp-content\/uploads\/2023\/08\/img-20230805-wa00596639629297673034216-300x200.jpg 300w, https:\/\/contextoanalisisperiodistico.com\/wp-content\/uploads\/2023\/08\/img-20230805-wa00596639629297673034216-768x512.jpg 768w, https:\/\/contextoanalisisperiodistico.com\/wp-content\/uploads\/2023\/08\/img-20230805-wa00596639629297673034216-1536x1023.jpg 1536w, https:\/\/contextoanalisisperiodistico.com\/wp-content\/uploads\/2023\/08\/img-20230805-wa00596639629297673034216.jpg 1600w\" sizes=\"(max-width: 1024px) 100vw, 1024px\" \/><\/figure>\n\n\n\n<figure class=\"wp-block-image\"><img loading=\"lazy\" decoding=\"async\" width=\"1024\" height=\"682\" src=\"https:\/\/contextoanalisisperiodistico.com\/wp-content\/uploads\/2023\/08\/img-20230805-wa00585470697158333193428-1024x682.jpg\" alt=\"\" class=\"wp-image-16994\" srcset=\"https:\/\/contextoanalisisperiodistico.com\/wp-content\/uploads\/2023\/08\/img-20230805-wa00585470697158333193428-1024x682.jpg 1024w, https:\/\/contextoanalisisperiodistico.com\/wp-content\/uploads\/2023\/08\/img-20230805-wa00585470697158333193428-300x200.jpg 300w, https:\/\/contextoanalisisperiodistico.com\/wp-content\/uploads\/2023\/08\/img-20230805-wa00585470697158333193428-768x512.jpg 768w, https:\/\/contextoanalisisperiodistico.com\/wp-content\/uploads\/2023\/08\/img-20230805-wa00585470697158333193428-1536x1023.jpg 1536w, https:\/\/contextoanalisisperiodistico.com\/wp-content\/uploads\/2023\/08\/img-20230805-wa00585470697158333193428.jpg 1600w\" sizes=\"(max-width: 1024px) 100vw, 1024px\" \/><\/figure>\n\n\n\n<figure class=\"wp-block-image\"><img loading=\"lazy\" decoding=\"async\" width=\"1024\" height=\"682\" src=\"https:\/\/contextoanalisisperiodistico.com\/wp-content\/uploads\/2023\/08\/img-20230805-wa00601610027105028819401-1024x682.jpg\" alt=\"\" class=\"wp-image-16996\" srcset=\"https:\/\/contextoanalisisperiodistico.com\/wp-content\/uploads\/2023\/08\/img-20230805-wa00601610027105028819401-1024x682.jpg 1024w, https:\/\/contextoanalisisperiodistico.com\/wp-content\/uploads\/2023\/08\/img-20230805-wa00601610027105028819401-300x200.jpg 300w, https:\/\/contextoanalisisperiodistico.com\/wp-content\/uploads\/2023\/08\/img-20230805-wa00601610027105028819401-768x512.jpg 768w, https:\/\/contextoanalisisperiodistico.com\/wp-content\/uploads\/2023\/08\/img-20230805-wa00601610027105028819401-1536x1023.jpg 1536w, https:\/\/contextoanalisisperiodistico.com\/wp-content\/uploads\/2023\/08\/img-20230805-wa00601610027105028819401.jpg 1600w\" sizes=\"(max-width: 1024px) 100vw, 1024px\" \/><\/figure>\n\n\n\n<figure class=\"wp-block-image\"><img loading=\"lazy\" decoding=\"async\" width=\"1024\" height=\"682\" src=\"https:\/\/contextoanalisisperiodistico.com\/wp-content\/uploads\/2023\/08\/img-20230805-wa00556132876567752946870-1024x682.jpg\" alt=\"\" class=\"wp-image-16997\" srcset=\"https:\/\/contextoanalisisperiodistico.com\/wp-content\/uploads\/2023\/08\/img-20230805-wa00556132876567752946870-1024x682.jpg 1024w, https:\/\/contextoanalisisperiodistico.com\/wp-content\/uploads\/2023\/08\/img-20230805-wa00556132876567752946870-300x200.jpg 300w, https:\/\/contextoanalisisperiodistico.com\/wp-content\/uploads\/2023\/08\/img-20230805-wa00556132876567752946870-768x512.jpg 768w, https:\/\/contextoanalisisperiodistico.com\/wp-content\/uploads\/2023\/08\/img-20230805-wa00556132876567752946870-1536x1023.jpg 1536w, https:\/\/contextoanalisisperiodistico.com\/wp-content\/uploads\/2023\/08\/img-20230805-wa00556132876567752946870.jpg 1600w\" sizes=\"(max-width: 1024px) 100vw, 1024px\" \/><\/figure>\n","protected":false},"excerpt":{"rendered":"<p>\u2022 El Gobernador del Estado visit\u00f3 la construcci\u00f3n de dicha obra para constatar los avances&#8230;<\/p>\n","protected":false},"author":4,"featured_media":16988,"comment_status":"closed","ping_status":"open","sticky":false,"template":"","format":"standard","meta":{"footnotes":""},"categories":[9],"tags":[],"jetpack_sharing_enabled":true,"featured_image_urls":{"full":["https:\/\/contextoanalisisperiodistico.com\/wp-content\/uploads\/2023\/08\/IMG-20230805-WA0056.jpg",1600,1066,false],"thumbnail":["https:\/\/contextoanalisisperiodistico.com\/wp-content\/uploads\/2023\/08\/IMG-20230805-WA0056-150x150.jpg",150,150,true],"medium":["https:\/\/contextoanalisisperiodistico.com\/wp-content\/uploads\/2023\/08\/IMG-20230805-WA0056-300x200.jpg",300,200,true],"medium_large":["https:\/\/contextoanalisisperiodistico.com\/wp-content\/uploads\/2023\/08\/IMG-20230805-WA0056-768x512.jpg",640,427,true],"large":["https:\/\/contextoanalisisperiodistico.com\/wp-content\/uploads\/2023\/08\/IMG-20230805-WA0056-1024x682.jpg",640,426,true],"1536x1536":["https:\/\/contextoanalisisperiodistico.com\/wp-content\/uploads\/2023\/08\/IMG-20230805-WA0056-1536x1023.jpg",1536,1023,true],"2048x2048":["https:\/\/contextoanalisisperiodistico.com\/wp-content\/uploads\/2023\/08\/IMG-20230805-WA0056.jpg",1600,1066,false],"covernews-slider-full":["https:\/\/contextoanalisisperiodistico.com\/wp-content\/uploads\/2023\/08\/IMG-20230805-WA0056-1115x715.jpg",1115,715,true],"covernews-slider-center":["https:\/\/contextoanalisisperiodistico.com\/wp-content\/uploads\/2023\/08\/IMG-20230805-WA0056-800x500.jpg",800,500,true],"covernews-featured":["https:\/\/contextoanalisisperiodistico.com\/wp-content\/uploads\/2023\/08\/IMG-20230805-WA0056-1024x682.jpg",1024,682,true],"covernews-medium":["https:\/\/contextoanalisisperiodistico.com\/wp-content\/uploads\/2023\/08\/IMG-20230805-WA0056-540x340.jpg",540,340,true],"covernews-medium-square":["https:\/\/contextoanalisisperiodistico.com\/wp-content\/uploads\/2023\/08\/IMG-20230805-WA0056-400x250.jpg",400,250,true]},"author_info":{"display_name":"Mario Gir\u00f3n","author_link":"https:\/\/contextoanalisisperiodistico.com\/index.php\/author\/director\/"},"category_info":"<a href=\"https:\/\/contextoanalisisperiodistico.com\/index.php\/category\/politica\/\" rel=\"category tag\">Pol\u00edtica<\/a>","tag_info":"Pol\u00edtica","comment_count":"0","jetpack_featured_media_url":"https:\/\/contextoanalisisperiodistico.com\/wp-content\/uploads\/2023\/08\/IMG-20230805-WA0056.jpg","_links":{"self":[{"href":"https:\/\/contextoanalisisperiodistico.com\/index.php\/wp-json\/wp\/v2\/posts\/16987"}],"collection":[{"href":"https:\/\/contextoanalisisperiodistico.com\/index.php\/wp-json\/wp\/v2\/posts"}],"about":[{"href":"https:\/\/contextoanalisisperiodistico.com\/index.php\/wp-json\/wp\/v2\/types\/post"}],"author":[{"embeddable":true,"href":"https:\/\/contextoanalisisperiodistico.com\/index.php\/wp-json\/wp\/v2\/users\/4"}],"replies":[{"embeddable":true,"href":"https:\/\/contextoanalisisperiodistico.com\/index.php\/wp-json\/wp\/v2\/comments?post=16987"}],"version-history":[{"count":1,"href":"https:\/\/contextoanalisisperiodistico.com\/index.php\/wp-json\/wp\/v2\/posts\/16987\/revisions"}],"predecessor-version":[{"id":16998,"href":"https:\/\/contextoanalisisperiodistico.com\/index.php\/wp-json\/wp\/v2\/posts\/16987\/revisions\/16998"}],"wp:featuredmedia":[{"embeddable":true,"href":"https:\/\/contextoanalisisperiodistico.com\/index.php\/wp-json\/wp\/v2\/media\/16988"}],"wp:attachment":[{"href":"https:\/\/contextoanalisisperiodistico.com\/index.php\/wp-json\/wp\/v2\/media?parent=16987"}],"wp:term":[{"taxonomy":"category","embeddable":true,"href":"https:\/\/contextoanalisisperiodistico.com\/index.php\/wp-json\/wp\/v2\/categories?post=16987"},{"taxonomy":"post_tag","embeddable":true,"href":"https:\/\/contextoanalisisperiodistico.com\/index.php\/wp-json\/wp\/v2\/tags?post=16987"}],"curies":[{"name":"wp","href":"https:\/\/api.w.org\/{rel}","templated":true}]}}