{"id":16980,"date":"2023-08-05T16:18:11","date_gmt":"2023-08-05T22:18:11","guid":{"rendered":"https:\/\/contextoanalisisperiodistico.com\/?p=16980"},"modified":"2023-08-05T16:18:23","modified_gmt":"2023-08-05T22:18:23","slug":"se-suma-secretaria-de-administracion-a-las-acciones-para-detonar-el-desarrollo-en-el-istmo","status":"publish","type":"post","link":"https:\/\/contextoanalisisperiodistico.com\/index.php\/2023\/08\/05\/se-suma-secretaria-de-administracion-a-las-acciones-para-detonar-el-desarrollo-en-el-istmo\/","title":{"rendered":"Se suma Secretar\u00eda de Administraci\u00f3n a las acciones para detonar el desarrollo en el Istmo"},"content":{"rendered":"<div id=\"fb-root\"><\/div>\n\n<p>El Gobierno del Estado anunci\u00f3 una inversi\u00f3n de m\u00e1s de 15 millones de pesos en diversos apoyos como parte de la estrategia Trabajo que Transforma tu Municipio<\/p>\n\n\n\n<p>Santa Mar\u00eda Guienagati, Oax., 5 de agosto de 2023.- Como parte de la estrategia Trabajo que Transforma tu Municipio, impulsada por el Gobierno de Salom\u00f3n Jara Cruz, la Secretar\u00eda de Administraci\u00f3n se suma a estas acciones que buscan impulsar el desarrollo de las y los habitantes de la regi\u00f3n del Istmo de Tehuantepec.<\/p>\n\n\n\n<p>Al iniciar la gira de trabajo en esta regi\u00f3n, el secretario de Administraci\u00f3n Antonino Morales Toledo indic\u00f3 que han tenido importantes ahorros desde esta dependencia, mismos que se convertir\u00e1n en acciones y trabajo para transformar los municipios. \u201cEl gobierno de la Primavera Oaxaque\u00f1a combatir\u00e1 el rezago y la pobreza\u201d, afirm\u00f3.<\/p>\n\n\n\n<p>\u00abPor instrucciones del Gobernador del Estado se est\u00e1n cuidando los recursos de todas las y los oaxaque\u00f1os, para que esos ahorros se reflejen en mejores caminos, en mejores hospitales, en centros educativos, programas que realmente detonen, ya no m\u00e1s un Oaxaca en el olvido, un Oaxaca en el retraso\u00bb, se\u00f1al\u00f3 Morales Toledo.<\/p>\n\n\n\n<p>En Santa Mar\u00eda Guienagati el Mandatario Estatal anunci\u00f3 una inversi\u00f3n de m\u00e1s de 15 millones de pesos adicionales para obras de infraestructura, salud, vivienda y educaci\u00f3n. Asimismo, reafirm\u00f3 que el bienestar y desarrollo llegar\u00e1 a todas las comunidades del estado.<\/p>\n\n\n\n<p>La estructura gubernamental, conformada por titulares de las diferentes secretar\u00edas, recorri\u00f3 los municipios de Guevea de Humboldt, Santa Mar\u00eda Guienagati, Santiago Laollaga, Magdalena Tlacotepec, Santo Domingo Chihuit\u00e1n y Ciudad Ixtepec.<\/p>\n\n\n\n<figure class=\"wp-block-image size-large\"><img fetchpriority=\"high\" decoding=\"async\" width=\"1024\" height=\"683\" src=\"https:\/\/contextoanalisisperiodistico.com\/wp-content\/uploads\/2023\/08\/img-20230805-wa00414679156499253592301-1024x683.jpg\" alt=\"\" class=\"wp-image-16983\" srcset=\"https:\/\/contextoanalisisperiodistico.com\/wp-content\/uploads\/2023\/08\/img-20230805-wa00414679156499253592301-1024x683.jpg 1024w, https:\/\/contextoanalisisperiodistico.com\/wp-content\/uploads\/2023\/08\/img-20230805-wa00414679156499253592301-300x200.jpg 300w, https:\/\/contextoanalisisperiodistico.com\/wp-content\/uploads\/2023\/08\/img-20230805-wa00414679156499253592301-768x512.jpg 768w, https:\/\/contextoanalisisperiodistico.com\/wp-content\/uploads\/2023\/08\/img-20230805-wa00414679156499253592301.jpg 1080w\" sizes=\"(max-width: 1024px) 100vw, 1024px\" \/><\/figure>\n\n\n\n<figure class=\"wp-block-image\"><img decoding=\"async\" width=\"300\" height=\"200\" src=\"https:\/\/contextoanalisisperiodistico.com\/wp-content\/uploads\/2023\/08\/img-20230804-wa00644404056970428098775-300x200.jpg\" alt=\"\" class=\"wp-image-16984\" srcset=\"https:\/\/contextoanalisisperiodistico.com\/wp-content\/uploads\/2023\/08\/img-20230804-wa00644404056970428098775-300x200.jpg 300w, https:\/\/contextoanalisisperiodistico.com\/wp-content\/uploads\/2023\/08\/img-20230804-wa00644404056970428098775-768x512.jpg 768w, https:\/\/contextoanalisisperiodistico.com\/wp-content\/uploads\/2023\/08\/img-20230804-wa00644404056970428098775.jpg 1024w\" sizes=\"(max-width: 300px) 100vw, 300px\" \/><\/figure>\n\n\n\n<figure class=\"wp-block-image\"><img decoding=\"async\" width=\"300\" height=\"200\" src=\"https:\/\/contextoanalisisperiodistico.com\/wp-content\/uploads\/2023\/08\/img-20230804-wa00878399136247578790290-300x200.jpg\" alt=\"\" class=\"wp-image-16985\" srcset=\"https:\/\/contextoanalisisperiodistico.com\/wp-content\/uploads\/2023\/08\/img-20230804-wa00878399136247578790290-300x200.jpg 300w, https:\/\/contextoanalisisperiodistico.com\/wp-content\/uploads\/2023\/08\/img-20230804-wa00878399136247578790290-768x512.jpg 768w, https:\/\/contextoanalisisperiodistico.com\/wp-content\/uploads\/2023\/08\/img-20230804-wa00878399136247578790290.jpg 1024w\" sizes=\"(max-width: 300px) 100vw, 300px\" \/><\/figure>\n\n\n\n<figure class=\"wp-block-image\"><img loading=\"lazy\" decoding=\"async\" width=\"1024\" height=\"683\" src=\"https:\/\/contextoanalisisperiodistico.com\/wp-content\/uploads\/2023\/08\/img-20230804-wa00651984678241530737092-1024x683.jpg\" alt=\"\" class=\"wp-image-16982\" srcset=\"https:\/\/contextoanalisisperiodistico.com\/wp-content\/uploads\/2023\/08\/img-20230804-wa00651984678241530737092-1024x683.jpg 1024w, https:\/\/contextoanalisisperiodistico.com\/wp-content\/uploads\/2023\/08\/img-20230804-wa00651984678241530737092-300x200.jpg 300w, https:\/\/contextoanalisisperiodistico.com\/wp-content\/uploads\/2023\/08\/img-20230804-wa00651984678241530737092-768x512.jpg 768w, https:\/\/contextoanalisisperiodistico.com\/wp-content\/uploads\/2023\/08\/img-20230804-wa00651984678241530737092.jpg 1079w\" sizes=\"(max-width: 1024px) 100vw, 1024px\" \/><\/figure>\n","protected":false},"excerpt":{"rendered":"<p>El Gobierno del Estado anunci\u00f3 una inversi\u00f3n de m\u00e1s de 15 millones de pesos en&#8230;<\/p>\n","protected":false},"author":4,"featured_media":16981,"comment_status":"closed","ping_status":"open","sticky":false,"template":"","format":"standard","meta":{"footnotes":""},"categories":[9],"tags":[],"jetpack_sharing_enabled":true,"featured_image_urls":{"full":["https:\/\/contextoanalisisperiodistico.com\/wp-content\/uploads\/2023\/08\/IMG-20230804-WA0067.jpg",1024,683,false],"thumbnail":["https:\/\/contextoanalisisperiodistico.com\/wp-content\/uploads\/2023\/08\/IMG-20230804-WA0067-150x150.jpg",150,150,true],"medium":["https:\/\/contextoanalisisperiodistico.com\/wp-content\/uploads\/2023\/08\/IMG-20230804-WA0067-300x200.jpg",300,200,true],"medium_large":["https:\/\/contextoanalisisperiodistico.com\/wp-content\/uploads\/2023\/08\/IMG-20230804-WA0067-768x512.jpg",640,427,true],"large":["https:\/\/contextoanalisisperiodistico.com\/wp-content\/uploads\/2023\/08\/IMG-20230804-WA0067.jpg",640,427,false],"1536x1536":["https:\/\/contextoanalisisperiodistico.com\/wp-content\/uploads\/2023\/08\/IMG-20230804-WA0067.jpg",1024,683,false],"2048x2048":["https:\/\/contextoanalisisperiodistico.com\/wp-content\/uploads\/2023\/08\/IMG-20230804-WA0067.jpg",1024,683,false],"covernews-slider-full":["https:\/\/contextoanalisisperiodistico.com\/wp-content\/uploads\/2023\/08\/IMG-20230804-WA0067.jpg",1024,683,false],"covernews-slider-center":["https:\/\/contextoanalisisperiodistico.com\/wp-content\/uploads\/2023\/08\/IMG-20230804-WA0067-800x500.jpg",800,500,true],"covernews-featured":["https:\/\/contextoanalisisperiodistico.com\/wp-content\/uploads\/2023\/08\/IMG-20230804-WA0067.jpg",1024,683,false],"covernews-medium":["https:\/\/contextoanalisisperiodistico.com\/wp-content\/uploads\/2023\/08\/IMG-20230804-WA0067-540x340.jpg",540,340,true],"covernews-medium-square":["https:\/\/contextoanalisisperiodistico.com\/wp-content\/uploads\/2023\/08\/IMG-20230804-WA0067-400x250.jpg",400,250,true]},"author_info":{"display_name":"Mario Gir\u00f3n","author_link":"https:\/\/contextoanalisisperiodistico.com\/index.php\/author\/director\/"},"category_info":"<a href=\"https:\/\/contextoanalisisperiodistico.com\/index.php\/category\/politica\/\" rel=\"category tag\">Pol\u00edtica<\/a>","tag_info":"Pol\u00edtica","comment_count":"0","jetpack_featured_media_url":"https:\/\/contextoanalisisperiodistico.com\/wp-content\/uploads\/2023\/08\/IMG-20230804-WA0067.jpg","_links":{"self":[{"href":"https:\/\/contextoanalisisperiodistico.com\/index.php\/wp-json\/wp\/v2\/posts\/16980"}],"collection":[{"href":"https:\/\/contextoanalisisperiodistico.com\/index.php\/wp-json\/wp\/v2\/posts"}],"about":[{"href":"https:\/\/contextoanalisisperiodistico.com\/index.php\/wp-json\/wp\/v2\/types\/post"}],"author":[{"embeddable":true,"href":"https:\/\/contextoanalisisperiodistico.com\/index.php\/wp-json\/wp\/v2\/users\/4"}],"replies":[{"embeddable":true,"href":"https:\/\/contextoanalisisperiodistico.com\/index.php\/wp-json\/wp\/v2\/comments?post=16980"}],"version-history":[{"count":1,"href":"https:\/\/contextoanalisisperiodistico.com\/index.php\/wp-json\/wp\/v2\/posts\/16980\/revisions"}],"predecessor-version":[{"id":16986,"href":"https:\/\/contextoanalisisperiodistico.com\/index.php\/wp-json\/wp\/v2\/posts\/16980\/revisions\/16986"}],"wp:featuredmedia":[{"embeddable":true,"href":"https:\/\/contextoanalisisperiodistico.com\/index.php\/wp-json\/wp\/v2\/media\/16981"}],"wp:attachment":[{"href":"https:\/\/contextoanalisisperiodistico.com\/index.php\/wp-json\/wp\/v2\/media?parent=16980"}],"wp:term":[{"taxonomy":"category","embeddable":true,"href":"https:\/\/contextoanalisisperiodistico.com\/index.php\/wp-json\/wp\/v2\/categories?post=16980"},{"taxonomy":"post_tag","embeddable":true,"href":"https:\/\/contextoanalisisperiodistico.com\/index.php\/wp-json\/wp\/v2\/tags?post=16980"}],"curies":[{"name":"wp","href":"https:\/\/api.w.org\/{rel}","templated":true}]}}