{"id":16960,"date":"2023-08-05T09:50:04","date_gmt":"2023-08-05T15:50:04","guid":{"rendered":"https:\/\/contextoanalisisperiodistico.com\/?p=16960"},"modified":"2023-08-05T09:50:41","modified_gmt":"2023-08-05T15:50:41","slug":"no-podemos-seguir-ocupando-los-primeros-lugares-en-pobreza-salomon-jara-cruz","status":"publish","type":"post","link":"https:\/\/contextoanalisisperiodistico.com\/index.php\/2023\/08\/05\/no-podemos-seguir-ocupando-los-primeros-lugares-en-pobreza-salomon-jara-cruz\/","title":{"rendered":"<em>No podemos seguir ocupando los primeros lugares en pobreza: Salom\u00f3n Jara Cruz<\/em>"},"content":{"rendered":"<div id=\"fb-root\"><\/div>\n\n<p>\u2022 El Gobernador del Estado de Oaxaca visito la comunidad de Magdalena Tlacotepec donde realizar\u00e1 una inversi\u00f3n superior a los 15 millones de pesos<\/p>\n\n\n\n<p>\u2022 Mediante la estrategia Trabajo que Transforma tu Municipio se impulsar\u00e1 el desarrollo de dicha comunidad<\/p>\n\n\n\n<p>Magdalena Tlacotepec, Oax. 4 de agosto de 2023.- El Gobernador del Estado Salom\u00f3n Jara Cruz refrend\u00f3 hoy aqu\u00ed el compromiso de su administraci\u00f3n de trabajar con los municipios para revertir los rezagos sociales que presentan.<\/p>\n\n\n\n<p>Acompa\u00f1ado de la Presidenta Honoraria del Sistema DIF Oaxaca Irma Bola\u00f1os Quijano y de integrantes de su gabinete legal, el titular del Poder Ejecutivo destac\u00f3 que como parte de este compromiso destinar\u00e1 m\u00e1s de 15 millones 26 mil 831 pesos para impulsar programas y acciones que mejoren las condiciones de vida de las y los ciudadanos de Magdalena Tlacotepec.<\/p>\n\n\n\n<p>\u201cSomos un gobierno diferente, humilde y cercano al pueblo, por eso implementaremos en esta localidad el Programa Trabajo que Transforma tu Municipio con el cual trabajaremos de la mano de la comunidad para priorizar obras que impulsen el desarrollo del Magdalena Tlacotepec\u201d, afirm\u00f3.<\/p>\n\n\n\n<p>Record\u00f3 que visita todos los municipios de Oaxaca luego de que el Estado y sus regiones hab\u00edan sido abandonados por los gobiernos pasados. \u201cPor ello, no podemos seguir en el abandono, en el rezago\u201d, expres\u00f3.<\/p>\n\n\n\n<p>Resalt\u00f3 que la entidad oaxaque\u00f1a cuenta con dos elementos importantes para salir adelante: recursos humanos y recursos naturales; sin embargo, \u201cfaltaba que tuvieran un gobierno con ganas de trabajar a favor de las comunidades\u201d.<\/p>\n\n\n\n<p>Como parte del Programa Trabajo que Transforma tu Municipio, Magdalena Tlacotepec recibir\u00e1 de parte del Instituto Estatal de Educaci\u00f3n P\u00fablica de Oaxaca (IEEPO) una inversi\u00f3n por el orden de los 59 mil 249 pesos para la compra de mobiliario y con ello garantizar al alumnado de dicha poblaci\u00f3n espacios educativos dignos.<\/p>\n\n\n\n<p>Mientras que la Secretar\u00eda de Fomento Agroalimentario y Desarrollo Rural (Sefader) canalizar\u00e1 para campa\u00f1as fitosanitarias, 20 mil 778 pesos con el objetivo de detectar, controlar, prevenir y erradicar la dispersi\u00f3n de plagas y enfermedades que afecten el campo.<\/p>\n\n\n\n<p>Mientras que la Secretar\u00eda de Finanzas (Sefin) aportar\u00e1 una inversi\u00f3n de 24 mil 500 pesos a trav\u00e9s del Fondo de Compensaci\u00f3n.<\/p>\n\n\n\n<p>Por otro lado, el Instituto del Patrimonio Cultural del Estado de Oaxaca (Inpac) aportar\u00e1 cuatro millones 922 mil 304 pesos para la restauraci\u00f3n de los templos cat\u00f3licos existentes en la poblaci\u00f3n, los cuales fueron afectados durante los sismos del 2017.<\/p>\n\n\n\n<p>Finalmente, a trav\u00e9s de Caminos Bienestar (Cabien) se invertir\u00e1n diez millones de pesos para mejorar las carreteras.<\/p>\n\n\n\n<figure class=\"wp-block-image size-large\"><img fetchpriority=\"high\" decoding=\"async\" width=\"1024\" height=\"683\" src=\"https:\/\/contextoanalisisperiodistico.com\/wp-content\/uploads\/2023\/08\/img-20230804-wa00726506625427285560385.jpg\" alt=\"\" class=\"wp-image-16957\" srcset=\"https:\/\/contextoanalisisperiodistico.com\/wp-content\/uploads\/2023\/08\/img-20230804-wa00726506625427285560385.jpg 1024w, https:\/\/contextoanalisisperiodistico.com\/wp-content\/uploads\/2023\/08\/img-20230804-wa00726506625427285560385-300x200.jpg 300w, https:\/\/contextoanalisisperiodistico.com\/wp-content\/uploads\/2023\/08\/img-20230804-wa00726506625427285560385-768x512.jpg 768w\" sizes=\"(max-width: 1024px) 100vw, 1024px\" \/><\/figure>\n\n\n\n<figure class=\"wp-block-image\"><img decoding=\"async\" width=\"300\" height=\"200\" src=\"https:\/\/contextoanalisisperiodistico.com\/wp-content\/uploads\/2023\/08\/img-20230804-wa00737343066279011711686-300x200.jpg\" alt=\"\" class=\"wp-image-16956\" srcset=\"https:\/\/contextoanalisisperiodistico.com\/wp-content\/uploads\/2023\/08\/img-20230804-wa00737343066279011711686-300x200.jpg 300w, https:\/\/contextoanalisisperiodistico.com\/wp-content\/uploads\/2023\/08\/img-20230804-wa00737343066279011711686-768x513.jpg 768w, https:\/\/contextoanalisisperiodistico.com\/wp-content\/uploads\/2023\/08\/img-20230804-wa00737343066279011711686.jpg 1024w\" sizes=\"(max-width: 300px) 100vw, 300px\" \/><\/figure>\n\n\n\n<figure class=\"wp-block-image\"><img decoding=\"async\" width=\"1024\" height=\"683\" src=\"https:\/\/contextoanalisisperiodistico.com\/wp-content\/uploads\/2023\/08\/img-20230804-wa00742764835647111263627-1024x683.jpg\" alt=\"\" class=\"wp-image-16959\" srcset=\"https:\/\/contextoanalisisperiodistico.com\/wp-content\/uploads\/2023\/08\/img-20230804-wa00742764835647111263627-1024x683.jpg 1024w, https:\/\/contextoanalisisperiodistico.com\/wp-content\/uploads\/2023\/08\/img-20230804-wa00742764835647111263627-300x200.jpg 300w, https:\/\/contextoanalisisperiodistico.com\/wp-content\/uploads\/2023\/08\/img-20230804-wa00742764835647111263627-768x512.jpg 768w, https:\/\/contextoanalisisperiodistico.com\/wp-content\/uploads\/2023\/08\/img-20230804-wa00742764835647111263627-1536x1024.jpg 1536w, https:\/\/contextoanalisisperiodistico.com\/wp-content\/uploads\/2023\/08\/img-20230804-wa00742764835647111263627.jpg 1600w\" sizes=\"(max-width: 1024px) 100vw, 1024px\" \/><\/figure>\n\n\n\n<figure class=\"wp-block-image\"><img loading=\"lazy\" decoding=\"async\" width=\"300\" height=\"200\" src=\"https:\/\/contextoanalisisperiodistico.com\/wp-content\/uploads\/2023\/08\/img-20230804-wa00712435673454931735737-300x200.jpg\" alt=\"\" class=\"wp-image-16958\" srcset=\"https:\/\/contextoanalisisperiodistico.com\/wp-content\/uploads\/2023\/08\/img-20230804-wa00712435673454931735737-300x200.jpg 300w, https:\/\/contextoanalisisperiodistico.com\/wp-content\/uploads\/2023\/08\/img-20230804-wa00712435673454931735737-768x512.jpg 768w, https:\/\/contextoanalisisperiodistico.com\/wp-content\/uploads\/2023\/08\/img-20230804-wa00712435673454931735737.jpg 1024w\" sizes=\"(max-width: 300px) 100vw, 300px\" \/><\/figure>\n","protected":false},"excerpt":{"rendered":"<p>\u2022 El Gobernador del Estado de Oaxaca visito la comunidad de Magdalena Tlacotepec donde realizar\u00e1&#8230;<\/p>\n","protected":false},"author":4,"featured_media":16955,"comment_status":"closed","ping_status":"open","sticky":false,"template":"","format":"standard","meta":{"footnotes":""},"categories":[9],"tags":[],"jetpack_sharing_enabled":true,"featured_image_urls":{"full":["https:\/\/contextoanalisisperiodistico.com\/wp-content\/uploads\/2023\/08\/IMG-20230804-WA0069.jpg",1024,683,false],"thumbnail":["https:\/\/contextoanalisisperiodistico.com\/wp-content\/uploads\/2023\/08\/IMG-20230804-WA0069-150x150.jpg",150,150,true],"medium":["https:\/\/contextoanalisisperiodistico.com\/wp-content\/uploads\/2023\/08\/IMG-20230804-WA0069-300x200.jpg",300,200,true],"medium_large":["https:\/\/contextoanalisisperiodistico.com\/wp-content\/uploads\/2023\/08\/IMG-20230804-WA0069-768x512.jpg",640,427,true],"large":["https:\/\/contextoanalisisperiodistico.com\/wp-content\/uploads\/2023\/08\/IMG-20230804-WA0069.jpg",640,427,false],"1536x1536":["https:\/\/contextoanalisisperiodistico.com\/wp-content\/uploads\/2023\/08\/IMG-20230804-WA0069.jpg",1024,683,false],"2048x2048":["https:\/\/contextoanalisisperiodistico.com\/wp-content\/uploads\/2023\/08\/IMG-20230804-WA0069.jpg",1024,683,false],"covernews-slider-full":["https:\/\/contextoanalisisperiodistico.com\/wp-content\/uploads\/2023\/08\/IMG-20230804-WA0069.jpg",1024,683,false],"covernews-slider-center":["https:\/\/contextoanalisisperiodistico.com\/wp-content\/uploads\/2023\/08\/IMG-20230804-WA0069-800x500.jpg",800,500,true],"covernews-featured":["https:\/\/contextoanalisisperiodistico.com\/wp-content\/uploads\/2023\/08\/IMG-20230804-WA0069.jpg",1024,683,false],"covernews-medium":["https:\/\/contextoanalisisperiodistico.com\/wp-content\/uploads\/2023\/08\/IMG-20230804-WA0069-540x340.jpg",540,340,true],"covernews-medium-square":["https:\/\/contextoanalisisperiodistico.com\/wp-content\/uploads\/2023\/08\/IMG-20230804-WA0069-400x250.jpg",400,250,true]},"author_info":{"display_name":"Mario Gir\u00f3n","author_link":"https:\/\/contextoanalisisperiodistico.com\/index.php\/author\/director\/"},"category_info":"<a href=\"https:\/\/contextoanalisisperiodistico.com\/index.php\/category\/politica\/\" rel=\"category tag\">Pol\u00edtica<\/a>","tag_info":"Pol\u00edtica","comment_count":"0","jetpack_featured_media_url":"https:\/\/contextoanalisisperiodistico.com\/wp-content\/uploads\/2023\/08\/IMG-20230804-WA0069.jpg","_links":{"self":[{"href":"https:\/\/contextoanalisisperiodistico.com\/index.php\/wp-json\/wp\/v2\/posts\/16960"}],"collection":[{"href":"https:\/\/contextoanalisisperiodistico.com\/index.php\/wp-json\/wp\/v2\/posts"}],"about":[{"href":"https:\/\/contextoanalisisperiodistico.com\/index.php\/wp-json\/wp\/v2\/types\/post"}],"author":[{"embeddable":true,"href":"https:\/\/contextoanalisisperiodistico.com\/index.php\/wp-json\/wp\/v2\/users\/4"}],"replies":[{"embeddable":true,"href":"https:\/\/contextoanalisisperiodistico.com\/index.php\/wp-json\/wp\/v2\/comments?post=16960"}],"version-history":[{"count":1,"href":"https:\/\/contextoanalisisperiodistico.com\/index.php\/wp-json\/wp\/v2\/posts\/16960\/revisions"}],"predecessor-version":[{"id":16961,"href":"https:\/\/contextoanalisisperiodistico.com\/index.php\/wp-json\/wp\/v2\/posts\/16960\/revisions\/16961"}],"wp:featuredmedia":[{"embeddable":true,"href":"https:\/\/contextoanalisisperiodistico.com\/index.php\/wp-json\/wp\/v2\/media\/16955"}],"wp:attachment":[{"href":"https:\/\/contextoanalisisperiodistico.com\/index.php\/wp-json\/wp\/v2\/media?parent=16960"}],"wp:term":[{"taxonomy":"category","embeddable":true,"href":"https:\/\/contextoanalisisperiodistico.com\/index.php\/wp-json\/wp\/v2\/categories?post=16960"},{"taxonomy":"post_tag","embeddable":true,"href":"https:\/\/contextoanalisisperiodistico.com\/index.php\/wp-json\/wp\/v2\/tags?post=16960"}],"curies":[{"name":"wp","href":"https:\/\/api.w.org\/{rel}","templated":true}]}}