{"id":16942,"date":"2023-08-05T09:26:06","date_gmt":"2023-08-05T15:26:06","guid":{"rendered":"https:\/\/contextoanalisisperiodistico.com\/?p=16942"},"modified":"2023-08-05T09:26:21","modified_gmt":"2023-08-05T15:26:21","slug":"nunca-mas-un-oaxaca-en-el-olvido-y-la-pobreza-antonino-morales-toledo","status":"publish","type":"post","link":"https:\/\/contextoanalisisperiodistico.com\/index.php\/2023\/08\/05\/nunca-mas-un-oaxaca-en-el-olvido-y-la-pobreza-antonino-morales-toledo\/","title":{"rendered":"<em>Nunca m\u00e1s un Oaxaca en el olvido y la pobreza: Antonino Morales Toledo<\/em>"},"content":{"rendered":"<div id=\"fb-root\"><\/div>\n\n<ul>\n<li>Recorre secretario de Administraci\u00f3n, Antonino Morales Toledo, junto al Gobernador Salom\u00f3n Jara Cruz e integrantes del Gabinete, la regi\u00f3n del Istmo de Tehuantepec<\/li>\n<\/ul>\n\n\n\n<p>Santa Mar\u00eda Guienagati, Oax., 4 de agosto de 2023.- Con la estrategia &#8216;Trabajo que Transforma tu Municipio&#8217; el gobierno de la Primavera Oaxaque\u00f1a combatir\u00e1 el rezago y la pobreza afirm\u00f3 Antonino Morales Toledo, secretario de Administraci\u00f3n.<\/p>\n\n\n\n<p>Al iniciar la gira de trabajo en la regi\u00f3n del Istmo de Tehuantepec, durante su participaci\u00f3n, Antonino Morales Toledo indic\u00f3 que se han tenido importantes ahorros desde la Secretar\u00eda de Administraci\u00f3n que se convertir\u00e1n en acciones y trabajo para transformar los municipios.<\/p>\n\n\n\n<p>\u00abPor instrucciones del Gobernador del Estado se est\u00e1n cuidando los recursos de todos los oaxaque\u00f1os para que esos ahorros se reflejen en mejores caminos, en mejores hospitales, mejores centros educativos, en programas que realmente detonenen, ya no m\u00e1s un Oaxaca en el olvido, un Oaxaca en el retraso\u00bb, se\u00f1al\u00f3 Morales Toledo.<\/p>\n\n\n\n<p>En Santa Mar\u00eda Guienagati, donde el Gobernador Salom\u00f3n Jara Cruz hizo el anuncio de una inversi\u00f3n de m\u00e1s de 15 millones de pesos adicionales para obras de infraestructura, salud, vivienda y educaci\u00f3n, el encargado de la pol\u00edtica administrativa estatal destac\u00f3 que el bienestar y desarollo llegar\u00e1 a todas las comunidades del estado.<\/p>\n\n\n\n<p>La estructura gubernamental, conformada por titulares de las diferentes secretar\u00edas, recorri\u00f3 los municipios de Guevea de Humboldt, Santa Mar\u00eda Guienagati, Santiago Laollaga, Magdalena Tlacotepec, Santo Domingo Chihuit\u00e1n y Ciudad Ixtepec.<\/p>\n\n\n\n<figure class=\"wp-block-image size-large\"><img fetchpriority=\"high\" decoding=\"async\" width=\"1024\" height=\"683\" src=\"https:\/\/contextoanalisisperiodistico.com\/wp-content\/uploads\/2023\/08\/img-20230804-wa00673450223298079201653.jpg\" alt=\"\" class=\"wp-image-16944\" srcset=\"https:\/\/contextoanalisisperiodistico.com\/wp-content\/uploads\/2023\/08\/img-20230804-wa00673450223298079201653.jpg 1024w, https:\/\/contextoanalisisperiodistico.com\/wp-content\/uploads\/2023\/08\/img-20230804-wa00673450223298079201653-300x200.jpg 300w, https:\/\/contextoanalisisperiodistico.com\/wp-content\/uploads\/2023\/08\/img-20230804-wa00673450223298079201653-768x512.jpg 768w\" sizes=\"(max-width: 1024px) 100vw, 1024px\" \/><\/figure>\n\n\n\n<figure class=\"wp-block-image\"><img decoding=\"async\" width=\"300\" height=\"200\" src=\"https:\/\/contextoanalisisperiodistico.com\/wp-content\/uploads\/2023\/08\/img-20230804-wa00646853687625345691517-300x200.jpg\" alt=\"\" class=\"wp-image-16946\" srcset=\"https:\/\/contextoanalisisperiodistico.com\/wp-content\/uploads\/2023\/08\/img-20230804-wa00646853687625345691517-300x200.jpg 300w, https:\/\/contextoanalisisperiodistico.com\/wp-content\/uploads\/2023\/08\/img-20230804-wa00646853687625345691517-768x512.jpg 768w, https:\/\/contextoanalisisperiodistico.com\/wp-content\/uploads\/2023\/08\/img-20230804-wa00646853687625345691517.jpg 1024w\" sizes=\"(max-width: 300px) 100vw, 300px\" \/><\/figure>\n\n\n\n<figure class=\"wp-block-image\"><img decoding=\"async\" width=\"1024\" height=\"683\" src=\"https:\/\/contextoanalisisperiodistico.com\/wp-content\/uploads\/2023\/08\/img-20230804-wa00668299984205586889089-1024x683.jpg\" alt=\"\" class=\"wp-image-16945\" srcset=\"https:\/\/contextoanalisisperiodistico.com\/wp-content\/uploads\/2023\/08\/img-20230804-wa00668299984205586889089-1024x683.jpg 1024w, https:\/\/contextoanalisisperiodistico.com\/wp-content\/uploads\/2023\/08\/img-20230804-wa00668299984205586889089-300x200.jpg 300w, https:\/\/contextoanalisisperiodistico.com\/wp-content\/uploads\/2023\/08\/img-20230804-wa00668299984205586889089-768x512.jpg 768w, https:\/\/contextoanalisisperiodistico.com\/wp-content\/uploads\/2023\/08\/img-20230804-wa00668299984205586889089.jpg 1079w\" sizes=\"(max-width: 1024px) 100vw, 1024px\" \/><\/figure>\n","protected":false},"excerpt":{"rendered":"<p>Santa Mar\u00eda Guienagati, Oax., 4 de agosto de 2023.- Con la estrategia &#8216;Trabajo que Transforma&#8230;<\/p>\n","protected":false},"author":4,"featured_media":16943,"comment_status":"closed","ping_status":"open","sticky":false,"template":"","format":"standard","meta":{"footnotes":""},"categories":[9],"tags":[],"jetpack_sharing_enabled":true,"featured_image_urls":{"full":["https:\/\/contextoanalisisperiodistico.com\/wp-content\/uploads\/2023\/08\/IMG-20230804-WA0065.jpg",1079,720,false],"thumbnail":["https:\/\/contextoanalisisperiodistico.com\/wp-content\/uploads\/2023\/08\/IMG-20230804-WA0065-150x150.jpg",150,150,true],"medium":["https:\/\/contextoanalisisperiodistico.com\/wp-content\/uploads\/2023\/08\/IMG-20230804-WA0065-300x200.jpg",300,200,true],"medium_large":["https:\/\/contextoanalisisperiodistico.com\/wp-content\/uploads\/2023\/08\/IMG-20230804-WA0065-768x512.jpg",640,427,true],"large":["https:\/\/contextoanalisisperiodistico.com\/wp-content\/uploads\/2023\/08\/IMG-20230804-WA0065-1024x683.jpg",640,427,true],"1536x1536":["https:\/\/contextoanalisisperiodistico.com\/wp-content\/uploads\/2023\/08\/IMG-20230804-WA0065.jpg",1079,720,false],"2048x2048":["https:\/\/contextoanalisisperiodistico.com\/wp-content\/uploads\/2023\/08\/IMG-20230804-WA0065.jpg",1079,720,false],"covernews-slider-full":["https:\/\/contextoanalisisperiodistico.com\/wp-content\/uploads\/2023\/08\/IMG-20230804-WA0065-1079x715.jpg",1079,715,true],"covernews-slider-center":["https:\/\/contextoanalisisperiodistico.com\/wp-content\/uploads\/2023\/08\/IMG-20230804-WA0065-800x500.jpg",800,500,true],"covernews-featured":["https:\/\/contextoanalisisperiodistico.com\/wp-content\/uploads\/2023\/08\/IMG-20230804-WA0065-1024x683.jpg",1024,683,true],"covernews-medium":["https:\/\/contextoanalisisperiodistico.com\/wp-content\/uploads\/2023\/08\/IMG-20230804-WA0065-540x340.jpg",540,340,true],"covernews-medium-square":["https:\/\/contextoanalisisperiodistico.com\/wp-content\/uploads\/2023\/08\/IMG-20230804-WA0065-400x250.jpg",400,250,true]},"author_info":{"display_name":"Mario Gir\u00f3n","author_link":"https:\/\/contextoanalisisperiodistico.com\/index.php\/author\/director\/"},"category_info":"<a href=\"https:\/\/contextoanalisisperiodistico.com\/index.php\/category\/politica\/\" rel=\"category tag\">Pol\u00edtica<\/a>","tag_info":"Pol\u00edtica","comment_count":"0","jetpack_featured_media_url":"https:\/\/contextoanalisisperiodistico.com\/wp-content\/uploads\/2023\/08\/IMG-20230804-WA0065.jpg","_links":{"self":[{"href":"https:\/\/contextoanalisisperiodistico.com\/index.php\/wp-json\/wp\/v2\/posts\/16942"}],"collection":[{"href":"https:\/\/contextoanalisisperiodistico.com\/index.php\/wp-json\/wp\/v2\/posts"}],"about":[{"href":"https:\/\/contextoanalisisperiodistico.com\/index.php\/wp-json\/wp\/v2\/types\/post"}],"author":[{"embeddable":true,"href":"https:\/\/contextoanalisisperiodistico.com\/index.php\/wp-json\/wp\/v2\/users\/4"}],"replies":[{"embeddable":true,"href":"https:\/\/contextoanalisisperiodistico.com\/index.php\/wp-json\/wp\/v2\/comments?post=16942"}],"version-history":[{"count":1,"href":"https:\/\/contextoanalisisperiodistico.com\/index.php\/wp-json\/wp\/v2\/posts\/16942\/revisions"}],"predecessor-version":[{"id":16947,"href":"https:\/\/contextoanalisisperiodistico.com\/index.php\/wp-json\/wp\/v2\/posts\/16942\/revisions\/16947"}],"wp:featuredmedia":[{"embeddable":true,"href":"https:\/\/contextoanalisisperiodistico.com\/index.php\/wp-json\/wp\/v2\/media\/16943"}],"wp:attachment":[{"href":"https:\/\/contextoanalisisperiodistico.com\/index.php\/wp-json\/wp\/v2\/media?parent=16942"}],"wp:term":[{"taxonomy":"category","embeddable":true,"href":"https:\/\/contextoanalisisperiodistico.com\/index.php\/wp-json\/wp\/v2\/categories?post=16942"},{"taxonomy":"post_tag","embeddable":true,"href":"https:\/\/contextoanalisisperiodistico.com\/index.php\/wp-json\/wp\/v2\/tags?post=16942"}],"curies":[{"name":"wp","href":"https:\/\/api.w.org\/{rel}","templated":true}]}}