{"id":16842,"date":"2023-08-02T16:29:37","date_gmt":"2023-08-02T22:29:37","guid":{"rendered":"https:\/\/contextoanalisisperiodistico.com\/?p=16842"},"modified":"2023-08-02T16:29:50","modified_gmt":"2023-08-02T22:29:50","slug":"continuan-acciones-para-garantizar-la-gobernabilidad-y-seguridad-en-oaxaca","status":"publish","type":"post","link":"https:\/\/contextoanalisisperiodistico.com\/index.php\/2023\/08\/02\/continuan-acciones-para-garantizar-la-gobernabilidad-y-seguridad-en-oaxaca\/","title":{"rendered":"Contin\u00faan acciones para garantizar la gobernabilidad y seguridad en Oaxaca"},"content":{"rendered":"<div id=\"fb-root\"><\/div>\n\n<p>\u2022 La actual administraci\u00f3n estatal mantiene los trabajos en las ocho regiones del estado a trav\u00e9s de las corporaciones de seguridad<\/p>\n\n\n\n<p>Oaxaca de Ju\u00e1rez, Oax. 2 de agosto de 2023.- Integrantes del Gabinete de Seguridad del Gobierno de Oaxaca, encabezados por el secretario de Gobierno (Sego) Jes\u00fas Romero L\u00f3pez, presentaron un balance de acciones realizadas en cumplimiento al compromiso del titular del Ejecutivo Estatal Salom\u00f3n Jara Cruz de brindar paz con justicia al pueblo oaxaque\u00f1o.<\/p>\n\n\n\n<p>El titular de la Secretar\u00eda de Seguridad y Protecci\u00f3n Ciudadana (SSPC) Iv\u00e1n Garc\u00eda \u00c1lvarez inform\u00f3 que, del 25 al 31 de julio de 2023, las corporaciones de esta instituci\u00f3n realizaron 654 acciones estrat\u00e9gicas consistentes en 419 recorridos de seguridad y vigilancia, as\u00ed como 235 operativos disuasivos denominados Zonas y Cuadrantes, Coordinado, Fortalecimiento, Interinstitucional, Control Migratorio, Refuerzo Mixteca y Guelaguetza.<\/p>\n\n\n\n<p>Producto de ello fueron detenidas 99 personas por diversas faltas administrativas y la presunci\u00f3n de delitos del Fuero Com\u00fan y Federal. As\u00ed tambi\u00e9n, se aseguraron 148 veh\u00edculos de los que 18 contaban con reporte de robo; nueve armas de fuego con 25 municiones, nueve armas de fuego y siete cargadores; 82 dosis de presuntas drogas como cristal, coca\u00edna y marihuana; al igual que una b\u00e1scula gramera.<\/p>\n\n\n\n<p>En cuanto a la seguridad penitenciaria, el subsecretario de Prevenci\u00f3n y Reinserci\u00f3n Social Roberto Claudio Castillo Ram\u00edrez dio a conocer que se realizaron 13 decomisos en 78 revisiones; se retiraron 132 objetos y sustancias prohibidas en los Centros Penitenciarios.<\/p>\n\n\n\n<p>As\u00ed tambi\u00e9n, en cumplimiento de los ejes rectores para la reinserci\u00f3n social, se involucraron al menos a 3 mil 710 Personas Privadas de la Libertad (PPL) en actividades laborales, mil 850 en actividades deportivas y les fueron brindadas 766 atenciones en materia de salud. Esto, mientras que 535 PPL se encuentran inscritas en distintos niveles educativos.<\/p>\n\n\n\n<p>Con ello y con el respaldo del Secretariado Ejecutivo del Sistema Estatal de Seguridad P\u00fablica (SESESP), a cargo de Karina Bar\u00f3n Ortiz, la actual administraci\u00f3n estatal mantiene los trabajos para garantizar un ambiente de paz y tranquilidad en las ocho regiones del territorio oaxaque\u00f1o.<\/p>\n\n\n\n<figure class=\"wp-block-image size-large\"><img fetchpriority=\"high\" decoding=\"async\" width=\"1024\" height=\"682\" src=\"https:\/\/contextoanalisisperiodistico.com\/wp-content\/uploads\/2023\/08\/img-20230802-wa00302294343464237157458-1024x682.jpg\" alt=\"\" class=\"wp-image-16845\" srcset=\"https:\/\/contextoanalisisperiodistico.com\/wp-content\/uploads\/2023\/08\/img-20230802-wa00302294343464237157458-1024x682.jpg 1024w, https:\/\/contextoanalisisperiodistico.com\/wp-content\/uploads\/2023\/08\/img-20230802-wa00302294343464237157458-300x200.jpg 300w, https:\/\/contextoanalisisperiodistico.com\/wp-content\/uploads\/2023\/08\/img-20230802-wa00302294343464237157458-768x512.jpg 768w, https:\/\/contextoanalisisperiodistico.com\/wp-content\/uploads\/2023\/08\/img-20230802-wa00302294343464237157458-1536x1023.jpg 1536w, https:\/\/contextoanalisisperiodistico.com\/wp-content\/uploads\/2023\/08\/img-20230802-wa00302294343464237157458.jpg 1600w\" sizes=\"(max-width: 1024px) 100vw, 1024px\" \/><\/figure>\n\n\n\n<figure class=\"wp-block-image\"><img decoding=\"async\" width=\"1024\" height=\"682\" src=\"https:\/\/contextoanalisisperiodistico.com\/wp-content\/uploads\/2023\/08\/img-20230802-wa00324130522192997175608-1024x682.jpg\" alt=\"\" class=\"wp-image-16844\" srcset=\"https:\/\/contextoanalisisperiodistico.com\/wp-content\/uploads\/2023\/08\/img-20230802-wa00324130522192997175608-1024x682.jpg 1024w, https:\/\/contextoanalisisperiodistico.com\/wp-content\/uploads\/2023\/08\/img-20230802-wa00324130522192997175608-300x200.jpg 300w, https:\/\/contextoanalisisperiodistico.com\/wp-content\/uploads\/2023\/08\/img-20230802-wa00324130522192997175608-768x512.jpg 768w, https:\/\/contextoanalisisperiodistico.com\/wp-content\/uploads\/2023\/08\/img-20230802-wa00324130522192997175608-1536x1023.jpg 1536w, https:\/\/contextoanalisisperiodistico.com\/wp-content\/uploads\/2023\/08\/img-20230802-wa00324130522192997175608.jpg 1600w\" sizes=\"(max-width: 1024px) 100vw, 1024px\" \/><\/figure>\n\n\n\n<figure class=\"wp-block-image\"><img decoding=\"async\" width=\"683\" height=\"1024\" src=\"https:\/\/contextoanalisisperiodistico.com\/wp-content\/uploads\/2023\/08\/img-20230802-wa00336231869828632201245-683x1024.jpg\" alt=\"\" class=\"wp-image-16846\" srcset=\"https:\/\/contextoanalisisperiodistico.com\/wp-content\/uploads\/2023\/08\/img-20230802-wa00336231869828632201245-683x1024.jpg 683w, https:\/\/contextoanalisisperiodistico.com\/wp-content\/uploads\/2023\/08\/img-20230802-wa00336231869828632201245-200x300.jpg 200w, https:\/\/contextoanalisisperiodistico.com\/wp-content\/uploads\/2023\/08\/img-20230802-wa00336231869828632201245-768x1152.jpg 768w, https:\/\/contextoanalisisperiodistico.com\/wp-content\/uploads\/2023\/08\/img-20230802-wa00336231869828632201245-1024x1536.jpg 1024w, https:\/\/contextoanalisisperiodistico.com\/wp-content\/uploads\/2023\/08\/img-20230802-wa00336231869828632201245.jpg 1066w\" sizes=\"(max-width: 683px) 100vw, 683px\" \/><\/figure>\n\n\n\n<figure class=\"wp-block-image\"><img loading=\"lazy\" decoding=\"async\" width=\"1024\" height=\"688\" src=\"https:\/\/contextoanalisisperiodistico.com\/wp-content\/uploads\/2023\/08\/img-20230802-wa00342127442858257828425-1024x688.jpg\" alt=\"\" class=\"wp-image-16847\" srcset=\"https:\/\/contextoanalisisperiodistico.com\/wp-content\/uploads\/2023\/08\/img-20230802-wa00342127442858257828425-1024x688.jpg 1024w, https:\/\/contextoanalisisperiodistico.com\/wp-content\/uploads\/2023\/08\/img-20230802-wa00342127442858257828425-300x202.jpg 300w, https:\/\/contextoanalisisperiodistico.com\/wp-content\/uploads\/2023\/08\/img-20230802-wa00342127442858257828425-768x516.jpg 768w, https:\/\/contextoanalisisperiodistico.com\/wp-content\/uploads\/2023\/08\/img-20230802-wa00342127442858257828425-1536x1032.jpg 1536w, https:\/\/contextoanalisisperiodistico.com\/wp-content\/uploads\/2023\/08\/img-20230802-wa00342127442858257828425.jpg 1600w\" sizes=\"(max-width: 1024px) 100vw, 1024px\" \/><\/figure>\n","protected":false},"excerpt":{"rendered":"<p>\u2022 La actual administraci\u00f3n estatal mantiene los trabajos en las ocho regiones del estado a&#8230;<\/p>\n","protected":false},"author":4,"featured_media":16843,"comment_status":"closed","ping_status":"open","sticky":false,"template":"","format":"standard","meta":{"footnotes":""},"categories":[9],"tags":[],"jetpack_sharing_enabled":true,"featured_image_urls":{"full":["https:\/\/contextoanalisisperiodistico.com\/wp-content\/uploads\/2023\/08\/IMG-20230802-WA0031.jpg",1600,1067,false],"thumbnail":["https:\/\/contextoanalisisperiodistico.com\/wp-content\/uploads\/2023\/08\/IMG-20230802-WA0031-150x150.jpg",150,150,true],"medium":["https:\/\/contextoanalisisperiodistico.com\/wp-content\/uploads\/2023\/08\/IMG-20230802-WA0031-300x200.jpg",300,200,true],"medium_large":["https:\/\/contextoanalisisperiodistico.com\/wp-content\/uploads\/2023\/08\/IMG-20230802-WA0031-768x512.jpg",640,427,true],"large":["https:\/\/contextoanalisisperiodistico.com\/wp-content\/uploads\/2023\/08\/IMG-20230802-WA0031-1024x683.jpg",640,427,true],"1536x1536":["https:\/\/contextoanalisisperiodistico.com\/wp-content\/uploads\/2023\/08\/IMG-20230802-WA0031-1536x1024.jpg",1536,1024,true],"2048x2048":["https:\/\/contextoanalisisperiodistico.com\/wp-content\/uploads\/2023\/08\/IMG-20230802-WA0031.jpg",1600,1067,false],"covernews-slider-full":["https:\/\/contextoanalisisperiodistico.com\/wp-content\/uploads\/2023\/08\/IMG-20230802-WA0031-1115x715.jpg",1115,715,true],"covernews-slider-center":["https:\/\/contextoanalisisperiodistico.com\/wp-content\/uploads\/2023\/08\/IMG-20230802-WA0031-800x500.jpg",800,500,true],"covernews-featured":["https:\/\/contextoanalisisperiodistico.com\/wp-content\/uploads\/2023\/08\/IMG-20230802-WA0031-1024x683.jpg",1024,683,true],"covernews-medium":["https:\/\/contextoanalisisperiodistico.com\/wp-content\/uploads\/2023\/08\/IMG-20230802-WA0031-540x340.jpg",540,340,true],"covernews-medium-square":["https:\/\/contextoanalisisperiodistico.com\/wp-content\/uploads\/2023\/08\/IMG-20230802-WA0031-400x250.jpg",400,250,true]},"author_info":{"display_name":"Mario Gir\u00f3n","author_link":"https:\/\/contextoanalisisperiodistico.com\/index.php\/author\/director\/"},"category_info":"<a href=\"https:\/\/contextoanalisisperiodistico.com\/index.php\/category\/politica\/\" rel=\"category tag\">Pol\u00edtica<\/a>","tag_info":"Pol\u00edtica","comment_count":"0","jetpack_featured_media_url":"https:\/\/contextoanalisisperiodistico.com\/wp-content\/uploads\/2023\/08\/IMG-20230802-WA0031.jpg","_links":{"self":[{"href":"https:\/\/contextoanalisisperiodistico.com\/index.php\/wp-json\/wp\/v2\/posts\/16842"}],"collection":[{"href":"https:\/\/contextoanalisisperiodistico.com\/index.php\/wp-json\/wp\/v2\/posts"}],"about":[{"href":"https:\/\/contextoanalisisperiodistico.com\/index.php\/wp-json\/wp\/v2\/types\/post"}],"author":[{"embeddable":true,"href":"https:\/\/contextoanalisisperiodistico.com\/index.php\/wp-json\/wp\/v2\/users\/4"}],"replies":[{"embeddable":true,"href":"https:\/\/contextoanalisisperiodistico.com\/index.php\/wp-json\/wp\/v2\/comments?post=16842"}],"version-history":[{"count":1,"href":"https:\/\/contextoanalisisperiodistico.com\/index.php\/wp-json\/wp\/v2\/posts\/16842\/revisions"}],"predecessor-version":[{"id":16848,"href":"https:\/\/contextoanalisisperiodistico.com\/index.php\/wp-json\/wp\/v2\/posts\/16842\/revisions\/16848"}],"wp:featuredmedia":[{"embeddable":true,"href":"https:\/\/contextoanalisisperiodistico.com\/index.php\/wp-json\/wp\/v2\/media\/16843"}],"wp:attachment":[{"href":"https:\/\/contextoanalisisperiodistico.com\/index.php\/wp-json\/wp\/v2\/media?parent=16842"}],"wp:term":[{"taxonomy":"category","embeddable":true,"href":"https:\/\/contextoanalisisperiodistico.com\/index.php\/wp-json\/wp\/v2\/categories?post=16842"},{"taxonomy":"post_tag","embeddable":true,"href":"https:\/\/contextoanalisisperiodistico.com\/index.php\/wp-json\/wp\/v2\/tags?post=16842"}],"curies":[{"name":"wp","href":"https:\/\/api.w.org\/{rel}","templated":true}]}}