{"id":16817,"date":"2023-08-01T21:51:59","date_gmt":"2023-08-02T03:51:59","guid":{"rendered":"https:\/\/contextoanalisisperiodistico.com\/?p=16817"},"modified":"2023-08-01T21:52:15","modified_gmt":"2023-08-02T03:52:15","slug":"brindaran-espacios-publicos-de-la-secretaria-de-administracion-actividades-gratuitas-en-agosto-2","status":"publish","type":"post","link":"https:\/\/contextoanalisisperiodistico.com\/index.php\/2023\/08\/01\/brindaran-espacios-publicos-de-la-secretaria-de-administracion-actividades-gratuitas-en-agosto-2\/","title":{"rendered":"Brindar\u00e1n espacios p\u00fablicos de la Secretar\u00eda de Administraci\u00f3n actividades gratuitas en agosto"},"content":{"rendered":"<div id=\"fb-root\"><\/div>\n\n<p>Las actividades y servicios permanentes est\u00e1n dirigidos a personas de todas las edades en los ocho parques resguardados por la dependencia que encabeza Antonino Morales Toledo<\/p>\n\n\n\n<p><br>Tlalixtac de Cabrera, Oax., 1 de agosto de 2023.- La Secretar\u00eda de Administraci\u00f3n anunci\u00f3 que durante el mes de agosto los ocho parques que est\u00e1n bajo su resguardo brindar\u00e1n una serie de actividades deportivas, de aprendizaje y convivencia familiar.<\/p>\n\n\n\n<figure class=\"wp-block-image size-large\"><img fetchpriority=\"high\" decoding=\"async\" width=\"770\" height=\"1024\" src=\"https:\/\/contextoanalisisperiodistico.com\/wp-content\/uploads\/2023\/08\/img-20230801-wa00885552959721258581957-770x1024.jpg\" alt=\"\" class=\"wp-image-16819\" srcset=\"https:\/\/contextoanalisisperiodistico.com\/wp-content\/uploads\/2023\/08\/img-20230801-wa00885552959721258581957-770x1024.jpg 770w, https:\/\/contextoanalisisperiodistico.com\/wp-content\/uploads\/2023\/08\/img-20230801-wa00885552959721258581957-226x300.jpg 226w, https:\/\/contextoanalisisperiodistico.com\/wp-content\/uploads\/2023\/08\/img-20230801-wa00885552959721258581957-768x1022.jpg 768w, https:\/\/contextoanalisisperiodistico.com\/wp-content\/uploads\/2023\/08\/img-20230801-wa00885552959721258581957-1155x1536.jpg 1155w, https:\/\/contextoanalisisperiodistico.com\/wp-content\/uploads\/2023\/08\/img-20230801-wa00885552959721258581957-1024x1362.jpg 1024w, https:\/\/contextoanalisisperiodistico.com\/wp-content\/uploads\/2023\/08\/img-20230801-wa00885552959721258581957.jpg 1202w\" sizes=\"(max-width: 770px) 100vw, 770px\" \/><\/figure>\n\n\n\n<figure class=\"wp-block-image\"><img decoding=\"async\" width=\"1024\" height=\"1024\" src=\"https:\/\/contextoanalisisperiodistico.com\/wp-content\/uploads\/2023\/08\/img-20230801-wa00905082711535476830716-1024x1024.jpg\" alt=\"\" class=\"wp-image-16820\" srcset=\"https:\/\/contextoanalisisperiodistico.com\/wp-content\/uploads\/2023\/08\/img-20230801-wa00905082711535476830716-1024x1024.jpg 1024w, https:\/\/contextoanalisisperiodistico.com\/wp-content\/uploads\/2023\/08\/img-20230801-wa00905082711535476830716-300x300.jpg 300w, https:\/\/contextoanalisisperiodistico.com\/wp-content\/uploads\/2023\/08\/img-20230801-wa00905082711535476830716-150x150.jpg 150w, https:\/\/contextoanalisisperiodistico.com\/wp-content\/uploads\/2023\/08\/img-20230801-wa00905082711535476830716-768x768.jpg 768w, https:\/\/contextoanalisisperiodistico.com\/wp-content\/uploads\/2023\/08\/img-20230801-wa00905082711535476830716.jpg 1280w\" sizes=\"(max-width: 1024px) 100vw, 1024px\" \/><\/figure>\n\n\n\n<p>El titular de la dependencia, Antonino Morales Toledo destac\u00f3 que con estas acciones se reafirma el compromiso del Gobierno de Salom\u00f3n Jara Cruz con el bienestar de la sociedad oaxaque\u00f1a, ofreciendo espacios p\u00fablicos de calidad que promuevan la recreaci\u00f3n y la sana convivencia en los parques.<\/p>\n\n\n\n<p>Explic\u00f3 que estas acciones est\u00e1n dise\u00f1adas para personas de todas las edades con el prop\u00f3sito de promover un estilo de vida activo y saludable, en espacios de sano esparcimiento que fomenten la convivencia familiar y el bienestar de las y los ciudadanos.<\/p>\n\n\n\n<p>Las actividades que se impartir\u00e1n durante este mes en los ocho parques de la ciudad de Oaxaca de Ju\u00e1rez, ofrecen opciones para la ciudadan\u00eda en general, sin importar su ubicaci\u00f3n.<\/p>\n\n\n\n<p>Las personas interesadas pueden consultar la programaci\u00f3n detallada, horarios y ubicaciones espec\u00edficas a trav\u00e9s de las redes sociales oficiales de la Secretar\u00eda de Administraci\u00f3n en Twitter @Admon_GobOax, en Facebook AdmonGobOax y en Instagram admon_goboax<\/p>\n\n\n\n<p>Entre las actividades que se ofrecen en los distintos parques, est\u00e1 el servicio de ludoteca al aire libre, acondicionamiento f\u00edsico, servicio m\u00e9dico, taller de artes marciales, taller de manualidades Creando Ando, clases de boxeo, de tenis, asesor\u00edas escolares, asesor\u00edas en el idioma ingl\u00e9s, clases de pintura infantil; adem\u00e1s del Tren y el Carrusel en el parque Oaxaca Bicentenario y en el parque Ciudad de las Canteras.<\/p>\n\n\n\n<p>Antonino Morales Toledo invit\u00f3 a la sociedad oaxaque\u00f1a a disfrutar estas actividades y servicios permanentes en los parques y espacios p\u00fablicos, a cargo de la Secretar\u00eda de Administraci\u00f3n.<\/p>\n","protected":false},"excerpt":{"rendered":"<p>Las actividades y servicios permanentes est\u00e1n dirigidos a personas de todas las edades en los&#8230;<\/p>\n","protected":false},"author":4,"featured_media":16818,"comment_status":"closed","ping_status":"open","sticky":false,"template":"","format":"standard","meta":{"footnotes":""},"categories":[9],"tags":[],"jetpack_sharing_enabled":true,"featured_image_urls":{"full":["https:\/\/contextoanalisisperiodistico.com\/wp-content\/uploads\/2023\/08\/IMG-20230801-WA0089.jpg",1071,1280,false],"thumbnail":["https:\/\/contextoanalisisperiodistico.com\/wp-content\/uploads\/2023\/08\/IMG-20230801-WA0089-150x150.jpg",150,150,true],"medium":["https:\/\/contextoanalisisperiodistico.com\/wp-content\/uploads\/2023\/08\/IMG-20230801-WA0089-251x300.jpg",251,300,true],"medium_large":["https:\/\/contextoanalisisperiodistico.com\/wp-content\/uploads\/2023\/08\/IMG-20230801-WA0089-768x918.jpg",640,765,true],"large":["https:\/\/contextoanalisisperiodistico.com\/wp-content\/uploads\/2023\/08\/IMG-20230801-WA0089-857x1024.jpg",640,765,true],"1536x1536":["https:\/\/contextoanalisisperiodistico.com\/wp-content\/uploads\/2023\/08\/IMG-20230801-WA0089.jpg",1071,1280,false],"2048x2048":["https:\/\/contextoanalisisperiodistico.com\/wp-content\/uploads\/2023\/08\/IMG-20230801-WA0089.jpg",1071,1280,false],"covernews-slider-full":["https:\/\/contextoanalisisperiodistico.com\/wp-content\/uploads\/2023\/08\/IMG-20230801-WA0089-1071x715.jpg",1071,715,true],"covernews-slider-center":["https:\/\/contextoanalisisperiodistico.com\/wp-content\/uploads\/2023\/08\/IMG-20230801-WA0089-800x500.jpg",800,500,true],"covernews-featured":["https:\/\/contextoanalisisperiodistico.com\/wp-content\/uploads\/2023\/08\/IMG-20230801-WA0089-1024x1224.jpg",1024,1224,true],"covernews-medium":["https:\/\/contextoanalisisperiodistico.com\/wp-content\/uploads\/2023\/08\/IMG-20230801-WA0089-540x340.jpg",540,340,true],"covernews-medium-square":["https:\/\/contextoanalisisperiodistico.com\/wp-content\/uploads\/2023\/08\/IMG-20230801-WA0089-400x250.jpg",400,250,true]},"author_info":{"display_name":"Mario Gir\u00f3n","author_link":"https:\/\/contextoanalisisperiodistico.com\/index.php\/author\/director\/"},"category_info":"<a href=\"https:\/\/contextoanalisisperiodistico.com\/index.php\/category\/politica\/\" rel=\"category tag\">Pol\u00edtica<\/a>","tag_info":"Pol\u00edtica","comment_count":"0","jetpack_featured_media_url":"https:\/\/contextoanalisisperiodistico.com\/wp-content\/uploads\/2023\/08\/IMG-20230801-WA0089.jpg","_links":{"self":[{"href":"https:\/\/contextoanalisisperiodistico.com\/index.php\/wp-json\/wp\/v2\/posts\/16817"}],"collection":[{"href":"https:\/\/contextoanalisisperiodistico.com\/index.php\/wp-json\/wp\/v2\/posts"}],"about":[{"href":"https:\/\/contextoanalisisperiodistico.com\/index.php\/wp-json\/wp\/v2\/types\/post"}],"author":[{"embeddable":true,"href":"https:\/\/contextoanalisisperiodistico.com\/index.php\/wp-json\/wp\/v2\/users\/4"}],"replies":[{"embeddable":true,"href":"https:\/\/contextoanalisisperiodistico.com\/index.php\/wp-json\/wp\/v2\/comments?post=16817"}],"version-history":[{"count":1,"href":"https:\/\/contextoanalisisperiodistico.com\/index.php\/wp-json\/wp\/v2\/posts\/16817\/revisions"}],"predecessor-version":[{"id":16821,"href":"https:\/\/contextoanalisisperiodistico.com\/index.php\/wp-json\/wp\/v2\/posts\/16817\/revisions\/16821"}],"wp:featuredmedia":[{"embeddable":true,"href":"https:\/\/contextoanalisisperiodistico.com\/index.php\/wp-json\/wp\/v2\/media\/16818"}],"wp:attachment":[{"href":"https:\/\/contextoanalisisperiodistico.com\/index.php\/wp-json\/wp\/v2\/media?parent=16817"}],"wp:term":[{"taxonomy":"category","embeddable":true,"href":"https:\/\/contextoanalisisperiodistico.com\/index.php\/wp-json\/wp\/v2\/categories?post=16817"},{"taxonomy":"post_tag","embeddable":true,"href":"https:\/\/contextoanalisisperiodistico.com\/index.php\/wp-json\/wp\/v2\/tags?post=16817"}],"curies":[{"name":"wp","href":"https:\/\/api.w.org\/{rel}","templated":true}]}}