{"id":16809,"date":"2023-08-01T19:24:02","date_gmt":"2023-08-02T01:24:02","guid":{"rendered":"https:\/\/contextoanalisisperiodistico.com\/?p=16809"},"modified":"2023-08-01T19:24:52","modified_gmt":"2023-08-02T01:24:52","slug":"firme-gobierno-del-estado-en-defensa-de-territorio-chimalapa","status":"publish","type":"post","link":"https:\/\/contextoanalisisperiodistico.com\/index.php\/2023\/08\/01\/firme-gobierno-del-estado-en-defensa-de-territorio-chimalapa\/","title":{"rendered":"Firme Gobierno del Estado en defensa de territorio Chimalapa"},"content":{"rendered":"<div id=\"fb-root\"><\/div>\n\n<p>\u2022 De manera coordinada se atienden a\u00f1ejos rezagos en esta zona de Oaxaca<\/p>\n\n\n\n<p>Oaxaca de Ju\u00e1rez, Oax. 1 de agosto de 2023.- El Gobierno del Estado que encabeza Salom\u00f3n Jara Cruz se mantiene firme en la defensa del territorio Chimalapa, adem\u00e1s de atender problemas a\u00f1ejos que tienen que ver con abandono de centros escolares, desabasto de agua potable, entre otros de car\u00e1cter social.<\/p>\n\n\n\n<p>El titular del Poder Ejecutivo, Salom\u00f3n Jara Cruz y el secretario de Gobierno Jes\u00fas Romero L\u00f3pez sostuvieron una reuni\u00f3n con autoridades municipales y agrarias de Santa Mar\u00eda Chimalapa encabezadas por el presidente municipal Abel Antonio Guzm\u00e1n, Vidal L\u00f3pez Hern\u00e1ndez presidente de comuneros, Luis Z\u00e1rate L\u00f3pez<br \/>secretario del Comisariado Ejidal, entre otros.<\/p>\n\n\n\n<p>El titular de la Sego, Jes\u00fas Romero L\u00f3pez dio a conocer que en la reuni\u00f3n se analizaron diversos temas y problem\u00e1ticas que de manera hist\u00f3rica han mantenido a esta comunidad como uno de los municipios m\u00e1s pobres de la entidad.<\/p>\n\n\n\n<p>Asever\u00f3 que al ser una de las comunidades con m\u00e1s rezagos, el problema del agua potable es latente, lo cual resulta una contradicci\u00f3n, pues es una de las zonas m\u00e1s ricas en recursos naturales.<\/p>\n\n\n\n<p>Aunado a ello, el abandono de los planteles escolares por gobiernos anteriores, ha contribuido a mantener altos \u00edndices de marginaci\u00f3n en la comunidad; de igual forma los caminos son un tema prioritario que forma parte de la atenci\u00f3n requerida.<\/p>\n\n\n\n<p>En cuanto al tema de l\u00edmites territoriales, refiri\u00f3 se traza una ruta de atenci\u00f3n en la que los estados de Oaxaca, Chiapas y Veracruz tendr\u00e1n que mantener una estrecha relaci\u00f3n.<\/p>\n\n\n\n<p>\u201cAcordamos caminar juntos mediante el proceso de una solicitud a la Suprema Corte de Justicia de la Naci\u00f3n de rectificar \u00e1reas que establecieron de manera inadecuada, es un recurso que ya present\u00f3 la Consejer\u00eda Jur\u00eddica y Asistencia Legal del Gobierno del Estado de Oaxaca\u201d, asegur\u00f3.<\/p>\n\n\n\n<p>En este sentido, dijo que hay un acompa\u00f1amiento pleno del Gobierno del Estado, el cual respetar\u00e1 los acuerdos convenidos con los dem\u00e1s estados, as\u00ed como lo determinado por las instancias correspondientes.<\/p>\n\n\n\n<p>El responsable de la pol\u00edtica interior reiter\u00f3 que en materia agraria, los planteamientos ser\u00e1n escuchados, los cuales corresponden a los juicios que tienen que ver con los ejidos constituidos durante el proceso legal al que se enfrenta.<\/p>\n\n\n\n<p>\u201cNuestro territorio es fundamental, prioritario, jam\u00e1s vamos a ceder a ning\u00fan estado vecino y vamos a establecer un di\u00e1logo para que los l\u00edmites territoriales se respeten\u201d, puntualiz\u00f3.<\/p>\n\n\n\n<p>Finalmente, Romero L\u00f3pez reiter\u00f3 que las autoridades de la zona de Chimalapas, expresaron que socializar\u00e1n en sus asambleas las determinaciones que permitan seguir en la ruta de desarrollo para la poblaci\u00f3n.<\/p>\n","protected":false},"excerpt":{"rendered":"<p>\u2022 De manera coordinada se atienden a\u00f1ejos rezagos en esta zona de Oaxaca Oaxaca de&#8230;<\/p>\n","protected":false},"author":4,"featured_media":16810,"comment_status":"closed","ping_status":"open","sticky":false,"template":"","format":"standard","meta":{"footnotes":""},"categories":[9],"tags":[],"jetpack_sharing_enabled":true,"featured_image_urls":{"full":["https:\/\/contextoanalisisperiodistico.com\/wp-content\/uploads\/2023\/08\/IMG-20230801-WA0002.jpg",1024,683,false],"thumbnail":["https:\/\/contextoanalisisperiodistico.com\/wp-content\/uploads\/2023\/08\/IMG-20230801-WA0002-150x150.jpg",150,150,true],"medium":["https:\/\/contextoanalisisperiodistico.com\/wp-content\/uploads\/2023\/08\/IMG-20230801-WA0002-300x200.jpg",300,200,true],"medium_large":["https:\/\/contextoanalisisperiodistico.com\/wp-content\/uploads\/2023\/08\/IMG-20230801-WA0002-768x512.jpg",640,427,true],"large":["https:\/\/contextoanalisisperiodistico.com\/wp-content\/uploads\/2023\/08\/IMG-20230801-WA0002.jpg",640,427,false],"1536x1536":["https:\/\/contextoanalisisperiodistico.com\/wp-content\/uploads\/2023\/08\/IMG-20230801-WA0002.jpg",1024,683,false],"2048x2048":["https:\/\/contextoanalisisperiodistico.com\/wp-content\/uploads\/2023\/08\/IMG-20230801-WA0002.jpg",1024,683,false],"covernews-slider-full":["https:\/\/contextoanalisisperiodistico.com\/wp-content\/uploads\/2023\/08\/IMG-20230801-WA0002.jpg",1024,683,false],"covernews-slider-center":["https:\/\/contextoanalisisperiodistico.com\/wp-content\/uploads\/2023\/08\/IMG-20230801-WA0002-800x500.jpg",800,500,true],"covernews-featured":["https:\/\/contextoanalisisperiodistico.com\/wp-content\/uploads\/2023\/08\/IMG-20230801-WA0002.jpg",1024,683,false],"covernews-medium":["https:\/\/contextoanalisisperiodistico.com\/wp-content\/uploads\/2023\/08\/IMG-20230801-WA0002-540x340.jpg",540,340,true],"covernews-medium-square":["https:\/\/contextoanalisisperiodistico.com\/wp-content\/uploads\/2023\/08\/IMG-20230801-WA0002-400x250.jpg",400,250,true]},"author_info":{"display_name":"Mario Gir\u00f3n","author_link":"https:\/\/contextoanalisisperiodistico.com\/index.php\/author\/director\/"},"category_info":"<a href=\"https:\/\/contextoanalisisperiodistico.com\/index.php\/category\/politica\/\" rel=\"category tag\">Pol\u00edtica<\/a>","tag_info":"Pol\u00edtica","comment_count":"0","jetpack_featured_media_url":"https:\/\/contextoanalisisperiodistico.com\/wp-content\/uploads\/2023\/08\/IMG-20230801-WA0002.jpg","_links":{"self":[{"href":"https:\/\/contextoanalisisperiodistico.com\/index.php\/wp-json\/wp\/v2\/posts\/16809"}],"collection":[{"href":"https:\/\/contextoanalisisperiodistico.com\/index.php\/wp-json\/wp\/v2\/posts"}],"about":[{"href":"https:\/\/contextoanalisisperiodistico.com\/index.php\/wp-json\/wp\/v2\/types\/post"}],"author":[{"embeddable":true,"href":"https:\/\/contextoanalisisperiodistico.com\/index.php\/wp-json\/wp\/v2\/users\/4"}],"replies":[{"embeddable":true,"href":"https:\/\/contextoanalisisperiodistico.com\/index.php\/wp-json\/wp\/v2\/comments?post=16809"}],"version-history":[{"count":1,"href":"https:\/\/contextoanalisisperiodistico.com\/index.php\/wp-json\/wp\/v2\/posts\/16809\/revisions"}],"predecessor-version":[{"id":16811,"href":"https:\/\/contextoanalisisperiodistico.com\/index.php\/wp-json\/wp\/v2\/posts\/16809\/revisions\/16811"}],"wp:featuredmedia":[{"embeddable":true,"href":"https:\/\/contextoanalisisperiodistico.com\/index.php\/wp-json\/wp\/v2\/media\/16810"}],"wp:attachment":[{"href":"https:\/\/contextoanalisisperiodistico.com\/index.php\/wp-json\/wp\/v2\/media?parent=16809"}],"wp:term":[{"taxonomy":"category","embeddable":true,"href":"https:\/\/contextoanalisisperiodistico.com\/index.php\/wp-json\/wp\/v2\/categories?post=16809"},{"taxonomy":"post_tag","embeddable":true,"href":"https:\/\/contextoanalisisperiodistico.com\/index.php\/wp-json\/wp\/v2\/tags?post=16809"}],"curies":[{"name":"wp","href":"https:\/\/api.w.org\/{rel}","templated":true}]}}