{"id":16759,"date":"2023-08-01T06:39:55","date_gmt":"2023-08-01T12:39:55","guid":{"rendered":"https:\/\/contextoanalisisperiodistico.com\/?p=16759"},"modified":"2023-08-01T06:40:03","modified_gmt":"2023-08-01T12:40:03","slug":"exhorta-proteccion-civil-evitar-circular-por-la-carretera-barranca-larga-ventanilla","status":"publish","type":"post","link":"https:\/\/contextoanalisisperiodistico.com\/index.php\/2023\/08\/01\/exhorta-proteccion-civil-evitar-circular-por-la-carretera-barranca-larga-ventanilla\/","title":{"rendered":"Exhorta Protecci\u00f3n Civil evitar circular por la carretera Barranca Larga \u2013 Ventanilla"},"content":{"rendered":"<div id=\"fb-root\"><\/div>\n\n<p>Oaxaca de Ju\u00e1rez, Oax., 31 de julio de 2023.- La Coordinaci\u00f3n Estatal de Protecci\u00f3n Civil y Gesti\u00f3n de Riesgos (CEPCyGR) exhorta a automovilistas en general, evitar circular por la carretera Barranca Larga \u2013 Ventanilla, especialmente en los tramos inconclusos de esta vialidad.<\/p>\n\n\n\n<figure class=\"wp-block-image size-large\"><img fetchpriority=\"high\" decoding=\"async\" width=\"1024\" height=\"461\" src=\"https:\/\/contextoanalisisperiodistico.com\/wp-content\/uploads\/2023\/08\/img-20230731-wa00832956637767973789266-1024x461.jpg\" alt=\"\" class=\"wp-image-16761\" srcset=\"https:\/\/contextoanalisisperiodistico.com\/wp-content\/uploads\/2023\/08\/img-20230731-wa00832956637767973789266-1024x461.jpg 1024w, https:\/\/contextoanalisisperiodistico.com\/wp-content\/uploads\/2023\/08\/img-20230731-wa00832956637767973789266-300x135.jpg 300w, https:\/\/contextoanalisisperiodistico.com\/wp-content\/uploads\/2023\/08\/img-20230731-wa00832956637767973789266-768x346.jpg 768w, https:\/\/contextoanalisisperiodistico.com\/wp-content\/uploads\/2023\/08\/img-20230731-wa00832956637767973789266.jpg 1280w\" sizes=\"(max-width: 1024px) 100vw, 1024px\" \/><\/figure>\n\n\n\n<p>Este aviso preventivo se debe a que se han registrado complicaciones en el tr\u00e1fico por el paso de veh\u00edculos en la zona, principalmente en las desviaciones de terracer\u00eda en San Vicente Coatl\u00e1n y San Sebasti\u00e1n Coatl\u00e1n.<\/p>\n\n\n\n<p>Adem\u00e1s, debido a la actual temporada de lluvias, el riesgo de deslaves y atascamientos en el lodo es alto, lo que podr\u00eda ocasionar mayores percances.<\/p>\n\n\n\n<p>Hasta el momento, dos veh\u00edculos han sufrido contratiempos; el primero corresponde a un trailer que se qued\u00f3 atascado en la desviaci\u00f3n de terracer\u00eda de San Vicente Coatl\u00e1n y, por otro lado, un cami\u00f3n tipo gr\u00faa que se proyect\u00f3 contra un cerro en inmediaciones de Ventanilla.<\/p>\n\n\n\n<p>Ante estas situaciones, el personal de las delegaciones regionales de la Sierra Sur y Costa trabajan de manera coordinada con autoridades municipales para propiciar el cierre de la circulaci\u00f3n de manera indefinida.<\/p>\n\n\n\n<p>La CEPCyGR brinda atenci\u00f3n ante posibles situaciones de riesgo y refrenda su compromiso de estar al servicio de la poblaci\u00f3n.<\/p>\n\n\n\n<p>-0-<\/p>\n\n\n\n<p>Exhorta Protecci\u00f3n Civil evitar circular por la carretera Barranca Larga \u2013 Ventanilla<\/p>\n\n\n\n<p>Oaxaca de Ju\u00e1rez, Oax., 31 de julio de 2023.- La Coordinaci\u00f3n Estatal de Protecci\u00f3n Civil y Gesti\u00f3n de Riesgos (CEPCyGR) exhorta a automovilistas en general, evitar circular por la carretera Barranca Larga \u2013 Ventanilla, especialmente en los tramos inconclusos de esta vialidad.<\/p>\n\n\n\n<p>Este aviso preventivo se debe a que se han registrado complicaciones en el tr\u00e1fico por el paso de veh\u00edculos en la zona, principalmente en las desviaciones de terracer\u00eda en San Vicente Coatl\u00e1n y San Sebasti\u00e1n Coatl\u00e1n.<\/p>\n\n\n\n<p>Adem\u00e1s, debido a la actual temporada de lluvias, el riesgo de deslaves y atascamientos en el lodo es alto, lo que podr\u00eda ocasionar mayores percances.<\/p>\n\n\n\n<p>Hasta el momento, dos veh\u00edculos han sufrido contratiempos; el primero corresponde a un trailer que se qued\u00f3 atascado en la desviaci\u00f3n de terracer\u00eda de San Vicente Coatl\u00e1n y, por otro lado, un cami\u00f3n tipo gr\u00faa que se proyect\u00f3 contra un cerro en inmediaciones de Ventanilla.<\/p>\n\n\n\n<p>Ante estas situaciones, el personal de las delegaciones regionales de la Sierra Sur y Costa trabajan de manera coordinada con autoridades municipales para propiciar el cierre de la circulaci\u00f3n de manera indefinida.<\/p>\n\n\n\n<p>La CEPCyGR brinda atenci\u00f3n ante posibles situaciones de riesgo y refrenda su compromiso de estar al servicio de la poblaci\u00f3n.<\/p>\n","protected":false},"excerpt":{"rendered":"<p>Oaxaca de Ju\u00e1rez, Oax., 31 de julio de 2023.- La Coordinaci\u00f3n Estatal de Protecci\u00f3n Civil&#8230;<\/p>\n","protected":false},"author":4,"featured_media":16760,"comment_status":"closed","ping_status":"open","sticky":false,"template":"","format":"standard","meta":{"footnotes":""},"categories":[9],"tags":[],"jetpack_sharing_enabled":true,"featured_image_urls":{"full":["https:\/\/contextoanalisisperiodistico.com\/wp-content\/uploads\/2023\/08\/IMG-20230731-WA0084.jpg",1280,960,false],"thumbnail":["https:\/\/contextoanalisisperiodistico.com\/wp-content\/uploads\/2023\/08\/IMG-20230731-WA0084-150x150.jpg",150,150,true],"medium":["https:\/\/contextoanalisisperiodistico.com\/wp-content\/uploads\/2023\/08\/IMG-20230731-WA0084-300x225.jpg",300,225,true],"medium_large":["https:\/\/contextoanalisisperiodistico.com\/wp-content\/uploads\/2023\/08\/IMG-20230731-WA0084-768x576.jpg",640,480,true],"large":["https:\/\/contextoanalisisperiodistico.com\/wp-content\/uploads\/2023\/08\/IMG-20230731-WA0084-1024x768.jpg",640,480,true],"1536x1536":["https:\/\/contextoanalisisperiodistico.com\/wp-content\/uploads\/2023\/08\/IMG-20230731-WA0084.jpg",1280,960,false],"2048x2048":["https:\/\/contextoanalisisperiodistico.com\/wp-content\/uploads\/2023\/08\/IMG-20230731-WA0084.jpg",1280,960,false],"covernews-slider-full":["https:\/\/contextoanalisisperiodistico.com\/wp-content\/uploads\/2023\/08\/IMG-20230731-WA0084-1115x715.jpg",1115,715,true],"covernews-slider-center":["https:\/\/contextoanalisisperiodistico.com\/wp-content\/uploads\/2023\/08\/IMG-20230731-WA0084-800x500.jpg",800,500,true],"covernews-featured":["https:\/\/contextoanalisisperiodistico.com\/wp-content\/uploads\/2023\/08\/IMG-20230731-WA0084-1024x768.jpg",1024,768,true],"covernews-medium":["https:\/\/contextoanalisisperiodistico.com\/wp-content\/uploads\/2023\/08\/IMG-20230731-WA0084-540x340.jpg",540,340,true],"covernews-medium-square":["https:\/\/contextoanalisisperiodistico.com\/wp-content\/uploads\/2023\/08\/IMG-20230731-WA0084-400x250.jpg",400,250,true]},"author_info":{"display_name":"Mario Gir\u00f3n","author_link":"https:\/\/contextoanalisisperiodistico.com\/index.php\/author\/director\/"},"category_info":"<a href=\"https:\/\/contextoanalisisperiodistico.com\/index.php\/category\/politica\/\" rel=\"category tag\">Pol\u00edtica<\/a>","tag_info":"Pol\u00edtica","comment_count":"0","jetpack_featured_media_url":"https:\/\/contextoanalisisperiodistico.com\/wp-content\/uploads\/2023\/08\/IMG-20230731-WA0084.jpg","_links":{"self":[{"href":"https:\/\/contextoanalisisperiodistico.com\/index.php\/wp-json\/wp\/v2\/posts\/16759"}],"collection":[{"href":"https:\/\/contextoanalisisperiodistico.com\/index.php\/wp-json\/wp\/v2\/posts"}],"about":[{"href":"https:\/\/contextoanalisisperiodistico.com\/index.php\/wp-json\/wp\/v2\/types\/post"}],"author":[{"embeddable":true,"href":"https:\/\/contextoanalisisperiodistico.com\/index.php\/wp-json\/wp\/v2\/users\/4"}],"replies":[{"embeddable":true,"href":"https:\/\/contextoanalisisperiodistico.com\/index.php\/wp-json\/wp\/v2\/comments?post=16759"}],"version-history":[{"count":1,"href":"https:\/\/contextoanalisisperiodistico.com\/index.php\/wp-json\/wp\/v2\/posts\/16759\/revisions"}],"predecessor-version":[{"id":16762,"href":"https:\/\/contextoanalisisperiodistico.com\/index.php\/wp-json\/wp\/v2\/posts\/16759\/revisions\/16762"}],"wp:featuredmedia":[{"embeddable":true,"href":"https:\/\/contextoanalisisperiodistico.com\/index.php\/wp-json\/wp\/v2\/media\/16760"}],"wp:attachment":[{"href":"https:\/\/contextoanalisisperiodistico.com\/index.php\/wp-json\/wp\/v2\/media?parent=16759"}],"wp:term":[{"taxonomy":"category","embeddable":true,"href":"https:\/\/contextoanalisisperiodistico.com\/index.php\/wp-json\/wp\/v2\/categories?post=16759"},{"taxonomy":"post_tag","embeddable":true,"href":"https:\/\/contextoanalisisperiodistico.com\/index.php\/wp-json\/wp\/v2\/tags?post=16759"}],"curies":[{"name":"wp","href":"https:\/\/api.w.org\/{rel}","templated":true}]}}