{"id":16734,"date":"2023-07-31T14:25:20","date_gmt":"2023-07-31T20:25:20","guid":{"rendered":"https:\/\/contextoanalisisperiodistico.com\/?p=16734"},"modified":"2023-07-31T14:25:57","modified_gmt":"2023-07-31T20:25:57","slug":"celebra-hospital-comunitario-de-ixtlan-de-juarez-22-anos-de-servir-a-poblacion","status":"publish","type":"post","link":"https:\/\/contextoanalisisperiodistico.com\/index.php\/2023\/07\/31\/celebra-hospital-comunitario-de-ixtlan-de-juarez-22-anos-de-servir-a-poblacion\/","title":{"rendered":"Celebra Hospital Comunitario de Ixtl\u00e1n de Ju\u00e1rez 22 a\u00f1os de servir a poblaci\u00f3n"},"content":{"rendered":"<div id=\"fb-root\"><\/div>\n\n<p>\u2022 De enero a mayo se han brindado dos mil 219 consultas<\/p>\n\n\n\n<p>Oaxaca de Ju\u00e1rez, Oax. 31 de julio de 2023.- Con 22 a\u00f1os de servicio, el Hospital Comunitario de Ixtl\u00e1n de Ju\u00e1rez, que inici\u00f3 operaciones el 1 de agosto de 2001, se ha consolidado como una unidad comprometida con el bienestar de m\u00e1s de ocho mil habitantes de esta cabecera municipal y 26 municipios que conforman este distrito.<\/p>\n\n\n\n<p>La directora de la unidad, Alejandra Malinali Hurtado Hern\u00e1ndez, destac\u00f3 que este centro cuenta con ocho especialidades m\u00e9dicas, servicios de laboratorio, rayos X, y colposcopia, mismos que coadyuvan en el diagn\u00f3stico oportuno de cuadros cl\u00ednicos, evaluar tratamientos y controlar enfermedades.<\/p>\n\n\n\n<p>Mencion\u00f3 que, de enero a mayo del presente a\u00f1o, se han brindado dos mil 219 consultas, 173 egresos hospitalarios, 39 nacimientos y 49 partos por ces\u00e1rea, 599 estudios de rayos X, 628 de laboratorio cl\u00ednico, 915 atenciones de urgencias, as\u00ed como 268 consultas a mujeres embarazadas.<\/p>\n\n\n\n<p>As\u00ed como la detecci\u00f3n de 114 personas con diabetes mellitus tipo 2, 112 de hipertensi\u00f3n esencial primaria, se han detectado 79 caries dentales, y en el rubro de atenci\u00f3n mental, hay 77 casos de trastorno de ansiedad, 76 colecistitis cr\u00f3nica, y 68 episodios depresivos, los cuales reciben su tratamiento.<\/p>\n\n\n\n<p>Se mantienen en control m\u00e9dico a 51 personas diab\u00e9ticas, 89 hipertensas y 69 mujeres en control prenatal. Adem\u00e1s de que se otorgan de manera permanente pl\u00e1ticas de planificaci\u00f3n familiar, sobre m\u00e9todos anticonceptivos para evitar embarazos no planeados.<\/p>\n\n\n\n<p>La funcionaria, dijo que para la actual administraci\u00f3n que encabeza el Gobernador del Estado, Salom\u00f3n Jara Cruz y la secretaria de Salud, Alma Lilia Velasco Hern\u00e1ndez, es una prioridad acercar los servicios m\u00e9dicos a la poblaci\u00f3n m\u00e1s vulnerable.<\/p>\n\n\n\n<p>Hurtado Hern\u00e1ndez, dijo que el hospital lo integran 124 trabajadores, de los cuales lo conforman 19 m\u00e9dicos generales, 30 enfermeras, cuatro ginec\u00f3logos y mismo n\u00famero de anestesi\u00f3logos, as\u00ed como un internista, entre otros, con la encomienda de salvaguardar el bienestar de habitantes de esta regi\u00f3n, con ello mejorar su calidad de vida. <\/p>\n","protected":false},"excerpt":{"rendered":"<p>\u2022 De enero a mayo se han brindado dos mil 219 consultas Oaxaca de Ju\u00e1rez,&#8230;<\/p>\n","protected":false},"author":4,"featured_media":16735,"comment_status":"closed","ping_status":"open","sticky":false,"template":"","format":"standard","meta":{"footnotes":""},"categories":[92],"tags":[],"jetpack_sharing_enabled":true,"featured_image_urls":{"full":["https:\/\/contextoanalisisperiodistico.com\/wp-content\/uploads\/2023\/07\/IMG-20230731-WA0040.jpg",1024,682,false],"thumbnail":["https:\/\/contextoanalisisperiodistico.com\/wp-content\/uploads\/2023\/07\/IMG-20230731-WA0040-150x150.jpg",150,150,true],"medium":["https:\/\/contextoanalisisperiodistico.com\/wp-content\/uploads\/2023\/07\/IMG-20230731-WA0040-300x200.jpg",300,200,true],"medium_large":["https:\/\/contextoanalisisperiodistico.com\/wp-content\/uploads\/2023\/07\/IMG-20230731-WA0040-768x512.jpg",640,427,true],"large":["https:\/\/contextoanalisisperiodistico.com\/wp-content\/uploads\/2023\/07\/IMG-20230731-WA0040.jpg",640,426,false],"1536x1536":["https:\/\/contextoanalisisperiodistico.com\/wp-content\/uploads\/2023\/07\/IMG-20230731-WA0040.jpg",1024,682,false],"2048x2048":["https:\/\/contextoanalisisperiodistico.com\/wp-content\/uploads\/2023\/07\/IMG-20230731-WA0040.jpg",1024,682,false],"covernews-slider-full":["https:\/\/contextoanalisisperiodistico.com\/wp-content\/uploads\/2023\/07\/IMG-20230731-WA0040.jpg",1024,682,false],"covernews-slider-center":["https:\/\/contextoanalisisperiodistico.com\/wp-content\/uploads\/2023\/07\/IMG-20230731-WA0040-800x500.jpg",800,500,true],"covernews-featured":["https:\/\/contextoanalisisperiodistico.com\/wp-content\/uploads\/2023\/07\/IMG-20230731-WA0040.jpg",1024,682,false],"covernews-medium":["https:\/\/contextoanalisisperiodistico.com\/wp-content\/uploads\/2023\/07\/IMG-20230731-WA0040-540x340.jpg",540,340,true],"covernews-medium-square":["https:\/\/contextoanalisisperiodistico.com\/wp-content\/uploads\/2023\/07\/IMG-20230731-WA0040-400x250.jpg",400,250,true]},"author_info":{"display_name":"Mario Gir\u00f3n","author_link":"https:\/\/contextoanalisisperiodistico.com\/index.php\/author\/director\/"},"category_info":"<a href=\"https:\/\/contextoanalisisperiodistico.com\/index.php\/category\/salud\/\" rel=\"category tag\">Salud<\/a>","tag_info":"Salud","comment_count":"0","jetpack_featured_media_url":"https:\/\/contextoanalisisperiodistico.com\/wp-content\/uploads\/2023\/07\/IMG-20230731-WA0040.jpg","_links":{"self":[{"href":"https:\/\/contextoanalisisperiodistico.com\/index.php\/wp-json\/wp\/v2\/posts\/16734"}],"collection":[{"href":"https:\/\/contextoanalisisperiodistico.com\/index.php\/wp-json\/wp\/v2\/posts"}],"about":[{"href":"https:\/\/contextoanalisisperiodistico.com\/index.php\/wp-json\/wp\/v2\/types\/post"}],"author":[{"embeddable":true,"href":"https:\/\/contextoanalisisperiodistico.com\/index.php\/wp-json\/wp\/v2\/users\/4"}],"replies":[{"embeddable":true,"href":"https:\/\/contextoanalisisperiodistico.com\/index.php\/wp-json\/wp\/v2\/comments?post=16734"}],"version-history":[{"count":1,"href":"https:\/\/contextoanalisisperiodistico.com\/index.php\/wp-json\/wp\/v2\/posts\/16734\/revisions"}],"predecessor-version":[{"id":16736,"href":"https:\/\/contextoanalisisperiodistico.com\/index.php\/wp-json\/wp\/v2\/posts\/16734\/revisions\/16736"}],"wp:featuredmedia":[{"embeddable":true,"href":"https:\/\/contextoanalisisperiodistico.com\/index.php\/wp-json\/wp\/v2\/media\/16735"}],"wp:attachment":[{"href":"https:\/\/contextoanalisisperiodistico.com\/index.php\/wp-json\/wp\/v2\/media?parent=16734"}],"wp:term":[{"taxonomy":"category","embeddable":true,"href":"https:\/\/contextoanalisisperiodistico.com\/index.php\/wp-json\/wp\/v2\/categories?post=16734"},{"taxonomy":"post_tag","embeddable":true,"href":"https:\/\/contextoanalisisperiodistico.com\/index.php\/wp-json\/wp\/v2\/tags?post=16734"}],"curies":[{"name":"wp","href":"https:\/\/api.w.org\/{rel}","templated":true}]}}