{"id":16716,"date":"2023-07-30T18:35:37","date_gmt":"2023-07-31T00:35:37","guid":{"rendered":"https:\/\/contextoanalisisperiodistico.com\/?p=16716"},"modified":"2023-07-30T18:35:48","modified_gmt":"2023-07-31T00:35:48","slug":"gobierno-de-salomon-jara-trabaja-sin-intermediarios-con-municipios-y-sus-autoridades","status":"publish","type":"post","link":"https:\/\/contextoanalisisperiodistico.com\/index.php\/2023\/07\/30\/gobierno-de-salomon-jara-trabaja-sin-intermediarios-con-municipios-y-sus-autoridades\/","title":{"rendered":"<em>Gobierno de Salom\u00f3n Jara trabaja sin intermediarios con municipios y sus autoridades<\/em>"},"content":{"rendered":"<div id=\"fb-root\"><\/div>\n\n<p>\u2022 Durante su gira de trabajo por el valle eteco, el Mandatario Estatal arrib\u00f3 a Nazareno Etla donde anunci\u00f3 m\u00e1s de 6 millones de pesos en diversas acciones<\/p>\n\n\n\n<p>\u2022 En Soledad Etla invertir\u00e1 m\u00e1s de 8 millones de pesos y se ampliar\u00e1 la red de energ\u00eda el\u00e9ctrica en diversas calles<\/p>\n\n\n\n<p>Valles Centrales, Oax. 30 de julio 2023. Este gobierno trabaja sin intermediarios ni gestores, expres\u00f3 el Gobernador Salom\u00f3n Jara Cruz durante su gira de trabajo de este domingo por el valle eteco, donde acompa\u00f1ado por la Presidenta Honoraria del Sistema DIF Oaxaca, Irma Bola\u00f1os Quijano, recorri\u00f3 los municipios de Nazareno Etla y Soledad Etla, y anunci\u00f3 apoyos por el orden de los 14 millones 377 mil 539 pesos como parte de la estrategia Trabajo que Transforma tu Municipio.<\/p>\n\n\n\n<p>En Nazareno Etla, donde fue recibido por el presidente municipal Iv\u00e1n Erick Cruz Mart\u00ednez, el Mandatario Estatal expres\u00f3 que su gobierno est\u00e1 comprometido en trabajar para impulsar el desarrollo de Oaxaca y dejar de ocupar los primeros lugares en marginaci\u00f3n.<\/p>\n\n\n\n<p>De esta manera anunci\u00f3 6 millones 198 mil pesos para este municipio, de los cuales a trav\u00e9s de la Secretar\u00eda de las Infraestructuras y Comunicaciones (Sinfra) se destinar\u00e1n 4 millones 500 mil pesos para la pavimentaci\u00f3n con concreto hidr\u00e1ulico de la calle Del Estudiante y la que conduce al Colegio de Bachilleres del Estado de Oaxaca (Cobao) en la colonia Emiliano Zapata.<\/p>\n\n\n\n<p>As\u00ed como un mill\u00f3n 83 mil pesos se destinar\u00e1n a trav\u00e9s de la Secretar\u00eda de Fomento Agroalimentario y Desarrollo Rural (Sefader). Del total de este recurso, un mill\u00f3n de pesos ser\u00e1 para un proyecto de tecnificaci\u00f3n de riego que beneficiar\u00e1 a 110 personas productoras para 22.5 hect\u00e1reas, y el resto para el programa de Abasto Seguro del Ma\u00edz con el que se apoyar\u00e1 a 52 personas productoras para cubrir 64 hect\u00e1reas.<\/p>\n\n\n\n<p>Mediante los Servicios de Salud de Oaxaca (SSO) se destinar\u00e1n 703 mil 227 pesos para medicamentos y material de curaci\u00f3n del Centro de Salud de la poblaci\u00f3n.<\/p>\n\n\n\n<p>En fortalecimiento a la seguridad, se anunci\u00f3 el apoyo de un est\u00edmulo fiscal para la certificaci\u00f3n de 7 elementos de seguridad de este municipio por el orden de los 61 mil 808 pesos; as\u00ed como la capacitaci\u00f3n a topiles en fortalecimiento a la cultura de la legalidad por un monto de 40 mil pesos mediante el Secretariado Ejecutivo del Sistema Estatal de Seguridad P\u00fablica (SESESP).<\/p>\n\n\n\n<p>En este encuentro las y los habitantes tambi\u00e9n conocieron que a trav\u00e9s de la Secretar\u00eda de Finanzas (Sefin) se hizo llegar a este municipio un recurso federal por el orden de los 231 mil 42 pesos correspondiente al Fondo Compensatorio del Fondo de Estabilizaci\u00f3n de los Ingresos de las Entidades Federativas (FEIEF).<\/p>\n\n\n\n<p><em>Beneficia Gobierno de Oaxaca con m\u00e1s de 8 mdp a Soledad Etla<\/em><\/p>\n\n\n\n<p>Posteriormente, en Soledad Etla donde fue recibido por el presidente municipal \u00c1ngel Yoshimar Cruz Melchor, el Gobernador Salom\u00f3n Jara expres\u00f3 que su gobierno no defraudar\u00e1 al pueblo como lo hicieron los gobiernos anteriores, toda vez que est\u00e1 comprometido a corresponder el voto de confianza que las y los oaxaque\u00f1os le brindaron a su movimiento, anhelando una transformaci\u00f3n verdadera.<\/p>\n\n\n\n<p>\u201cSomos del pueblo, y por nuestra condici\u00f3n ind\u00edgena no les vamos a fallar\u201d, expres\u00f3 al se\u00f1alar que uno de los ejes estrat\u00e9gicos de su gobierno es la Reparaci\u00f3n Hist\u00f3rica de los Pueblos, a trav\u00e9s de la estrategia de Trabajo que Transforma tu Municipio se est\u00e1n atendiendo las necesidades de las comunidades.<\/p>\n\n\n\n<p>En este sentido, anunci\u00f3 8 millones 179 mil 539 pesos en diversos apoyos, de los cuales 2 millones 336 mil 400 pesos se destinar\u00e1n a trav\u00e9s del Sistema DIF Oaxaca y sus programas de asistencia social.<\/p>\n\n\n\n<p>Esta acci\u00f3n se sumar\u00e1 a los 767 mil 476 pesos que los Servicios de Salud de Oaxaca emplear\u00e1n en medicamentos e insumos para el Centro de Salud.<\/p>\n\n\n\n<p>De igualmente, a trav\u00e9s de Sinfra se ampliar\u00e1 la red de energ\u00eda el\u00e9ctrica en diversas calles de esta municipalidad con una inversi\u00f3n de un mill\u00f3n 507 mil 802 pesos; y mediante Vivienda Bienestar se emplear\u00e1n 40 acciones de piso firme con un recurso de 580 mil pesos.<\/p>\n\n\n\n<p>En apoyo al campo, mediante la Sefader se apoyar\u00e1 a 71 campesinas y campesinos para el cultivo del ma\u00edz en 170 hect\u00e1reas con una inversi\u00f3n de 876 mil 336 pesos, y se trabajar\u00e1 en el proyecto de tecnificaci\u00f3n de riego.<\/p>\n\n\n\n<p>Tambi\u00e9n se anunci\u00f3 que mediante la Sefin se entreg\u00f3 161 mil 555 pesos del Fondo Compensatorio del FEIEF, se apoyar\u00e1 a este municipio con un recurso por el orden del mill\u00f3n 753 mil 136 pesos para la restauraci\u00f3n del campanario del templo de la Soledad.<\/p>\n\n\n\n<figure class=\"wp-block-image size-large\"><img fetchpriority=\"high\" decoding=\"async\" width=\"900\" height=\"600\" src=\"https:\/\/contextoanalisisperiodistico.com\/wp-content\/uploads\/2023\/07\/img-20230730-wa00905889506413498004750.jpg\" alt=\"\" class=\"wp-image-16718\" srcset=\"https:\/\/contextoanalisisperiodistico.com\/wp-content\/uploads\/2023\/07\/img-20230730-wa00905889506413498004750.jpg 900w, https:\/\/contextoanalisisperiodistico.com\/wp-content\/uploads\/2023\/07\/img-20230730-wa00905889506413498004750-300x200.jpg 300w, https:\/\/contextoanalisisperiodistico.com\/wp-content\/uploads\/2023\/07\/img-20230730-wa00905889506413498004750-768x512.jpg 768w\" sizes=\"(max-width: 900px) 100vw, 900px\" \/><\/figure>\n\n\n\n<figure class=\"wp-block-image\"><img decoding=\"async\" width=\"1024\" height=\"682\" src=\"https:\/\/contextoanalisisperiodistico.com\/wp-content\/uploads\/2023\/07\/img-20230730-wa00858757863147426126687-1024x682.jpg\" alt=\"\" class=\"wp-image-16719\" srcset=\"https:\/\/contextoanalisisperiodistico.com\/wp-content\/uploads\/2023\/07\/img-20230730-wa00858757863147426126687-1024x682.jpg 1024w, https:\/\/contextoanalisisperiodistico.com\/wp-content\/uploads\/2023\/07\/img-20230730-wa00858757863147426126687-300x200.jpg 300w, https:\/\/contextoanalisisperiodistico.com\/wp-content\/uploads\/2023\/07\/img-20230730-wa00858757863147426126687-768x512.jpg 768w, https:\/\/contextoanalisisperiodistico.com\/wp-content\/uploads\/2023\/07\/img-20230730-wa00858757863147426126687-1536x1023.jpg 1536w, https:\/\/contextoanalisisperiodistico.com\/wp-content\/uploads\/2023\/07\/img-20230730-wa00858757863147426126687.jpg 1600w\" sizes=\"(max-width: 1024px) 100vw, 1024px\" \/><\/figure>\n\n\n\n<figure class=\"wp-block-image\"><img decoding=\"async\" width=\"1024\" height=\"587\" src=\"https:\/\/contextoanalisisperiodistico.com\/wp-content\/uploads\/2023\/07\/img-20230730-wa00867777959757823411907-1024x587.jpg\" alt=\"\" class=\"wp-image-16721\" srcset=\"https:\/\/contextoanalisisperiodistico.com\/wp-content\/uploads\/2023\/07\/img-20230730-wa00867777959757823411907-1024x587.jpg 1024w, https:\/\/contextoanalisisperiodistico.com\/wp-content\/uploads\/2023\/07\/img-20230730-wa00867777959757823411907-300x172.jpg 300w, https:\/\/contextoanalisisperiodistico.com\/wp-content\/uploads\/2023\/07\/img-20230730-wa00867777959757823411907-768x440.jpg 768w, https:\/\/contextoanalisisperiodistico.com\/wp-content\/uploads\/2023\/07\/img-20230730-wa00867777959757823411907-1536x880.jpg 1536w, https:\/\/contextoanalisisperiodistico.com\/wp-content\/uploads\/2023\/07\/img-20230730-wa00867777959757823411907.jpg 1600w\" sizes=\"(max-width: 1024px) 100vw, 1024px\" \/><\/figure>\n\n\n\n<figure class=\"wp-block-image\"><img loading=\"lazy\" decoding=\"async\" width=\"300\" height=\"189\" src=\"https:\/\/contextoanalisisperiodistico.com\/wp-content\/uploads\/2023\/07\/img-20230730-wa00896871227998814401768-300x189.jpg\" alt=\"\" class=\"wp-image-16720\" srcset=\"https:\/\/contextoanalisisperiodistico.com\/wp-content\/uploads\/2023\/07\/img-20230730-wa00896871227998814401768-300x189.jpg 300w, https:\/\/contextoanalisisperiodistico.com\/wp-content\/uploads\/2023\/07\/img-20230730-wa00896871227998814401768-768x483.jpg 768w, https:\/\/contextoanalisisperiodistico.com\/wp-content\/uploads\/2023\/07\/img-20230730-wa00896871227998814401768-800x500.jpg 800w, https:\/\/contextoanalisisperiodistico.com\/wp-content\/uploads\/2023\/07\/img-20230730-wa00896871227998814401768-540x340.jpg 540w, https:\/\/contextoanalisisperiodistico.com\/wp-content\/uploads\/2023\/07\/img-20230730-wa00896871227998814401768-400x250.jpg 400w, https:\/\/contextoanalisisperiodistico.com\/wp-content\/uploads\/2023\/07\/img-20230730-wa00896871227998814401768.jpg 900w\" sizes=\"(max-width: 300px) 100vw, 300px\" \/><\/figure>\n","protected":false},"excerpt":{"rendered":"<p>\u2022 Durante su gira de trabajo por el valle eteco, el Mandatario Estatal arrib\u00f3 a&#8230;<\/p>\n","protected":false},"author":4,"featured_media":16717,"comment_status":"closed","ping_status":"open","sticky":false,"template":"","format":"standard","meta":{"footnotes":""},"categories":[9],"tags":[],"jetpack_sharing_enabled":true,"featured_image_urls":{"full":["https:\/\/contextoanalisisperiodistico.com\/wp-content\/uploads\/2023\/07\/IMG-20230730-WA0088.jpg",900,600,false],"thumbnail":["https:\/\/contextoanalisisperiodistico.com\/wp-content\/uploads\/2023\/07\/IMG-20230730-WA0088-150x150.jpg",150,150,true],"medium":["https:\/\/contextoanalisisperiodistico.com\/wp-content\/uploads\/2023\/07\/IMG-20230730-WA0088-300x200.jpg",300,200,true],"medium_large":["https:\/\/contextoanalisisperiodistico.com\/wp-content\/uploads\/2023\/07\/IMG-20230730-WA0088-768x512.jpg",640,427,true],"large":["https:\/\/contextoanalisisperiodistico.com\/wp-content\/uploads\/2023\/07\/IMG-20230730-WA0088.jpg",640,427,false],"1536x1536":["https:\/\/contextoanalisisperiodistico.com\/wp-content\/uploads\/2023\/07\/IMG-20230730-WA0088.jpg",900,600,false],"2048x2048":["https:\/\/contextoanalisisperiodistico.com\/wp-content\/uploads\/2023\/07\/IMG-20230730-WA0088.jpg",900,600,false],"covernews-slider-full":["https:\/\/contextoanalisisperiodistico.com\/wp-content\/uploads\/2023\/07\/IMG-20230730-WA0088.jpg",900,600,false],"covernews-slider-center":["https:\/\/contextoanalisisperiodistico.com\/wp-content\/uploads\/2023\/07\/IMG-20230730-WA0088-800x500.jpg",800,500,true],"covernews-featured":["https:\/\/contextoanalisisperiodistico.com\/wp-content\/uploads\/2023\/07\/IMG-20230730-WA0088.jpg",900,600,false],"covernews-medium":["https:\/\/contextoanalisisperiodistico.com\/wp-content\/uploads\/2023\/07\/IMG-20230730-WA0088-540x340.jpg",540,340,true],"covernews-medium-square":["https:\/\/contextoanalisisperiodistico.com\/wp-content\/uploads\/2023\/07\/IMG-20230730-WA0088-400x250.jpg",400,250,true]},"author_info":{"display_name":"Mario Gir\u00f3n","author_link":"https:\/\/contextoanalisisperiodistico.com\/index.php\/author\/director\/"},"category_info":"<a href=\"https:\/\/contextoanalisisperiodistico.com\/index.php\/category\/politica\/\" rel=\"category tag\">Pol\u00edtica<\/a>","tag_info":"Pol\u00edtica","comment_count":"0","jetpack_featured_media_url":"https:\/\/contextoanalisisperiodistico.com\/wp-content\/uploads\/2023\/07\/IMG-20230730-WA0088.jpg","_links":{"self":[{"href":"https:\/\/contextoanalisisperiodistico.com\/index.php\/wp-json\/wp\/v2\/posts\/16716"}],"collection":[{"href":"https:\/\/contextoanalisisperiodistico.com\/index.php\/wp-json\/wp\/v2\/posts"}],"about":[{"href":"https:\/\/contextoanalisisperiodistico.com\/index.php\/wp-json\/wp\/v2\/types\/post"}],"author":[{"embeddable":true,"href":"https:\/\/contextoanalisisperiodistico.com\/index.php\/wp-json\/wp\/v2\/users\/4"}],"replies":[{"embeddable":true,"href":"https:\/\/contextoanalisisperiodistico.com\/index.php\/wp-json\/wp\/v2\/comments?post=16716"}],"version-history":[{"count":1,"href":"https:\/\/contextoanalisisperiodistico.com\/index.php\/wp-json\/wp\/v2\/posts\/16716\/revisions"}],"predecessor-version":[{"id":16722,"href":"https:\/\/contextoanalisisperiodistico.com\/index.php\/wp-json\/wp\/v2\/posts\/16716\/revisions\/16722"}],"wp:featuredmedia":[{"embeddable":true,"href":"https:\/\/contextoanalisisperiodistico.com\/index.php\/wp-json\/wp\/v2\/media\/16717"}],"wp:attachment":[{"href":"https:\/\/contextoanalisisperiodistico.com\/index.php\/wp-json\/wp\/v2\/media?parent=16716"}],"wp:term":[{"taxonomy":"category","embeddable":true,"href":"https:\/\/contextoanalisisperiodistico.com\/index.php\/wp-json\/wp\/v2\/categories?post=16716"},{"taxonomy":"post_tag","embeddable":true,"href":"https:\/\/contextoanalisisperiodistico.com\/index.php\/wp-json\/wp\/v2\/tags?post=16716"}],"curies":[{"name":"wp","href":"https:\/\/api.w.org\/{rel}","templated":true}]}}