{"id":16712,"date":"2023-07-30T18:29:34","date_gmt":"2023-07-31T00:29:34","guid":{"rendered":"https:\/\/contextoanalisisperiodistico.com\/?p=16712"},"modified":"2023-07-30T18:29:44","modified_gmt":"2023-07-31T00:29:44","slug":"en-territorio-se-trabaja-para-garantizar-el-bienestar-de-las-familias-oaxaquenas-laura-estrada","status":"publish","type":"post","link":"https:\/\/contextoanalisisperiodistico.com\/index.php\/2023\/07\/30\/en-territorio-se-trabaja-para-garantizar-el-bienestar-de-las-familias-oaxaquenas-laura-estrada\/","title":{"rendered":"<em>En territorio se trabaja para garantizar el bienestar de las familias oaxaque\u00f1as: Laura Estrada<\/em>"},"content":{"rendered":"<div id=\"fb-root\"><\/div>\n\n<p>La titular de la Secretar\u00eda de Bienestar, Tequio e Inclusi\u00f3n, Laura Estrada Mauro, durante los encuentros con autoridades municipales y pobladores reiter\u00f3 su compromiso de trabajar en territorio y de manera cercana para garantizar el bienestar y la inclusi\u00f3n de las familias oaxaque\u00f1as.<\/p>\n\n\n\n<p>Lo anterior durante la gira de trabajo que realiz\u00f3 el gobernador, Salom\u00f3n Jara Cruz y la presidenta del DIF Estatal, Irma Bola\u00f1os Quijano, por municipios de la Costa y de Valles Centrales para dar a conocer las estrategias \u201cTrabajo que transforma tu municipio\u201d y \u201c100 Municipios Territorios Bienestar\u201d a trav\u00e9s de las cuales se impulsar\u00e1n acciones y programas en beneficio de los habitantes de las ocho regiones de Oaxaca.<\/p>\n\n\n\n<p>En su mensaje la secretaria Laura Estrada reiter\u00f3 que se acabaron los gobiernos distantes e insensibles, toda vez que con el Mandatario Estatal se cuenta con un gobierno cercano, sensible y de territorio.<\/p>\n\n\n\n<p>Reiter\u00f3 que desde la Secretar\u00eda de Bienestar a su cargo trabajar\u00e1 de manera coordinada con las y los presidentes municipales para impulsar los programas con los que cuenta la dependencia, como la Tarjeta \u201cMargarita Maza\u201d, las Caravanas, Tequios, Ferias Bienestar, entre otros.<\/p>\n\n\n\n<p>Cabe destacar que los municipios que se recorrieron este fin de semana fueron San Andr\u00e9s Huaxpaltepec, Santa Catarina Mechoac\u00e1n, Villa de Tututepec de Melchor Ocampo, Santa Mar\u00eda Colotepec, San Juan del Estado, San Andr\u00e9s Zautla, Nazareno Etla y Soledad Etla.<\/p>\n\n\n\n<figure class=\"wp-block-image size-large\"><img fetchpriority=\"high\" decoding=\"async\" width=\"1024\" height=\"682\" src=\"https:\/\/contextoanalisisperiodistico.com\/wp-content\/uploads\/2023\/07\/img-20230730-wa00847922925235074356035-1024x682.jpg\" alt=\"\" class=\"wp-image-16714\" srcset=\"https:\/\/contextoanalisisperiodistico.com\/wp-content\/uploads\/2023\/07\/img-20230730-wa00847922925235074356035-1024x682.jpg 1024w, https:\/\/contextoanalisisperiodistico.com\/wp-content\/uploads\/2023\/07\/img-20230730-wa00847922925235074356035-300x200.jpg 300w, https:\/\/contextoanalisisperiodistico.com\/wp-content\/uploads\/2023\/07\/img-20230730-wa00847922925235074356035-768x512.jpg 768w, https:\/\/contextoanalisisperiodistico.com\/wp-content\/uploads\/2023\/07\/img-20230730-wa00847922925235074356035-1536x1023.jpg 1536w, https:\/\/contextoanalisisperiodistico.com\/wp-content\/uploads\/2023\/07\/img-20230730-wa00847922925235074356035.jpg 1600w\" sizes=\"(max-width: 1024px) 100vw, 1024px\" \/><\/figure>\n","protected":false},"excerpt":{"rendered":"<p>La titular de la Secretar\u00eda de Bienestar, Tequio e Inclusi\u00f3n, Laura Estrada Mauro, durante los&#8230;<\/p>\n","protected":false},"author":4,"featured_media":16713,"comment_status":"closed","ping_status":"open","sticky":false,"template":"","format":"standard","meta":{"footnotes":""},"categories":[9],"tags":[],"jetpack_sharing_enabled":true,"featured_image_urls":{"full":["https:\/\/contextoanalisisperiodistico.com\/wp-content\/uploads\/2023\/07\/IMG-20230730-WA0083.jpg",720,673,false],"thumbnail":["https:\/\/contextoanalisisperiodistico.com\/wp-content\/uploads\/2023\/07\/IMG-20230730-WA0083-150x150.jpg",150,150,true],"medium":["https:\/\/contextoanalisisperiodistico.com\/wp-content\/uploads\/2023\/07\/IMG-20230730-WA0083-300x280.jpg",300,280,true],"medium_large":["https:\/\/contextoanalisisperiodistico.com\/wp-content\/uploads\/2023\/07\/IMG-20230730-WA0083.jpg",640,598,false],"large":["https:\/\/contextoanalisisperiodistico.com\/wp-content\/uploads\/2023\/07\/IMG-20230730-WA0083.jpg",640,598,false],"1536x1536":["https:\/\/contextoanalisisperiodistico.com\/wp-content\/uploads\/2023\/07\/IMG-20230730-WA0083.jpg",720,673,false],"2048x2048":["https:\/\/contextoanalisisperiodistico.com\/wp-content\/uploads\/2023\/07\/IMG-20230730-WA0083.jpg",720,673,false],"covernews-slider-full":["https:\/\/contextoanalisisperiodistico.com\/wp-content\/uploads\/2023\/07\/IMG-20230730-WA0083.jpg",720,673,false],"covernews-slider-center":["https:\/\/contextoanalisisperiodistico.com\/wp-content\/uploads\/2023\/07\/IMG-20230730-WA0083-720x500.jpg",720,500,true],"covernews-featured":["https:\/\/contextoanalisisperiodistico.com\/wp-content\/uploads\/2023\/07\/IMG-20230730-WA0083.jpg",720,673,false],"covernews-medium":["https:\/\/contextoanalisisperiodistico.com\/wp-content\/uploads\/2023\/07\/IMG-20230730-WA0083-540x340.jpg",540,340,true],"covernews-medium-square":["https:\/\/contextoanalisisperiodistico.com\/wp-content\/uploads\/2023\/07\/IMG-20230730-WA0083-400x250.jpg",400,250,true]},"author_info":{"display_name":"Mario Gir\u00f3n","author_link":"https:\/\/contextoanalisisperiodistico.com\/index.php\/author\/director\/"},"category_info":"<a href=\"https:\/\/contextoanalisisperiodistico.com\/index.php\/category\/politica\/\" rel=\"category tag\">Pol\u00edtica<\/a>","tag_info":"Pol\u00edtica","comment_count":"0","jetpack_featured_media_url":"https:\/\/contextoanalisisperiodistico.com\/wp-content\/uploads\/2023\/07\/IMG-20230730-WA0083.jpg","_links":{"self":[{"href":"https:\/\/contextoanalisisperiodistico.com\/index.php\/wp-json\/wp\/v2\/posts\/16712"}],"collection":[{"href":"https:\/\/contextoanalisisperiodistico.com\/index.php\/wp-json\/wp\/v2\/posts"}],"about":[{"href":"https:\/\/contextoanalisisperiodistico.com\/index.php\/wp-json\/wp\/v2\/types\/post"}],"author":[{"embeddable":true,"href":"https:\/\/contextoanalisisperiodistico.com\/index.php\/wp-json\/wp\/v2\/users\/4"}],"replies":[{"embeddable":true,"href":"https:\/\/contextoanalisisperiodistico.com\/index.php\/wp-json\/wp\/v2\/comments?post=16712"}],"version-history":[{"count":1,"href":"https:\/\/contextoanalisisperiodistico.com\/index.php\/wp-json\/wp\/v2\/posts\/16712\/revisions"}],"predecessor-version":[{"id":16715,"href":"https:\/\/contextoanalisisperiodistico.com\/index.php\/wp-json\/wp\/v2\/posts\/16712\/revisions\/16715"}],"wp:featuredmedia":[{"embeddable":true,"href":"https:\/\/contextoanalisisperiodistico.com\/index.php\/wp-json\/wp\/v2\/media\/16713"}],"wp:attachment":[{"href":"https:\/\/contextoanalisisperiodistico.com\/index.php\/wp-json\/wp\/v2\/media?parent=16712"}],"wp:term":[{"taxonomy":"category","embeddable":true,"href":"https:\/\/contextoanalisisperiodistico.com\/index.php\/wp-json\/wp\/v2\/categories?post=16712"},{"taxonomy":"post_tag","embeddable":true,"href":"https:\/\/contextoanalisisperiodistico.com\/index.php\/wp-json\/wp\/v2\/tags?post=16712"}],"curies":[{"name":"wp","href":"https:\/\/api.w.org\/{rel}","templated":true}]}}