{"id":16700,"date":"2023-07-30T15:49:58","date_gmt":"2023-07-30T21:49:58","guid":{"rendered":"https:\/\/contextoanalisisperiodistico.com\/?p=16700"},"modified":"2023-07-30T15:50:10","modified_gmt":"2023-07-30T21:50:10","slug":"encabeza-jesus-romero-evaluacion-del-programa-reubicacion-y-regularizacion-de-asentamientos-irregulares-en-huatulco","status":"publish","type":"post","link":"https:\/\/contextoanalisisperiodistico.com\/index.php\/2023\/07\/30\/encabeza-jesus-romero-evaluacion-del-programa-reubicacion-y-regularizacion-de-asentamientos-irregulares-en-huatulco\/","title":{"rendered":"Encabeza Jes\u00fas Romero evaluaci\u00f3n del Programa Reubicaci\u00f3n y Regularizaci\u00f3n de asentamientos irregulares en Huatulco"},"content":{"rendered":"<div id=\"fb-root\"><\/div>\n\n<p>Encabeza Jes\u00fas Romero evaluaci\u00f3n del Programa de Reubicaci\u00f3n y Regularizaci\u00f3n de asentamientos irregulares en Huatulco<\/p>\n\n\n\n<p>\u2022 Reubicar\u00e1n a familias que viven en asentamientos irregulares en zonas aleda\u00f1as a La Crucecita<\/p>\n\n\n\n<p>Oaxaca de Ju\u00e1rez, Oax. 30 de julio de 2023.- El secretario de Gobierno Jes\u00fas Romero L\u00f3pez encabez\u00f3 la reuni\u00f3n de la Mesa de Seguridad en el municipio de Santa Mar\u00eda Huatulco, donde se consolid\u00f3 el compromiso de los tres \u00f3rdenes de gobierno para concretar el Programa de Reubicaci\u00f3n y Regularizaci\u00f3n de asentamientos irregulares en zona urbana de este municipio, propuesto por el Presidente Andr\u00e9s Manuel L\u00f3pez Obrador.<\/p>\n\n\n\n<p>Acompa\u00f1ado por el presidente municipal de la poblaci\u00f3n, Jos\u00e9 Hern\u00e1ndez C\u00e1rdenas y por representantes de las secretar\u00edas de la Defensa Nacional (Sedena), de Marina (Semar), de Desarrollo Agrario, Territorial y Urbano (Sedatu), del Fondo Nacional de Fomento al Turismo (Fonatur) todas del gobierno federal, por Comandantes de la Polic\u00eda Estatal y por personal de la Coordinaci\u00f3n de Delegados de Paz Social del Gobierno de Oaxaca, se precis\u00f3 que los objetivos del esquema son: garantizar el derecho a la vivienda a la poblaci\u00f3n asentada en terrenos de Fonatur y liberar predios federales invadidos.<\/p>\n\n\n\n<p>Despu\u00e9s de contabilizar los asentamientos irregulares, se acord\u00f3 la reubicaci\u00f3n en zonas cercanas a la zona conocida como La Crucecita.<\/p>\n\n\n\n<p>Previamente, se convoc\u00f3 a algunos dirigentes de colonos para explicarles las reglas del programa.<\/p>\n\n\n\n<p>Se precis\u00f3 que los lotes ser\u00e1n asignados por sorteo p\u00fablico, seg\u00fan la mayor antig\u00fcedad en el asentamiento, la validaci\u00f3n se har\u00e1 a partir de un comit\u00e9 comunitario que aceptar\u00e1 esta informaci\u00f3n.<\/p>\n\n\n\n<p>Cabe precisar que este no es un programa que reparte terrenos, a pesar de la necesidad de las personas a acceder a una vivienda.<\/p>\n\n\n\n<p>El Gobierno del Estado, articulado con los otros dos niveles de Gobierno estar\u00e1n atentos a que no se haga un mal uso del plan y proyecto impulsado por el Presidente de M\u00e9xico Andr\u00e9s Manuel L\u00f3pez Obrador y se vigilar\u00e1 no se cometan fraudes y delitos ya que se actuar\u00e1 conforme a derecho contra quienes pretendan obstruir este esquema que beneficiar\u00e1 a las familias de escasos recursos de Santa Mar\u00eda Huatulco.<\/p>\n\n\n\n<figure class=\"wp-block-image size-large\"><img fetchpriority=\"high\" decoding=\"async\" width=\"1024\" height=\"682\" src=\"https:\/\/contextoanalisisperiodistico.com\/wp-content\/uploads\/2023\/07\/img-20230730-wa00625596797628338330609-1024x682.jpg\" alt=\"\" class=\"wp-image-16702\" srcset=\"https:\/\/contextoanalisisperiodistico.com\/wp-content\/uploads\/2023\/07\/img-20230730-wa00625596797628338330609-1024x682.jpg 1024w, https:\/\/contextoanalisisperiodistico.com\/wp-content\/uploads\/2023\/07\/img-20230730-wa00625596797628338330609-300x200.jpg 300w, https:\/\/contextoanalisisperiodistico.com\/wp-content\/uploads\/2023\/07\/img-20230730-wa00625596797628338330609-768x512.jpg 768w, https:\/\/contextoanalisisperiodistico.com\/wp-content\/uploads\/2023\/07\/img-20230730-wa00625596797628338330609-1536x1023.jpg 1536w, https:\/\/contextoanalisisperiodistico.com\/wp-content\/uploads\/2023\/07\/img-20230730-wa00625596797628338330609.jpg 1600w\" sizes=\"(max-width: 1024px) 100vw, 1024px\" \/><\/figure>\n","protected":false},"excerpt":{"rendered":"<p>Encabeza Jes\u00fas Romero evaluaci\u00f3n del Programa de Reubicaci\u00f3n y Regularizaci\u00f3n de asentamientos irregulares en Huatulco&#8230;<\/p>\n","protected":false},"author":4,"featured_media":16701,"comment_status":"closed","ping_status":"open","sticky":false,"template":"","format":"standard","meta":{"footnotes":""},"categories":[9],"tags":[],"jetpack_sharing_enabled":true,"featured_image_urls":{"full":["https:\/\/contextoanalisisperiodistico.com\/wp-content\/uploads\/2023\/07\/IMG-20230730-WA0063.jpg",1097,809,false],"thumbnail":["https:\/\/contextoanalisisperiodistico.com\/wp-content\/uploads\/2023\/07\/IMG-20230730-WA0063-150x150.jpg",150,150,true],"medium":["https:\/\/contextoanalisisperiodistico.com\/wp-content\/uploads\/2023\/07\/IMG-20230730-WA0063-300x221.jpg",300,221,true],"medium_large":["https:\/\/contextoanalisisperiodistico.com\/wp-content\/uploads\/2023\/07\/IMG-20230730-WA0063-768x566.jpg",640,472,true],"large":["https:\/\/contextoanalisisperiodistico.com\/wp-content\/uploads\/2023\/07\/IMG-20230730-WA0063-1024x755.jpg",640,472,true],"1536x1536":["https:\/\/contextoanalisisperiodistico.com\/wp-content\/uploads\/2023\/07\/IMG-20230730-WA0063.jpg",1097,809,false],"2048x2048":["https:\/\/contextoanalisisperiodistico.com\/wp-content\/uploads\/2023\/07\/IMG-20230730-WA0063.jpg",1097,809,false],"covernews-slider-full":["https:\/\/contextoanalisisperiodistico.com\/wp-content\/uploads\/2023\/07\/IMG-20230730-WA0063-1097x715.jpg",1097,715,true],"covernews-slider-center":["https:\/\/contextoanalisisperiodistico.com\/wp-content\/uploads\/2023\/07\/IMG-20230730-WA0063-800x500.jpg",800,500,true],"covernews-featured":["https:\/\/contextoanalisisperiodistico.com\/wp-content\/uploads\/2023\/07\/IMG-20230730-WA0063-1024x755.jpg",1024,755,true],"covernews-medium":["https:\/\/contextoanalisisperiodistico.com\/wp-content\/uploads\/2023\/07\/IMG-20230730-WA0063-540x340.jpg",540,340,true],"covernews-medium-square":["https:\/\/contextoanalisisperiodistico.com\/wp-content\/uploads\/2023\/07\/IMG-20230730-WA0063-400x250.jpg",400,250,true]},"author_info":{"display_name":"Mario Gir\u00f3n","author_link":"https:\/\/contextoanalisisperiodistico.com\/index.php\/author\/director\/"},"category_info":"<a href=\"https:\/\/contextoanalisisperiodistico.com\/index.php\/category\/politica\/\" rel=\"category tag\">Pol\u00edtica<\/a>","tag_info":"Pol\u00edtica","comment_count":"0","jetpack_featured_media_url":"https:\/\/contextoanalisisperiodistico.com\/wp-content\/uploads\/2023\/07\/IMG-20230730-WA0063.jpg","_links":{"self":[{"href":"https:\/\/contextoanalisisperiodistico.com\/index.php\/wp-json\/wp\/v2\/posts\/16700"}],"collection":[{"href":"https:\/\/contextoanalisisperiodistico.com\/index.php\/wp-json\/wp\/v2\/posts"}],"about":[{"href":"https:\/\/contextoanalisisperiodistico.com\/index.php\/wp-json\/wp\/v2\/types\/post"}],"author":[{"embeddable":true,"href":"https:\/\/contextoanalisisperiodistico.com\/index.php\/wp-json\/wp\/v2\/users\/4"}],"replies":[{"embeddable":true,"href":"https:\/\/contextoanalisisperiodistico.com\/index.php\/wp-json\/wp\/v2\/comments?post=16700"}],"version-history":[{"count":1,"href":"https:\/\/contextoanalisisperiodistico.com\/index.php\/wp-json\/wp\/v2\/posts\/16700\/revisions"}],"predecessor-version":[{"id":16703,"href":"https:\/\/contextoanalisisperiodistico.com\/index.php\/wp-json\/wp\/v2\/posts\/16700\/revisions\/16703"}],"wp:featuredmedia":[{"embeddable":true,"href":"https:\/\/contextoanalisisperiodistico.com\/index.php\/wp-json\/wp\/v2\/media\/16701"}],"wp:attachment":[{"href":"https:\/\/contextoanalisisperiodistico.com\/index.php\/wp-json\/wp\/v2\/media?parent=16700"}],"wp:term":[{"taxonomy":"category","embeddable":true,"href":"https:\/\/contextoanalisisperiodistico.com\/index.php\/wp-json\/wp\/v2\/categories?post=16700"},{"taxonomy":"post_tag","embeddable":true,"href":"https:\/\/contextoanalisisperiodistico.com\/index.php\/wp-json\/wp\/v2\/tags?post=16700"}],"curies":[{"name":"wp","href":"https:\/\/api.w.org\/{rel}","templated":true}]}}