{"id":16695,"date":"2023-07-30T14:23:55","date_gmt":"2023-07-30T20:23:55","guid":{"rendered":"https:\/\/contextoanalisisperiodistico.com\/?p=16695"},"modified":"2023-07-30T14:24:07","modified_gmt":"2023-07-30T20:24:07","slug":"repone-soapa-tapas-en-pozos-de-visita-y-rejillas-pluviales","status":"publish","type":"post","link":"https:\/\/contextoanalisisperiodistico.com\/index.php\/2023\/07\/30\/repone-soapa-tapas-en-pozos-de-visita-y-rejillas-pluviales\/","title":{"rendered":"Repone Soapa tapas en pozos de visita y rejillas pluviales"},"content":{"rendered":"<div id=\"fb-root\"><\/div>\n\n<p>\u2022 Hasta el momento nueve tapas y rejillas se han repuesto ante el robo de las mismas; el organismo operador exhorta a denunciar estos hurtos.<\/p>\n\n\n\n<p>Oaxaca de Ju\u00e1rez, Oax. 30 de julio de 2023.- El Sistema Operador de los Servicios de Agua Potable y Alcantarillado (Soapa) repone y coloca tapas en pozos de visita y rejillas pluviales en diversos puntos de la ciudad de Oaxaca de Ju\u00e1rez, con el prop\u00f3sito de evitar accidentes tanto a peatones como a conductores de veh\u00edculos de motor.<\/p>\n\n\n\n<p>El director general del organismo, Omar P\u00e9rez Ben\u00edtez, destac\u00f3 que estas tareas se han realizado hasta el momento en la calle Berrioz\u00e1bal esquina Macedonio Alcal\u00e1, en el centro de la capital, donde fue colocada una rejilla pluvial, otra m\u00e1s en la calle Mariano Matamoros esquina con Macedonio Alcal\u00e1.<\/p>\n\n\n\n<p>Mientras que, en la segunda privada de La Noria del Barrio con el mismo nombre, personal del Departamento de Alcantarillado repuso la tapa del pozo de visita de este lugar; adem\u00e1s del pozo de visita de la calle de Jazmines esquina Sauces, as\u00ed como el ubicado en la avenida Fuerza A\u00e9rea Mexicana esquina Violetas, ambos en la colonia Reforma.<\/p>\n\n\n\n<p>En la zona poniente tambi\u00e9n se repuso la tapa del pozo de visita ubicado en la carretera a la agencia municipal de Trinidad de Viguera, a la altura de la colonia Reforestaci\u00f3n; al igual que en la Avenida Central de la Primera Etapa de la Unidad Habitacional Ricardo Flores Mag\u00f3n. Tambi\u00e9n las tapas de los pozos ubicados en las calles R\u00edo Amazonas y R\u00edo Bravo de la colonia La Cascada; y en la calle de Gerardo Varela de la colonia Lomas del Crest\u00f3n de la Verde Antequera.<\/p>\n\n\n\n<p>P\u00e9rez Ben\u00edtez pidi\u00f3 la colaboraci\u00f3n de la ciudadan\u00eda para denunciar el robo de estas piezas y exhort\u00f3 a los propietarios de los establecimientos donde compran este tipo de materiales eviten hacerlo, pues se vuelven c\u00f3mplices de estos hurtos.<\/p>\n\n\n\n<p>\u201cNo seamos c\u00f3mplices de este tipo de delito, pedimos a la gente que colabore para denunciar a las personas que hurtan las tapas. Entendemos la molestia de la poblaci\u00f3n al momento de ver un registro sin cubierta, pero es algo que sale de nuestras manos, pues no se tienen los repuestos para colocarlos de manera inmediata y conlleva la tarea adicional de cambiar incluso la base de los mismos\u201d, expres\u00f3.<\/p>\n\n\n\n<p>El Centro de Atenci\u00f3n Telef\u00f3nica de Soapa recibe reportes los 365 d\u00edas del a\u00f1o en un horario de 7:00 a 21:00 horas, al n\u00famero 9515015930 (ext. 101 a la 108).<\/p>\n\n\n\n<p>Tambi\u00e9n mediante mensajes de texto v\u00eda WhatsApp -no llamadas- al 951 461 59 68 y a trav\u00e9s de las redes sociales del organismo: Facebook SOAPA.Oax y en twitter como @SOAPA_Oax.<\/p>\n\n\n\n<figure class=\"wp-block-image size-large\"><img fetchpriority=\"high\" decoding=\"async\" width=\"768\" height=\"1024\" src=\"https:\/\/contextoanalisisperiodistico.com\/wp-content\/uploads\/2023\/07\/img-20230730-wa004299808769965898996-768x1024.jpg\" alt=\"\" class=\"wp-image-16697\" srcset=\"https:\/\/contextoanalisisperiodistico.com\/wp-content\/uploads\/2023\/07\/img-20230730-wa004299808769965898996-768x1024.jpg 768w, https:\/\/contextoanalisisperiodistico.com\/wp-content\/uploads\/2023\/07\/img-20230730-wa004299808769965898996-225x300.jpg 225w, https:\/\/contextoanalisisperiodistico.com\/wp-content\/uploads\/2023\/07\/img-20230730-wa004299808769965898996-1152x1536.jpg 1152w, https:\/\/contextoanalisisperiodistico.com\/wp-content\/uploads\/2023\/07\/img-20230730-wa004299808769965898996-1024x1365.jpg 1024w, https:\/\/contextoanalisisperiodistico.com\/wp-content\/uploads\/2023\/07\/img-20230730-wa004299808769965898996.jpg 1200w\" sizes=\"(max-width: 768px) 100vw, 768px\" \/><\/figure>\n\n\n\n<figure class=\"wp-block-image\"><img decoding=\"async\" width=\"1024\" height=\"683\" src=\"https:\/\/contextoanalisisperiodistico.com\/wp-content\/uploads\/2023\/07\/img-20230730-wa00413993215809950838375-1024x683.jpg\" alt=\"\" class=\"wp-image-16698\" srcset=\"https:\/\/contextoanalisisperiodistico.com\/wp-content\/uploads\/2023\/07\/img-20230730-wa00413993215809950838375-1024x683.jpg 1024w, https:\/\/contextoanalisisperiodistico.com\/wp-content\/uploads\/2023\/07\/img-20230730-wa00413993215809950838375-300x200.jpg 300w, https:\/\/contextoanalisisperiodistico.com\/wp-content\/uploads\/2023\/07\/img-20230730-wa00413993215809950838375-768x512.jpg 768w, https:\/\/contextoanalisisperiodistico.com\/wp-content\/uploads\/2023\/07\/img-20230730-wa00413993215809950838375.jpg 1280w\" sizes=\"(max-width: 1024px) 100vw, 1024px\" \/><\/figure>\n","protected":false},"excerpt":{"rendered":"<p>\u2022 Hasta el momento nueve tapas y rejillas se han repuesto ante el robo de&#8230;<\/p>\n","protected":false},"author":4,"featured_media":16696,"comment_status":"closed","ping_status":"open","sticky":false,"template":"","format":"standard","meta":{"footnotes":""},"categories":[9],"tags":[],"jetpack_sharing_enabled":true,"featured_image_urls":{"full":["https:\/\/contextoanalisisperiodistico.com\/wp-content\/uploads\/2023\/07\/IMG-20230730-WA0040.jpg",1280,854,false],"thumbnail":["https:\/\/contextoanalisisperiodistico.com\/wp-content\/uploads\/2023\/07\/IMG-20230730-WA0040-150x150.jpg",150,150,true],"medium":["https:\/\/contextoanalisisperiodistico.com\/wp-content\/uploads\/2023\/07\/IMG-20230730-WA0040-300x200.jpg",300,200,true],"medium_large":["https:\/\/contextoanalisisperiodistico.com\/wp-content\/uploads\/2023\/07\/IMG-20230730-WA0040-768x512.jpg",640,427,true],"large":["https:\/\/contextoanalisisperiodistico.com\/wp-content\/uploads\/2023\/07\/IMG-20230730-WA0040-1024x683.jpg",640,427,true],"1536x1536":["https:\/\/contextoanalisisperiodistico.com\/wp-content\/uploads\/2023\/07\/IMG-20230730-WA0040.jpg",1280,854,false],"2048x2048":["https:\/\/contextoanalisisperiodistico.com\/wp-content\/uploads\/2023\/07\/IMG-20230730-WA0040.jpg",1280,854,false],"covernews-slider-full":["https:\/\/contextoanalisisperiodistico.com\/wp-content\/uploads\/2023\/07\/IMG-20230730-WA0040-1115x715.jpg",1115,715,true],"covernews-slider-center":["https:\/\/contextoanalisisperiodistico.com\/wp-content\/uploads\/2023\/07\/IMG-20230730-WA0040-800x500.jpg",800,500,true],"covernews-featured":["https:\/\/contextoanalisisperiodistico.com\/wp-content\/uploads\/2023\/07\/IMG-20230730-WA0040-1024x683.jpg",1024,683,true],"covernews-medium":["https:\/\/contextoanalisisperiodistico.com\/wp-content\/uploads\/2023\/07\/IMG-20230730-WA0040-540x340.jpg",540,340,true],"covernews-medium-square":["https:\/\/contextoanalisisperiodistico.com\/wp-content\/uploads\/2023\/07\/IMG-20230730-WA0040-400x250.jpg",400,250,true]},"author_info":{"display_name":"Mario Gir\u00f3n","author_link":"https:\/\/contextoanalisisperiodistico.com\/index.php\/author\/director\/"},"category_info":"<a href=\"https:\/\/contextoanalisisperiodistico.com\/index.php\/category\/politica\/\" rel=\"category tag\">Pol\u00edtica<\/a>","tag_info":"Pol\u00edtica","comment_count":"0","jetpack_featured_media_url":"https:\/\/contextoanalisisperiodistico.com\/wp-content\/uploads\/2023\/07\/IMG-20230730-WA0040.jpg","_links":{"self":[{"href":"https:\/\/contextoanalisisperiodistico.com\/index.php\/wp-json\/wp\/v2\/posts\/16695"}],"collection":[{"href":"https:\/\/contextoanalisisperiodistico.com\/index.php\/wp-json\/wp\/v2\/posts"}],"about":[{"href":"https:\/\/contextoanalisisperiodistico.com\/index.php\/wp-json\/wp\/v2\/types\/post"}],"author":[{"embeddable":true,"href":"https:\/\/contextoanalisisperiodistico.com\/index.php\/wp-json\/wp\/v2\/users\/4"}],"replies":[{"embeddable":true,"href":"https:\/\/contextoanalisisperiodistico.com\/index.php\/wp-json\/wp\/v2\/comments?post=16695"}],"version-history":[{"count":1,"href":"https:\/\/contextoanalisisperiodistico.com\/index.php\/wp-json\/wp\/v2\/posts\/16695\/revisions"}],"predecessor-version":[{"id":16699,"href":"https:\/\/contextoanalisisperiodistico.com\/index.php\/wp-json\/wp\/v2\/posts\/16695\/revisions\/16699"}],"wp:featuredmedia":[{"embeddable":true,"href":"https:\/\/contextoanalisisperiodistico.com\/index.php\/wp-json\/wp\/v2\/media\/16696"}],"wp:attachment":[{"href":"https:\/\/contextoanalisisperiodistico.com\/index.php\/wp-json\/wp\/v2\/media?parent=16695"}],"wp:term":[{"taxonomy":"category","embeddable":true,"href":"https:\/\/contextoanalisisperiodistico.com\/index.php\/wp-json\/wp\/v2\/categories?post=16695"},{"taxonomy":"post_tag","embeddable":true,"href":"https:\/\/contextoanalisisperiodistico.com\/index.php\/wp-json\/wp\/v2\/tags?post=16695"}],"curies":[{"name":"wp","href":"https:\/\/api.w.org\/{rel}","templated":true}]}}