{"id":16683,"date":"2023-07-30T14:15:34","date_gmt":"2023-07-30T20:15:34","guid":{"rendered":"https:\/\/contextoanalisisperiodistico.com\/?p=16683"},"modified":"2023-07-30T14:15:45","modified_gmt":"2023-07-30T20:15:45","slug":"ayuntamiento-de-oaxaca-de-juarez-rinde-homenaje-a-miguel-hidalgo-y-costilla","status":"publish","type":"post","link":"https:\/\/contextoanalisisperiodistico.com\/index.php\/2023\/07\/30\/ayuntamiento-de-oaxaca-de-juarez-rinde-homenaje-a-miguel-hidalgo-y-costilla\/","title":{"rendered":"Ayuntamiento de Oaxaca de Ju\u00e1rez rinde homenaje a Miguel Hidalgo y Costilla"},"content":{"rendered":"<div id=\"fb-root\"><\/div>\n\n<p>*La ceremonia se llev\u00f3 a cabo en el jard\u00edn Hidalgo en memoria de uno de los dirigentes destacados en la lucha por la indepencia nacional.<\/p>\n\n\n\n<p>Oaxaca de Ju\u00e1rez, Oax., a 30 de julio de 2023.- En un acto c\u00edvico, el Ayuntamiento de Oaxaca de Ju\u00e1rez rindi\u00f3 homenaje al ilustre pr\u00f3cer de la Independencia de M\u00e9xico, don Miguel Hidalgo y Costilla, en el 222 aniversario de su fallecimiento.<\/p>\n\n\n\n<p>El evento fue encabezado por el presidente Municipal de Oaxaca de Ju\u00e1rez, Francisco Mart\u00ednez Neri, quien destac\u00f3 la importancia y legado de Miguel Gregorio Antonio Ignacio Hidalgo y Costilla Gallaga Mandarte y Villase\u00f1or, conocido com\u00fanmente como Miguel Hidalgo y Costilla, padre de la patria y l\u00edder de la lucha por la independencia.<\/p>\n\n\n\n<p>Durante su intervenci\u00f3n, Mart\u00ednez Neri enfatiz\u00f3 que Hidalgo fue un hombre de valores, determinaci\u00f3n y contradicciones; pero, sobre todo, un forjador de la patria que marc\u00f3 un hito trascendental en la historia de M\u00e9xico.<\/p>\n\n\n\n<p>En el acto se llevaron a cabo los honores a la bandera, a cargo de la banda de guerra de la Polic\u00eda Municipal y la escolta femenil de la Secretar\u00eda de Seguridad Ciudadana, Movilidad y Protecci\u00f3n Civil.<\/p>\n\n\n\n<p>El edil capitalino estuvo acompa\u00f1ado de la Presidenta Honoraria del DIF Municipal, Bernarda Gonz\u00e1lez Rivas, as\u00ed como miembros del Cabildo y servidoras y servidores p\u00fablicos municipales.<\/p>\n\n\n\n<p>Como parte de la conmemoraci\u00f3n se deposit\u00f3 una ofrenda floral y se rindi\u00f3 guardia de honor en honor al \u201cPadre de la Patria\u201d, recordando su valent\u00eda y compromiso con la emancipaci\u00f3n de la naci\u00f3n.<\/p>\n\n\n\n<p>En este sentido, el edil capitalino hizo un llamado a reflexionar sobre la trascendencia hist\u00f3rica de Miguel Hidalgo y Costilla y su legado de lucha y libertad para las generaciones presentes y futuras.<\/p>\n\n\n\n<p>Con este homenaje el municipio de Oaxaca de Ju\u00e1rez reafirma su compromiso de mantener viva la memoria de los h\u00e9roes de la Independencia y seguir trabajando por el bienestar y la grandeza de la ciudad y sus habitantes.<\/p>\n\n\n\n<figure class=\"wp-block-image size-large\"><img fetchpriority=\"high\" decoding=\"async\" width=\"1024\" height=\"684\" src=\"https:\/\/contextoanalisisperiodistico.com\/wp-content\/uploads\/2023\/07\/img-20230730-wa00468902388657134597985-1024x684.jpg\" alt=\"\" class=\"wp-image-16685\" srcset=\"https:\/\/contextoanalisisperiodistico.com\/wp-content\/uploads\/2023\/07\/img-20230730-wa00468902388657134597985-1024x684.jpg 1024w, https:\/\/contextoanalisisperiodistico.com\/wp-content\/uploads\/2023\/07\/img-20230730-wa00468902388657134597985-300x200.jpg 300w, https:\/\/contextoanalisisperiodistico.com\/wp-content\/uploads\/2023\/07\/img-20230730-wa00468902388657134597985-768x513.jpg 768w, https:\/\/contextoanalisisperiodistico.com\/wp-content\/uploads\/2023\/07\/img-20230730-wa00468902388657134597985-1536x1026.jpg 1536w, https:\/\/contextoanalisisperiodistico.com\/wp-content\/uploads\/2023\/07\/img-20230730-wa00468902388657134597985.jpg 1600w\" sizes=\"(max-width: 1024px) 100vw, 1024px\" \/><\/figure>\n\n\n\n<figure class=\"wp-block-image\"><img decoding=\"async\" width=\"1024\" height=\"684\" src=\"https:\/\/contextoanalisisperiodistico.com\/wp-content\/uploads\/2023\/07\/img-20230730-wa00454320748593916439566-1024x684.jpg\" alt=\"\" class=\"wp-image-16686\" srcset=\"https:\/\/contextoanalisisperiodistico.com\/wp-content\/uploads\/2023\/07\/img-20230730-wa00454320748593916439566-1024x684.jpg 1024w, https:\/\/contextoanalisisperiodistico.com\/wp-content\/uploads\/2023\/07\/img-20230730-wa00454320748593916439566-300x200.jpg 300w, https:\/\/contextoanalisisperiodistico.com\/wp-content\/uploads\/2023\/07\/img-20230730-wa00454320748593916439566-768x513.jpg 768w, https:\/\/contextoanalisisperiodistico.com\/wp-content\/uploads\/2023\/07\/img-20230730-wa00454320748593916439566-1536x1026.jpg 1536w, https:\/\/contextoanalisisperiodistico.com\/wp-content\/uploads\/2023\/07\/img-20230730-wa00454320748593916439566.jpg 1600w\" sizes=\"(max-width: 1024px) 100vw, 1024px\" \/><\/figure>\n","protected":false},"excerpt":{"rendered":"<p>*La ceremonia se llev\u00f3 a cabo en el jard\u00edn Hidalgo en memoria de uno de&#8230;<\/p>\n","protected":false},"author":4,"featured_media":16684,"comment_status":"closed","ping_status":"open","sticky":false,"template":"","format":"standard","meta":{"footnotes":""},"categories":[9],"tags":[],"jetpack_sharing_enabled":true,"featured_image_urls":{"full":["https:\/\/contextoanalisisperiodistico.com\/wp-content\/uploads\/2023\/07\/IMG-20230730-WA0044.jpg",1600,1069,false],"thumbnail":["https:\/\/contextoanalisisperiodistico.com\/wp-content\/uploads\/2023\/07\/IMG-20230730-WA0044-150x150.jpg",150,150,true],"medium":["https:\/\/contextoanalisisperiodistico.com\/wp-content\/uploads\/2023\/07\/IMG-20230730-WA0044-300x200.jpg",300,200,true],"medium_large":["https:\/\/contextoanalisisperiodistico.com\/wp-content\/uploads\/2023\/07\/IMG-20230730-WA0044-768x513.jpg",640,428,true],"large":["https:\/\/contextoanalisisperiodistico.com\/wp-content\/uploads\/2023\/07\/IMG-20230730-WA0044-1024x684.jpg",640,428,true],"1536x1536":["https:\/\/contextoanalisisperiodistico.com\/wp-content\/uploads\/2023\/07\/IMG-20230730-WA0044-1536x1026.jpg",1536,1026,true],"2048x2048":["https:\/\/contextoanalisisperiodistico.com\/wp-content\/uploads\/2023\/07\/IMG-20230730-WA0044.jpg",1600,1069,false],"covernews-slider-full":["https:\/\/contextoanalisisperiodistico.com\/wp-content\/uploads\/2023\/07\/IMG-20230730-WA0044-1115x715.jpg",1115,715,true],"covernews-slider-center":["https:\/\/contextoanalisisperiodistico.com\/wp-content\/uploads\/2023\/07\/IMG-20230730-WA0044-800x500.jpg",800,500,true],"covernews-featured":["https:\/\/contextoanalisisperiodistico.com\/wp-content\/uploads\/2023\/07\/IMG-20230730-WA0044-1024x684.jpg",1024,684,true],"covernews-medium":["https:\/\/contextoanalisisperiodistico.com\/wp-content\/uploads\/2023\/07\/IMG-20230730-WA0044-540x340.jpg",540,340,true],"covernews-medium-square":["https:\/\/contextoanalisisperiodistico.com\/wp-content\/uploads\/2023\/07\/IMG-20230730-WA0044-400x250.jpg",400,250,true]},"author_info":{"display_name":"Mario Gir\u00f3n","author_link":"https:\/\/contextoanalisisperiodistico.com\/index.php\/author\/director\/"},"category_info":"<a href=\"https:\/\/contextoanalisisperiodistico.com\/index.php\/category\/politica\/\" rel=\"category tag\">Pol\u00edtica<\/a>","tag_info":"Pol\u00edtica","comment_count":"0","jetpack_featured_media_url":"https:\/\/contextoanalisisperiodistico.com\/wp-content\/uploads\/2023\/07\/IMG-20230730-WA0044.jpg","_links":{"self":[{"href":"https:\/\/contextoanalisisperiodistico.com\/index.php\/wp-json\/wp\/v2\/posts\/16683"}],"collection":[{"href":"https:\/\/contextoanalisisperiodistico.com\/index.php\/wp-json\/wp\/v2\/posts"}],"about":[{"href":"https:\/\/contextoanalisisperiodistico.com\/index.php\/wp-json\/wp\/v2\/types\/post"}],"author":[{"embeddable":true,"href":"https:\/\/contextoanalisisperiodistico.com\/index.php\/wp-json\/wp\/v2\/users\/4"}],"replies":[{"embeddable":true,"href":"https:\/\/contextoanalisisperiodistico.com\/index.php\/wp-json\/wp\/v2\/comments?post=16683"}],"version-history":[{"count":1,"href":"https:\/\/contextoanalisisperiodistico.com\/index.php\/wp-json\/wp\/v2\/posts\/16683\/revisions"}],"predecessor-version":[{"id":16687,"href":"https:\/\/contextoanalisisperiodistico.com\/index.php\/wp-json\/wp\/v2\/posts\/16683\/revisions\/16687"}],"wp:featuredmedia":[{"embeddable":true,"href":"https:\/\/contextoanalisisperiodistico.com\/index.php\/wp-json\/wp\/v2\/media\/16684"}],"wp:attachment":[{"href":"https:\/\/contextoanalisisperiodistico.com\/index.php\/wp-json\/wp\/v2\/media?parent=16683"}],"wp:term":[{"taxonomy":"category","embeddable":true,"href":"https:\/\/contextoanalisisperiodistico.com\/index.php\/wp-json\/wp\/v2\/categories?post=16683"},{"taxonomy":"post_tag","embeddable":true,"href":"https:\/\/contextoanalisisperiodistico.com\/index.php\/wp-json\/wp\/v2\/tags?post=16683"}],"curies":[{"name":"wp","href":"https:\/\/api.w.org\/{rel}","templated":true}]}}