{"id":16670,"date":"2023-07-30T12:28:06","date_gmt":"2023-07-30T18:28:06","guid":{"rendered":"https:\/\/contextoanalisisperiodistico.com\/?p=16670"},"modified":"2023-07-30T12:28:26","modified_gmt":"2023-07-30T18:28:26","slug":"destina-gobierno-de-oaxaca-25-millones-de-pesos-para-abatir-rezago-social-en-santa-maria-colotepec","status":"publish","type":"post","link":"https:\/\/contextoanalisisperiodistico.com\/index.php\/2023\/07\/30\/destina-gobierno-de-oaxaca-25-millones-de-pesos-para-abatir-rezago-social-en-santa-maria-colotepec\/","title":{"rendered":"Destina Gobierno de Oaxaca 25 millones de pesos para abatir rezago social en Santa Mar\u00eda Colotepec"},"content":{"rendered":"<div id=\"fb-root\"><\/div>\n\n<ul>\n<li>El Gobernador Salom\u00f3n Jara recalc\u00f3 su compromiso de trabajar de la mano con las autoridades municipales de la Costa<\/li>\n<\/ul>\n\n\n\n<p>Santa Mar\u00eda Colotepec, Oax., 30 de julio de 2023.- Para compartir acciones, programas y estrategias que abatan rezagos sociales en la regi\u00f3n de la Costa, el Gobernador del Estado Salom\u00f3n Jara Cruz acudi\u00f3 al municipio de Santa Mar\u00eda Colotepec, en apego a la estrategia \u00abTrabajo que transforma tu municipio\u00bb.<\/p>\n\n\n\n<p>Junto a integrantes del Gabinete Legal y directores, Jara Cruz anunci\u00f3 que como una primera aportaci\u00f3n de recursos p\u00fablicos, el Gobierno del Estado destinar\u00e1 un total de 25 millones 163 mil pesos en beneficio directo de las familias.<\/p>\n\n\n\n<p>El titular de la Gubernatura de la entidad recalc\u00f3 su compromiso de trabajar de la mano con las autoridades municipales de la Costa a trav\u00e9s de una perspectiva de cero corrupci\u00f3n y austeridad.<\/p>\n\n\n\n<p>\u00abYo veo aqu\u00ed un reclamo justo por los malos gobiernos del pasado y Oaxaca no merece eso; yo vengo a ofrecerles un buen gobierno para ustedes durante estos seis a\u00f1os\u00bb, comparti\u00f3 el Gobernador.<\/p>\n\n\n\n<p>El titular del Poder Ejecutivo dijo que para mejorar las condiciones en las que se desarrollan actividades educativas se destinar\u00e1 un total de 1 mill\u00f3n 780 mil pesos para infraestructura.<\/p>\n\n\n\n<p>El Sistema DIF Estatal aportar\u00e1 un total de 4 millones 778 mil pesos en beneficio de mil 714 personas de 37 localidades.<\/p>\n\n\n\n<p>Por otro lado, mediante la aplicaci\u00f3n transparente de los recursos del pueblo, los Servicios de Salud de Oaxaca aplicar\u00e1 el monto de 7 millones 761 mil 340 pesos para medicamentos y equipamiento en los distintos centros y casas de salud de la localidad.<\/p>\n\n\n\n<p>Para generar una mayor producci\u00f3n de ma\u00edz, frijol y hortalizas, el Gobierno del Estado invertir\u00e1 la cantidad de 616 mil 630 pesos.<\/p>\n\n\n\n<p>Salom\u00f3n Jara Cruz abund\u00f3 que para fortalecer el sistema de seguridad municipal de Santa Mar\u00eda Colotepec, se realiz\u00f3 la entrega de una patrulla con un importe total de 393 mil 599 pesos.<\/p>\n\n\n\n<p>En materia de vivienda se destinar\u00e1n recursos econ\u00f3micos por el orden de 1 mill\u00f3n 106 mil pesos para pisos firmes.<\/p>\n\n\n\n<p>En su momento, el Presidente Municipal de Santa Mar\u00eda Colotepec, Miguel Mart\u00ednez Castellanos mostr\u00f3 su benepl\u00e1cito hacia el Mandatario Estatal y las y los servidores p\u00fablicos estatales.<\/p>\n\n\n\n<p>\u00abCon su visita tenemos la esperanza en su gobierno, tenemos muchas necesidades; pero con su apoyo podremos salir adelante y lo vamos a resolver\u00bb, concluy\u00f3 ante su comunidad, integrantes del cabildo y autoridades auxiliares.<\/p>\n\n\n\n<figure class=\"wp-block-image size-large\"><img fetchpriority=\"high\" decoding=\"async\" width=\"1024\" height=\"683\" src=\"https:\/\/contextoanalisisperiodistico.com\/wp-content\/uploads\/2023\/07\/img-20230730-wa00245523099776073169710-1024x683.jpg\" alt=\"\" class=\"wp-image-16673\" srcset=\"https:\/\/contextoanalisisperiodistico.com\/wp-content\/uploads\/2023\/07\/img-20230730-wa00245523099776073169710-1024x683.jpg 1024w, https:\/\/contextoanalisisperiodistico.com\/wp-content\/uploads\/2023\/07\/img-20230730-wa00245523099776073169710-300x200.jpg 300w, https:\/\/contextoanalisisperiodistico.com\/wp-content\/uploads\/2023\/07\/img-20230730-wa00245523099776073169710-768x512.jpg 768w, https:\/\/contextoanalisisperiodistico.com\/wp-content\/uploads\/2023\/07\/img-20230730-wa00245523099776073169710.jpg 1500w\" sizes=\"(max-width: 1024px) 100vw, 1024px\" \/><\/figure>\n\n\n\n<figure class=\"wp-block-image\"><img decoding=\"async\" width=\"1024\" height=\"683\" src=\"https:\/\/contextoanalisisperiodistico.com\/wp-content\/uploads\/2023\/07\/img-20230730-wa00264642525676055150936-1024x683.jpg\" alt=\"\" class=\"wp-image-16672\" srcset=\"https:\/\/contextoanalisisperiodistico.com\/wp-content\/uploads\/2023\/07\/img-20230730-wa00264642525676055150936-1024x683.jpg 1024w, https:\/\/contextoanalisisperiodistico.com\/wp-content\/uploads\/2023\/07\/img-20230730-wa00264642525676055150936-300x200.jpg 300w, https:\/\/contextoanalisisperiodistico.com\/wp-content\/uploads\/2023\/07\/img-20230730-wa00264642525676055150936-768x512.jpg 768w, https:\/\/contextoanalisisperiodistico.com\/wp-content\/uploads\/2023\/07\/img-20230730-wa00264642525676055150936.jpg 1372w\" sizes=\"(max-width: 1024px) 100vw, 1024px\" \/><\/figure>\n\n\n\n<figure class=\"wp-block-image\"><img decoding=\"async\" width=\"1024\" height=\"683\" src=\"https:\/\/contextoanalisisperiodistico.com\/wp-content\/uploads\/2023\/07\/img-20230730-wa00275714392980367603202-1024x683.jpg\" alt=\"\" class=\"wp-image-16674\" srcset=\"https:\/\/contextoanalisisperiodistico.com\/wp-content\/uploads\/2023\/07\/img-20230730-wa00275714392980367603202-1024x683.jpg 1024w, https:\/\/contextoanalisisperiodistico.com\/wp-content\/uploads\/2023\/07\/img-20230730-wa00275714392980367603202-300x200.jpg 300w, https:\/\/contextoanalisisperiodistico.com\/wp-content\/uploads\/2023\/07\/img-20230730-wa00275714392980367603202-768x512.jpg 768w, https:\/\/contextoanalisisperiodistico.com\/wp-content\/uploads\/2023\/07\/img-20230730-wa00275714392980367603202.jpg 1423w\" sizes=\"(max-width: 1024px) 100vw, 1024px\" \/><\/figure>\n\n\n\n<figure class=\"wp-block-image\"><img loading=\"lazy\" decoding=\"async\" width=\"1024\" height=\"597\" src=\"https:\/\/contextoanalisisperiodistico.com\/wp-content\/uploads\/2023\/07\/img-20230730-wa00258113840798291467397-1024x597.jpg\" alt=\"\" class=\"wp-image-16676\" srcset=\"https:\/\/contextoanalisisperiodistico.com\/wp-content\/uploads\/2023\/07\/img-20230730-wa00258113840798291467397-1024x597.jpg 1024w, https:\/\/contextoanalisisperiodistico.com\/wp-content\/uploads\/2023\/07\/img-20230730-wa00258113840798291467397-300x175.jpg 300w, https:\/\/contextoanalisisperiodistico.com\/wp-content\/uploads\/2023\/07\/img-20230730-wa00258113840798291467397-768x448.jpg 768w, https:\/\/contextoanalisisperiodistico.com\/wp-content\/uploads\/2023\/07\/img-20230730-wa00258113840798291467397.jpg 1373w\" sizes=\"(max-width: 1024px) 100vw, 1024px\" \/><\/figure>\n\n\n\n<figure class=\"wp-block-image\"><img loading=\"lazy\" decoding=\"async\" width=\"1024\" height=\"492\" src=\"https:\/\/contextoanalisisperiodistico.com\/wp-content\/uploads\/2023\/07\/img-20230730-wa00288845299902026858423-1024x492.jpg\" alt=\"\" class=\"wp-image-16675\" srcset=\"https:\/\/contextoanalisisperiodistico.com\/wp-content\/uploads\/2023\/07\/img-20230730-wa00288845299902026858423-1024x492.jpg 1024w, https:\/\/contextoanalisisperiodistico.com\/wp-content\/uploads\/2023\/07\/img-20230730-wa00288845299902026858423-300x144.jpg 300w, https:\/\/contextoanalisisperiodistico.com\/wp-content\/uploads\/2023\/07\/img-20230730-wa00288845299902026858423-768x369.jpg 768w, https:\/\/contextoanalisisperiodistico.com\/wp-content\/uploads\/2023\/07\/img-20230730-wa00288845299902026858423.jpg 1280w\" sizes=\"(max-width: 1024px) 100vw, 1024px\" \/><\/figure>\n","protected":false},"excerpt":{"rendered":"<p>Santa Mar\u00eda Colotepec, Oax., 30 de julio de 2023.- Para compartir acciones, programas y estrategias&#8230;<\/p>\n","protected":false},"author":4,"featured_media":16671,"comment_status":"closed","ping_status":"open","sticky":false,"template":"","format":"standard","meta":{"footnotes":""},"categories":[9],"tags":[],"jetpack_sharing_enabled":true,"featured_image_urls":{"full":["https:\/\/contextoanalisisperiodistico.com\/wp-content\/uploads\/2023\/07\/IMG-20230730-WA0030.jpg",1280,749,false],"thumbnail":["https:\/\/contextoanalisisperiodistico.com\/wp-content\/uploads\/2023\/07\/IMG-20230730-WA0030-150x150.jpg",150,150,true],"medium":["https:\/\/contextoanalisisperiodistico.com\/wp-content\/uploads\/2023\/07\/IMG-20230730-WA0030-300x176.jpg",300,176,true],"medium_large":["https:\/\/contextoanalisisperiodistico.com\/wp-content\/uploads\/2023\/07\/IMG-20230730-WA0030-768x449.jpg",640,374,true],"large":["https:\/\/contextoanalisisperiodistico.com\/wp-content\/uploads\/2023\/07\/IMG-20230730-WA0030-1024x599.jpg",640,374,true],"1536x1536":["https:\/\/contextoanalisisperiodistico.com\/wp-content\/uploads\/2023\/07\/IMG-20230730-WA0030.jpg",1280,749,false],"2048x2048":["https:\/\/contextoanalisisperiodistico.com\/wp-content\/uploads\/2023\/07\/IMG-20230730-WA0030.jpg",1280,749,false],"covernews-slider-full":["https:\/\/contextoanalisisperiodistico.com\/wp-content\/uploads\/2023\/07\/IMG-20230730-WA0030-1115x715.jpg",1115,715,true],"covernews-slider-center":["https:\/\/contextoanalisisperiodistico.com\/wp-content\/uploads\/2023\/07\/IMG-20230730-WA0030-800x500.jpg",800,500,true],"covernews-featured":["https:\/\/contextoanalisisperiodistico.com\/wp-content\/uploads\/2023\/07\/IMG-20230730-WA0030-1024x599.jpg",1024,599,true],"covernews-medium":["https:\/\/contextoanalisisperiodistico.com\/wp-content\/uploads\/2023\/07\/IMG-20230730-WA0030-540x340.jpg",540,340,true],"covernews-medium-square":["https:\/\/contextoanalisisperiodistico.com\/wp-content\/uploads\/2023\/07\/IMG-20230730-WA0030-400x250.jpg",400,250,true]},"author_info":{"display_name":"Mario Gir\u00f3n","author_link":"https:\/\/contextoanalisisperiodistico.com\/index.php\/author\/director\/"},"category_info":"<a href=\"https:\/\/contextoanalisisperiodistico.com\/index.php\/category\/politica\/\" rel=\"category tag\">Pol\u00edtica<\/a>","tag_info":"Pol\u00edtica","comment_count":"0","jetpack_featured_media_url":"https:\/\/contextoanalisisperiodistico.com\/wp-content\/uploads\/2023\/07\/IMG-20230730-WA0030.jpg","_links":{"self":[{"href":"https:\/\/contextoanalisisperiodistico.com\/index.php\/wp-json\/wp\/v2\/posts\/16670"}],"collection":[{"href":"https:\/\/contextoanalisisperiodistico.com\/index.php\/wp-json\/wp\/v2\/posts"}],"about":[{"href":"https:\/\/contextoanalisisperiodistico.com\/index.php\/wp-json\/wp\/v2\/types\/post"}],"author":[{"embeddable":true,"href":"https:\/\/contextoanalisisperiodistico.com\/index.php\/wp-json\/wp\/v2\/users\/4"}],"replies":[{"embeddable":true,"href":"https:\/\/contextoanalisisperiodistico.com\/index.php\/wp-json\/wp\/v2\/comments?post=16670"}],"version-history":[{"count":1,"href":"https:\/\/contextoanalisisperiodistico.com\/index.php\/wp-json\/wp\/v2\/posts\/16670\/revisions"}],"predecessor-version":[{"id":16677,"href":"https:\/\/contextoanalisisperiodistico.com\/index.php\/wp-json\/wp\/v2\/posts\/16670\/revisions\/16677"}],"wp:featuredmedia":[{"embeddable":true,"href":"https:\/\/contextoanalisisperiodistico.com\/index.php\/wp-json\/wp\/v2\/media\/16671"}],"wp:attachment":[{"href":"https:\/\/contextoanalisisperiodistico.com\/index.php\/wp-json\/wp\/v2\/media?parent=16670"}],"wp:term":[{"taxonomy":"category","embeddable":true,"href":"https:\/\/contextoanalisisperiodistico.com\/index.php\/wp-json\/wp\/v2\/categories?post=16670"},{"taxonomy":"post_tag","embeddable":true,"href":"https:\/\/contextoanalisisperiodistico.com\/index.php\/wp-json\/wp\/v2\/tags?post=16670"}],"curies":[{"name":"wp","href":"https:\/\/api.w.org\/{rel}","templated":true}]}}