{"id":1665,"date":"2022-03-27T18:00:56","date_gmt":"2022-03-28T00:00:56","guid":{"rendered":"http:\/\/contextoanalisisperiodistico.com.mx\/2022\/03\/27\/transcurre-con-normalidad-jornada-electoral-de-elecciones-extraordinarias\/"},"modified":"2022-03-27T18:00:56","modified_gmt":"2022-03-28T00:00:56","slug":"transcurre-con-normalidad-jornada-electoral-de-elecciones-extraordinarias","status":"publish","type":"post","link":"https:\/\/contextoanalisisperiodistico.com\/index.php\/2022\/03\/27\/transcurre-con-normalidad-jornada-electoral-de-elecciones-extraordinarias\/","title":{"rendered":"Transcurre con normalidad jornada electoral de elecciones extraordinarias"},"content":{"rendered":"<div id=\"fb-root\"><\/div>\n\n<p>Se instala el total de las casillas previstas<\/p>\n\n\n\n<p>El Instituto Estatal Electoral y de Participaci\u00f3n Ciudadana de Oaxaca (IEEPCO) informa que se han instalado 167 casillas en los siete municipios de la entidad oaxaque\u00f1a con elecciones extraordinarias, es decir, el 100% de los centros de votaci\u00f3n previstos para esta jornada electoral.<\/p>\n\n\n\n<p>En este sentido, el proceso electivo transcurre con normalidad y con la participaci\u00f3n de la ciudadan\u00eda de los municipios de Santa Cruz Xoxocotl\u00e1n, San Pablo Villa de Mitla, Chahuites, Santa Mar\u00eda Xadani Santa Mar\u00eda Mixtequilla, Reforma de Pineda y Santiago Laollaga.<\/p>\n\n\n\n<p>En sesi\u00f3n p\u00fablica, la consejera electoral Nayma Enr\u00edquez Estrada celebr\u00f3 la participaci\u00f3n ciudadana en las urnas, as\u00ed como la coordinaci\u00f3n entre instancias electorales y del gobierno del Estado para garantizar el derecho que tiene la poblaci\u00f3n a elegir a sus representantes.<\/p>\n","protected":false},"excerpt":{"rendered":"<p>Se instala el total de las casillas previstas El Instituto Estatal Electoral y de Participaci\u00f3n&#8230;<\/p>\n","protected":false},"author":2,"featured_media":1664,"comment_status":"open","ping_status":"open","sticky":false,"template":"","format":"standard","meta":{"footnotes":""},"categories":[3,6,7,9],"tags":[],"jetpack_sharing_enabled":true,"featured_image_urls":{"full":"","thumbnail":"","medium":"","medium_large":"","large":"","1536x1536":"","2048x2048":"","covernews-slider-full":"","covernews-slider-center":"","covernews-featured":"","covernews-medium":"","covernews-medium-square":""},"author_info":{"display_name":"Miguel","author_link":"https:\/\/contextoanalisisperiodistico.com\/index.php\/author\/editor\/"},"category_info":"<a href=\"https:\/\/contextoanalisisperiodistico.com\/index.php\/category\/ciudad\/\" rel=\"category tag\">Ciudad<\/a> <a href=\"https:\/\/contextoanalisisperiodistico.com\/index.php\/category\/legislatura\/\" rel=\"category tag\">Legislatura<\/a> <a href=\"https:\/\/contextoanalisisperiodistico.com\/index.php\/category\/municipios\/\" rel=\"category tag\">Municipios<\/a> <a href=\"https:\/\/contextoanalisisperiodistico.com\/index.php\/category\/politica\/\" rel=\"category tag\">Pol\u00edtica<\/a>","tag_info":"Pol\u00edtica","comment_count":"0","jetpack_featured_media_url":"","_links":{"self":[{"href":"https:\/\/contextoanalisisperiodistico.com\/index.php\/wp-json\/wp\/v2\/posts\/1665"}],"collection":[{"href":"https:\/\/contextoanalisisperiodistico.com\/index.php\/wp-json\/wp\/v2\/posts"}],"about":[{"href":"https:\/\/contextoanalisisperiodistico.com\/index.php\/wp-json\/wp\/v2\/types\/post"}],"author":[{"embeddable":true,"href":"https:\/\/contextoanalisisperiodistico.com\/index.php\/wp-json\/wp\/v2\/users\/2"}],"replies":[{"embeddable":true,"href":"https:\/\/contextoanalisisperiodistico.com\/index.php\/wp-json\/wp\/v2\/comments?post=1665"}],"version-history":[{"count":0,"href":"https:\/\/contextoanalisisperiodistico.com\/index.php\/wp-json\/wp\/v2\/posts\/1665\/revisions"}],"wp:featuredmedia":[{"embeddable":true,"href":"https:\/\/contextoanalisisperiodistico.com\/index.php\/wp-json\/"}],"wp:attachment":[{"href":"https:\/\/contextoanalisisperiodistico.com\/index.php\/wp-json\/wp\/v2\/media?parent=1665"}],"wp:term":[{"taxonomy":"category","embeddable":true,"href":"https:\/\/contextoanalisisperiodistico.com\/index.php\/wp-json\/wp\/v2\/categories?post=1665"},{"taxonomy":"post_tag","embeddable":true,"href":"https:\/\/contextoanalisisperiodistico.com\/index.php\/wp-json\/wp\/v2\/tags?post=1665"}],"curies":[{"name":"wp","href":"https:\/\/api.w.org\/{rel}","templated":true}]}}