{"id":1663,"date":"2022-03-27T16:15:23","date_gmt":"2022-03-27T22:15:23","guid":{"rendered":"http:\/\/contextoanalisisperiodistico.com.mx\/2022\/03\/27\/trabajando-por-la-seguridadpublica-en-oaxaca-de-juarez\/"},"modified":"2022-03-27T16:15:23","modified_gmt":"2022-03-27T22:15:23","slug":"trabajando-por-la-seguridadpublica-en-oaxaca-de-juarez","status":"publish","type":"post","link":"https:\/\/contextoanalisisperiodistico.com\/index.php\/2022\/03\/27\/trabajando-por-la-seguridadpublica-en-oaxaca-de-juarez\/","title":{"rendered":"Trabajando por la seguridadp\u00fablica en Oaxaca de Ju\u00e1rez"},"content":{"rendered":"<div id=\"fb-root\"><\/div>\n\n<p>Como parte de la estrategia integral en materia de seguridad ordenada por el presidente municipal Francisco Mart\u00ednez Neri, la Secretar\u00eda de Seguridad Ciudadana, Movilidad y Protecci\u00f3n Civil aplica el operativo \u201cCentaurus\u201d en la capital del estado.<\/p>\n\n\n\n<p>El titular de la Secretar\u00eda, maestro Ra\u00fal \u00c1vila Ibarra, dio a conocer que en el despliegue t\u00e1ctico participan elementos de las direcciones de Proximidad Social y Movilidad para actuar de manera coordinada en acciones de prevenci\u00f3n y disuasi\u00f3n.<\/p>\n\n\n\n<p>Detall\u00f3 que el operativo \u201cCentaurus\u201d inici\u00f3 a las 20:00 horas del pasado martes y cumpliendo con las instrucciones del presidente municipal, se aplicar\u00e1 durante toda la noche con patrullajes en el primero y segundo cuadro de la ciudad, as\u00ed como en estos d\u00edas se ha extendido a la colonia Reforma, barrio de Jalatlaco y agencia de Cinco Se\u00f1ores.<\/p>\n\n\n\n<p>Adem\u00e1s, en un horario de 4:00 a 7:00 am, se ha reforzado&nbsp; la seguridad en la zona del mercado de abasto, esto luego del an\u00e1lisis de la incidencia delictiva, donde los comerciantes realizan sus actividades durante la noche y madrugada.<\/p>\n\n\n\n<p>Al iniciar el operativo, la noche del martes, se efectuaron recorridos de seguridad y vigilancia en el primer cuadro de la ciudad, as\u00ed como patrullajes en la zona comercial de la colonia Reforma.<\/p>\n\n\n\n<p>El mi\u00e9rcoles y jueves llevaron a cabo patrullajes en el centro de la ciudad, as\u00ed como atendieron la doble fila en establecimientos con giro de control especial, as\u00ed como inspecci\u00f3n precautoria a veh\u00edculos y personas a fin de detectar objetos prohibidos.<\/p>\n\n\n\n<p>El viernes en la noche y madrugada de s\u00e1bado, acudieron a la avenida Universidad, luego del reporte emitido por la cabina de C-4 ante la presencia de veh\u00edculos que participaban en arrancones.<\/p>\n\n\n\n<p>Al intervenir, el operativo \u201cCentaurus\u201d procedi\u00f3 al aseguramiento de un veh\u00edculo y conductor, quienes fueron remitidos ante el Juez Municipal.<\/p>\n\n\n\n<p>Finalmente&nbsp; la madrugada de este domingo, aplicaron el programa Limpiemos Oaxaca en las inmediaciones de la colonia Cosijoeza, de la zona del mercado de abasto al retirar al menos 300 objetos instalados en la v\u00eda p\u00fablica para el apartado de cajones de estacionamiento.<br \/>Adem\u00e1s, se aseguraron dos veh\u00edculos estacionados en doble fila y otro m\u00e1s por circular en sentido contrario ya&nbsp; que el conductor se hallaba en aparente estado de ebriedad, as\u00ed como apoyaron a Inspectores en la clausura de un bar ubicado en la avenida Belisario Dom\u00ednguez de la colonia Reforma.<\/p>\n\n\n\n<p>El maestro Ra\u00fal \u00c1vila Ibarra dijo que la finalidad del operativo es garantizar el orden y la paz p\u00fablica a trav\u00e9s del despliegue t\u00e1ctico operativo de la Polic\u00eda Municipal en la jurisdicci\u00f3n de Oaxaca de Ju\u00e1rez, como lo ha instruido el presidente municipal, con lo cual se cumple la encomienda de proteger y servir a la comunidad.<br \/><\/p>\n\n\n\n<figure class=\"wp-block-image size-large\"><img decoding=\"async\" src=\"https:\/\/contextoinformacionyanalisisperiodistico.files.wordpress.com\/2022\/03\/img-20220327-wa0028.jpg\" alt=\"\" class=\"wp-image-1661\"><\/figure>\n\n\n\n<figure class=\"wp-block-image\"><img decoding=\"async\" src=\"https:\/\/contextoinformacionyanalisisperiodistico.files.wordpress.com\/2022\/03\/img-20220327-wa0030.jpg\" alt=\"\" class=\"wp-image-1662\"><\/figure>\n","protected":false},"excerpt":{"rendered":"<p>Como parte de la estrategia integral en materia de seguridad ordenada por el presidente municipal&#8230;<\/p>\n","protected":false},"author":2,"featured_media":1660,"comment_status":"open","ping_status":"open","sticky":false,"template":"","format":"standard","meta":{"footnotes":""},"categories":[3,7,9],"tags":[],"jetpack_sharing_enabled":true,"featured_image_urls":{"full":"","thumbnail":"","medium":"","medium_large":"","large":"","1536x1536":"","2048x2048":"","covernews-slider-full":"","covernews-slider-center":"","covernews-featured":"","covernews-medium":"","covernews-medium-square":""},"author_info":{"display_name":"Miguel","author_link":"https:\/\/contextoanalisisperiodistico.com\/index.php\/author\/editor\/"},"category_info":"<a href=\"https:\/\/contextoanalisisperiodistico.com\/index.php\/category\/ciudad\/\" rel=\"category tag\">Ciudad<\/a> <a href=\"https:\/\/contextoanalisisperiodistico.com\/index.php\/category\/municipios\/\" rel=\"category tag\">Municipios<\/a> <a href=\"https:\/\/contextoanalisisperiodistico.com\/index.php\/category\/politica\/\" rel=\"category tag\">Pol\u00edtica<\/a>","tag_info":"Pol\u00edtica","comment_count":"0","jetpack_featured_media_url":"","_links":{"self":[{"href":"https:\/\/contextoanalisisperiodistico.com\/index.php\/wp-json\/wp\/v2\/posts\/1663"}],"collection":[{"href":"https:\/\/contextoanalisisperiodistico.com\/index.php\/wp-json\/wp\/v2\/posts"}],"about":[{"href":"https:\/\/contextoanalisisperiodistico.com\/index.php\/wp-json\/wp\/v2\/types\/post"}],"author":[{"embeddable":true,"href":"https:\/\/contextoanalisisperiodistico.com\/index.php\/wp-json\/wp\/v2\/users\/2"}],"replies":[{"embeddable":true,"href":"https:\/\/contextoanalisisperiodistico.com\/index.php\/wp-json\/wp\/v2\/comments?post=1663"}],"version-history":[{"count":0,"href":"https:\/\/contextoanalisisperiodistico.com\/index.php\/wp-json\/wp\/v2\/posts\/1663\/revisions"}],"wp:featuredmedia":[{"embeddable":true,"href":"https:\/\/contextoanalisisperiodistico.com\/index.php\/wp-json\/"}],"wp:attachment":[{"href":"https:\/\/contextoanalisisperiodistico.com\/index.php\/wp-json\/wp\/v2\/media?parent=1663"}],"wp:term":[{"taxonomy":"category","embeddable":true,"href":"https:\/\/contextoanalisisperiodistico.com\/index.php\/wp-json\/wp\/v2\/categories?post=1663"},{"taxonomy":"post_tag","embeddable":true,"href":"https:\/\/contextoanalisisperiodistico.com\/index.php\/wp-json\/wp\/v2\/tags?post=1663"}],"curies":[{"name":"wp","href":"https:\/\/api.w.org\/{rel}","templated":true}]}}