{"id":16608,"date":"2023-07-28T13:08:30","date_gmt":"2023-07-28T19:08:30","guid":{"rendered":"https:\/\/contextoanalisisperiodistico.com\/?p=16608"},"modified":"2023-07-28T13:08:44","modified_gmt":"2023-07-28T19:08:44","slug":"mujeres-emprendedoras-y-artesanas-expenden-sus-productos-en-jornada-naranja","status":"publish","type":"post","link":"https:\/\/contextoanalisisperiodistico.com\/index.php\/2023\/07\/28\/mujeres-emprendedoras-y-artesanas-expenden-sus-productos-en-jornada-naranja\/","title":{"rendered":"Mujeres emprendedoras y artesanas expenden sus productos en Jornada Naranja"},"content":{"rendered":"<div id=\"fb-root\"><\/div>\n\n<p>\u2022 La finalidad es fortalecer la econom\u00eda de mujeres oaxaque\u00f1as que vivieron o se encuentran en situaci\u00f3n de violencia<\/p>\n\n\n\n<p>Santa Luc\u00eda del Camino, Oax. 28 de julio de 2023.- En el marco del D\u00eda Naranja, que se conmemora los d\u00edas 25 de cada mes, la Secretar\u00eda de las Mujeres (SM) en coordinaci\u00f3n con el municipio de Santa Luc\u00eda del Camino inauguraron la Jornada Naranja: Municipios Unidos para Erradicar la Violencia de G\u00e9nero.<\/p>\n\n\n\n<p>En este sentido, la titular de la SM Elisa Zepeda Lagunas se\u00f1al\u00f3 que el objetivo de esta jornada es fortalecer la econom\u00eda de mujeres emprendedoras y artesanas que vivieron violencia o se encuentran en situaci\u00f3n de violencia, para que puedan salir de este c\u00edrculo al generar sus propios recursos con la venta de sus productos.<\/p>\n\n\n\n<p>A trav\u00e9s de la iniciativa Municipios Unidos para Erradicar la Violencia de G\u00e9nero, la Secretar\u00eda de las Mujeres abre espacios p\u00fablicos de manera coordinada con los ayuntamientos para que m\u00e1s mujeres expendan sus productos y de esta manera, contribuir en las acciones para el fortalecimiento y empoderamiento econ\u00f3mico de las oaxaque\u00f1as.<\/p>\n\n\n\n<p>La funcionaria dio a conocer que la Jornada Naranja estar\u00e1 este jueves 28 de julio hasta las 16:00 horas en la calle Siracusa esquina Avenida L\u00e1zaro C\u00e1rdenas en Santa Luc\u00eda del Camino, donde la poblaci\u00f3n podr\u00e1 adquirir productos artesanales como textiles, bisuter\u00eda, ropa t\u00edpica, bolsas, miel, caf\u00e9, mezcal, salsas, art\u00edculos de palma, entre otros, de manera directa con las artesanas.<\/p>\n\n\n\n<figure class=\"wp-block-image size-large\"><img fetchpriority=\"high\" decoding=\"async\" width=\"1024\" height=\"684\" src=\"https:\/\/contextoanalisisperiodistico.com\/wp-content\/uploads\/2023\/07\/img-20230728-wa00532355203034706713707-1024x684.jpg\" alt=\"\" class=\"wp-image-16610\" srcset=\"https:\/\/contextoanalisisperiodistico.com\/wp-content\/uploads\/2023\/07\/img-20230728-wa00532355203034706713707-1024x684.jpg 1024w, https:\/\/contextoanalisisperiodistico.com\/wp-content\/uploads\/2023\/07\/img-20230728-wa00532355203034706713707-300x200.jpg 300w, https:\/\/contextoanalisisperiodistico.com\/wp-content\/uploads\/2023\/07\/img-20230728-wa00532355203034706713707-768x513.jpg 768w, https:\/\/contextoanalisisperiodistico.com\/wp-content\/uploads\/2023\/07\/img-20230728-wa00532355203034706713707-1536x1026.jpg 1536w, https:\/\/contextoanalisisperiodistico.com\/wp-content\/uploads\/2023\/07\/img-20230728-wa00532355203034706713707.jpg 1600w\" sizes=\"(max-width: 1024px) 100vw, 1024px\" \/><\/figure>\n\n\n\n<figure class=\"wp-block-image\"><img decoding=\"async\" width=\"1024\" height=\"682\" src=\"https:\/\/contextoanalisisperiodistico.com\/wp-content\/uploads\/2023\/07\/img-20230728-wa005252051276680503636-1024x682.jpg\" alt=\"\" class=\"wp-image-16612\" srcset=\"https:\/\/contextoanalisisperiodistico.com\/wp-content\/uploads\/2023\/07\/img-20230728-wa005252051276680503636-1024x682.jpg 1024w, https:\/\/contextoanalisisperiodistico.com\/wp-content\/uploads\/2023\/07\/img-20230728-wa005252051276680503636-300x200.jpg 300w, https:\/\/contextoanalisisperiodistico.com\/wp-content\/uploads\/2023\/07\/img-20230728-wa005252051276680503636-768x512.jpg 768w, https:\/\/contextoanalisisperiodistico.com\/wp-content\/uploads\/2023\/07\/img-20230728-wa005252051276680503636-1536x1023.jpg 1536w, https:\/\/contextoanalisisperiodistico.com\/wp-content\/uploads\/2023\/07\/img-20230728-wa005252051276680503636.jpg 1600w\" sizes=\"(max-width: 1024px) 100vw, 1024px\" \/><\/figure>\n\n\n\n<figure class=\"wp-block-image\"><img decoding=\"async\" width=\"1024\" height=\"682\" src=\"https:\/\/contextoanalisisperiodistico.com\/wp-content\/uploads\/2023\/07\/img-20230728-wa00546790868444668708807-1024x682.jpg\" alt=\"\" class=\"wp-image-16611\" srcset=\"https:\/\/contextoanalisisperiodistico.com\/wp-content\/uploads\/2023\/07\/img-20230728-wa00546790868444668708807-1024x682.jpg 1024w, https:\/\/contextoanalisisperiodistico.com\/wp-content\/uploads\/2023\/07\/img-20230728-wa00546790868444668708807-300x200.jpg 300w, https:\/\/contextoanalisisperiodistico.com\/wp-content\/uploads\/2023\/07\/img-20230728-wa00546790868444668708807-768x512.jpg 768w, https:\/\/contextoanalisisperiodistico.com\/wp-content\/uploads\/2023\/07\/img-20230728-wa00546790868444668708807-1536x1023.jpg 1536w, https:\/\/contextoanalisisperiodistico.com\/wp-content\/uploads\/2023\/07\/img-20230728-wa00546790868444668708807.jpg 1600w\" sizes=\"(max-width: 1024px) 100vw, 1024px\" \/><\/figure>\n","protected":false},"excerpt":{"rendered":"<p>\u2022 La finalidad es fortalecer la econom\u00eda de mujeres oaxaque\u00f1as que vivieron o se encuentran&#8230;<\/p>\n","protected":false},"author":4,"featured_media":16609,"comment_status":"closed","ping_status":"open","sticky":false,"template":"","format":"standard","meta":{"footnotes":""},"categories":[9],"tags":[],"jetpack_sharing_enabled":true,"featured_image_urls":{"full":["https:\/\/contextoanalisisperiodistico.com\/wp-content\/uploads\/2023\/07\/IMG-20230728-WA0051.jpg",1600,1066,false],"thumbnail":["https:\/\/contextoanalisisperiodistico.com\/wp-content\/uploads\/2023\/07\/IMG-20230728-WA0051-150x150.jpg",150,150,true],"medium":["https:\/\/contextoanalisisperiodistico.com\/wp-content\/uploads\/2023\/07\/IMG-20230728-WA0051-300x200.jpg",300,200,true],"medium_large":["https:\/\/contextoanalisisperiodistico.com\/wp-content\/uploads\/2023\/07\/IMG-20230728-WA0051-768x512.jpg",640,427,true],"large":["https:\/\/contextoanalisisperiodistico.com\/wp-content\/uploads\/2023\/07\/IMG-20230728-WA0051-1024x682.jpg",640,426,true],"1536x1536":["https:\/\/contextoanalisisperiodistico.com\/wp-content\/uploads\/2023\/07\/IMG-20230728-WA0051-1536x1023.jpg",1536,1023,true],"2048x2048":["https:\/\/contextoanalisisperiodistico.com\/wp-content\/uploads\/2023\/07\/IMG-20230728-WA0051.jpg",1600,1066,false],"covernews-slider-full":["https:\/\/contextoanalisisperiodistico.com\/wp-content\/uploads\/2023\/07\/IMG-20230728-WA0051-1115x715.jpg",1115,715,true],"covernews-slider-center":["https:\/\/contextoanalisisperiodistico.com\/wp-content\/uploads\/2023\/07\/IMG-20230728-WA0051-800x500.jpg",800,500,true],"covernews-featured":["https:\/\/contextoanalisisperiodistico.com\/wp-content\/uploads\/2023\/07\/IMG-20230728-WA0051-1024x682.jpg",1024,682,true],"covernews-medium":["https:\/\/contextoanalisisperiodistico.com\/wp-content\/uploads\/2023\/07\/IMG-20230728-WA0051-540x340.jpg",540,340,true],"covernews-medium-square":["https:\/\/contextoanalisisperiodistico.com\/wp-content\/uploads\/2023\/07\/IMG-20230728-WA0051-400x250.jpg",400,250,true]},"author_info":{"display_name":"Mario Gir\u00f3n","author_link":"https:\/\/contextoanalisisperiodistico.com\/index.php\/author\/director\/"},"category_info":"<a href=\"https:\/\/contextoanalisisperiodistico.com\/index.php\/category\/politica\/\" rel=\"category tag\">Pol\u00edtica<\/a>","tag_info":"Pol\u00edtica","comment_count":"0","jetpack_featured_media_url":"https:\/\/contextoanalisisperiodistico.com\/wp-content\/uploads\/2023\/07\/IMG-20230728-WA0051.jpg","_links":{"self":[{"href":"https:\/\/contextoanalisisperiodistico.com\/index.php\/wp-json\/wp\/v2\/posts\/16608"}],"collection":[{"href":"https:\/\/contextoanalisisperiodistico.com\/index.php\/wp-json\/wp\/v2\/posts"}],"about":[{"href":"https:\/\/contextoanalisisperiodistico.com\/index.php\/wp-json\/wp\/v2\/types\/post"}],"author":[{"embeddable":true,"href":"https:\/\/contextoanalisisperiodistico.com\/index.php\/wp-json\/wp\/v2\/users\/4"}],"replies":[{"embeddable":true,"href":"https:\/\/contextoanalisisperiodistico.com\/index.php\/wp-json\/wp\/v2\/comments?post=16608"}],"version-history":[{"count":1,"href":"https:\/\/contextoanalisisperiodistico.com\/index.php\/wp-json\/wp\/v2\/posts\/16608\/revisions"}],"predecessor-version":[{"id":16613,"href":"https:\/\/contextoanalisisperiodistico.com\/index.php\/wp-json\/wp\/v2\/posts\/16608\/revisions\/16613"}],"wp:featuredmedia":[{"embeddable":true,"href":"https:\/\/contextoanalisisperiodistico.com\/index.php\/wp-json\/wp\/v2\/media\/16609"}],"wp:attachment":[{"href":"https:\/\/contextoanalisisperiodistico.com\/index.php\/wp-json\/wp\/v2\/media?parent=16608"}],"wp:term":[{"taxonomy":"category","embeddable":true,"href":"https:\/\/contextoanalisisperiodistico.com\/index.php\/wp-json\/wp\/v2\/categories?post=16608"},{"taxonomy":"post_tag","embeddable":true,"href":"https:\/\/contextoanalisisperiodistico.com\/index.php\/wp-json\/wp\/v2\/tags?post=16608"}],"curies":[{"name":"wp","href":"https:\/\/api.w.org\/{rel}","templated":true}]}}