{"id":16527,"date":"2023-07-26T20:57:55","date_gmt":"2023-07-27T02:57:55","guid":{"rendered":"https:\/\/contextoanalisisperiodistico.com\/?p=16527"},"modified":"2023-07-26T20:58:12","modified_gmt":"2023-07-27T02:58:12","slug":"acercaran-caravanas-bienestar-atencion-y-servicios-a-comunidades-de-sierra-sur-y-valles-centrales","status":"publish","type":"post","link":"https:\/\/contextoanalisisperiodistico.com\/index.php\/2023\/07\/26\/acercaran-caravanas-bienestar-atencion-y-servicios-a-comunidades-de-sierra-sur-y-valles-centrales\/","title":{"rendered":"<em>Acercar\u00e1n Caravanas Bienestar atenci\u00f3n y  servicios a comunidades de  Sierra Sur y Valles Centrales<\/em>"},"content":{"rendered":"<div id=\"fb-root\"><\/div>\n\n<p>A partir de este jueves 27 de julio al pr\u00f3ximo 7 de agosto estar\u00e1n recorriendo las Caravanas Bienestar las comunidades de la Sierra Sur y Valles Centrales con el prop\u00f3sito de acercar la atenci\u00f3n y los servicios totalmente gratuitos a la poblaci\u00f3n en general dio a conocer la titular de la Secretar\u00eda de Bienestar, Tequio e Inclusi\u00f3n, Laura Estrada Mauro.<\/p>\n\n\n\n<p>La secretaria Laura Estrada Mauro puntualiz\u00f3 que por instrucci\u00f3n del gobernador, Salom\u00f3n Jara Cruz, contin\u00faan en territorio las Caravanas Bienestar a fin de reparar la deuda hist\u00f3rica con las comunidades y resarcir los rezagos as\u00ed como la marginaci\u00f3n de los pueblos de las ocho regiones de Oaxaca.<\/p>\n\n\n\n<p>Precis\u00f3 que los resultados obtenidos durante las atenciones por parte del personal y las dependencias que conforman las Caravanas Bienestar son palpables y que se reflejan en la inclusi\u00f3n, el bienestar y mejoramiento de la calidad de vida de las y los oaxaque\u00f1os.<\/p>\n\n\n\n<p>Inform\u00f3 que las Caravanas Bienestar estar\u00e1n de gira por 12 d\u00edas y que las comunidades que visitar\u00e1n a partir de ma\u00f1ana jueves 27 de julio son:<\/p>\n\n\n\n<p>Santo Domingo Ozolotepec, Santa Mar\u00eda Ozolotepec, San Luis Amatl\u00e1n, San Ildefonso Amatl\u00e1n, San Crist\u00f3bal Amatl\u00e1n, San Francisco Logueche, Santa Catarina Quier\u00ed, San Pedro M\u00e1rtir Quiechapa, San Jos\u00e9 Lachiguir\u00ed, Santa Mar\u00eda Zoquitl\u00e1n, Santo Pedro Totol\u00e1pam y San Dionisio Ocotepec.<\/p>\n\n\n\n<p>En este sentido, la secretaria Laura Estrada exhort\u00f3 a las autoridades municipales a invitar a la ciudadan\u00eda a acudir a los servicios que brindan las Caravanas Bienestar que son gratuitos y constan de atenci\u00f3n m\u00e9dica, dental, nutricional, psicol\u00f3gica, pruebas de glucosa as\u00ed como la expedici\u00f3n de actas de nacimiento, asesor\u00edas, capacitaciones, actividades l\u00fadicas y deportivas, entre otras.<\/p>\n\n\n\n<figure class=\"wp-block-image size-large\"><img fetchpriority=\"high\" decoding=\"async\" width=\"762\" height=\"1024\" src=\"https:\/\/contextoanalisisperiodistico.com\/wp-content\/uploads\/2023\/07\/img-20230726-wa0033861380178903335959-762x1024.jpg\" alt=\"\" class=\"wp-image-16529\" srcset=\"https:\/\/contextoanalisisperiodistico.com\/wp-content\/uploads\/2023\/07\/img-20230726-wa0033861380178903335959-762x1024.jpg 762w, https:\/\/contextoanalisisperiodistico.com\/wp-content\/uploads\/2023\/07\/img-20230726-wa0033861380178903335959-223x300.jpg 223w, https:\/\/contextoanalisisperiodistico.com\/wp-content\/uploads\/2023\/07\/img-20230726-wa0033861380178903335959-768x1033.jpg 768w, https:\/\/contextoanalisisperiodistico.com\/wp-content\/uploads\/2023\/07\/img-20230726-wa0033861380178903335959-1142x1536.jpg 1142w, https:\/\/contextoanalisisperiodistico.com\/wp-content\/uploads\/2023\/07\/img-20230726-wa0033861380178903335959-1024x1377.jpg 1024w, https:\/\/contextoanalisisperiodistico.com\/wp-content\/uploads\/2023\/07\/img-20230726-wa0033861380178903335959.jpg 1190w\" sizes=\"(max-width: 762px) 100vw, 762px\" \/><\/figure>\n","protected":false},"excerpt":{"rendered":"<p>A partir de este jueves 27 de julio al pr\u00f3ximo 7 de agosto estar\u00e1n recorriendo&#8230;<\/p>\n","protected":false},"author":4,"featured_media":16528,"comment_status":"closed","ping_status":"open","sticky":false,"template":"","format":"standard","meta":{"footnotes":""},"categories":[9],"tags":[],"jetpack_sharing_enabled":true,"featured_image_urls":{"full":["https:\/\/contextoanalisisperiodistico.com\/wp-content\/uploads\/2023\/07\/IMG-20230726-WA0034.jpg",1600,1066,false],"thumbnail":["https:\/\/contextoanalisisperiodistico.com\/wp-content\/uploads\/2023\/07\/IMG-20230726-WA0034-150x150.jpg",150,150,true],"medium":["https:\/\/contextoanalisisperiodistico.com\/wp-content\/uploads\/2023\/07\/IMG-20230726-WA0034-300x200.jpg",300,200,true],"medium_large":["https:\/\/contextoanalisisperiodistico.com\/wp-content\/uploads\/2023\/07\/IMG-20230726-WA0034-768x512.jpg",640,427,true],"large":["https:\/\/contextoanalisisperiodistico.com\/wp-content\/uploads\/2023\/07\/IMG-20230726-WA0034-1024x682.jpg",640,426,true],"1536x1536":["https:\/\/contextoanalisisperiodistico.com\/wp-content\/uploads\/2023\/07\/IMG-20230726-WA0034-1536x1023.jpg",1536,1023,true],"2048x2048":["https:\/\/contextoanalisisperiodistico.com\/wp-content\/uploads\/2023\/07\/IMG-20230726-WA0034.jpg",1600,1066,false],"covernews-slider-full":["https:\/\/contextoanalisisperiodistico.com\/wp-content\/uploads\/2023\/07\/IMG-20230726-WA0034-1115x715.jpg",1115,715,true],"covernews-slider-center":["https:\/\/contextoanalisisperiodistico.com\/wp-content\/uploads\/2023\/07\/IMG-20230726-WA0034-800x500.jpg",800,500,true],"covernews-featured":["https:\/\/contextoanalisisperiodistico.com\/wp-content\/uploads\/2023\/07\/IMG-20230726-WA0034-1024x682.jpg",1024,682,true],"covernews-medium":["https:\/\/contextoanalisisperiodistico.com\/wp-content\/uploads\/2023\/07\/IMG-20230726-WA0034-540x340.jpg",540,340,true],"covernews-medium-square":["https:\/\/contextoanalisisperiodistico.com\/wp-content\/uploads\/2023\/07\/IMG-20230726-WA0034-400x250.jpg",400,250,true]},"author_info":{"display_name":"Mario Gir\u00f3n","author_link":"https:\/\/contextoanalisisperiodistico.com\/index.php\/author\/director\/"},"category_info":"<a href=\"https:\/\/contextoanalisisperiodistico.com\/index.php\/category\/politica\/\" rel=\"category tag\">Pol\u00edtica<\/a>","tag_info":"Pol\u00edtica","comment_count":"0","jetpack_featured_media_url":"https:\/\/contextoanalisisperiodistico.com\/wp-content\/uploads\/2023\/07\/IMG-20230726-WA0034.jpg","_links":{"self":[{"href":"https:\/\/contextoanalisisperiodistico.com\/index.php\/wp-json\/wp\/v2\/posts\/16527"}],"collection":[{"href":"https:\/\/contextoanalisisperiodistico.com\/index.php\/wp-json\/wp\/v2\/posts"}],"about":[{"href":"https:\/\/contextoanalisisperiodistico.com\/index.php\/wp-json\/wp\/v2\/types\/post"}],"author":[{"embeddable":true,"href":"https:\/\/contextoanalisisperiodistico.com\/index.php\/wp-json\/wp\/v2\/users\/4"}],"replies":[{"embeddable":true,"href":"https:\/\/contextoanalisisperiodistico.com\/index.php\/wp-json\/wp\/v2\/comments?post=16527"}],"version-history":[{"count":1,"href":"https:\/\/contextoanalisisperiodistico.com\/index.php\/wp-json\/wp\/v2\/posts\/16527\/revisions"}],"predecessor-version":[{"id":16530,"href":"https:\/\/contextoanalisisperiodistico.com\/index.php\/wp-json\/wp\/v2\/posts\/16527\/revisions\/16530"}],"wp:featuredmedia":[{"embeddable":true,"href":"https:\/\/contextoanalisisperiodistico.com\/index.php\/wp-json\/wp\/v2\/media\/16528"}],"wp:attachment":[{"href":"https:\/\/contextoanalisisperiodistico.com\/index.php\/wp-json\/wp\/v2\/media?parent=16527"}],"wp:term":[{"taxonomy":"category","embeddable":true,"href":"https:\/\/contextoanalisisperiodistico.com\/index.php\/wp-json\/wp\/v2\/categories?post=16527"},{"taxonomy":"post_tag","embeddable":true,"href":"https:\/\/contextoanalisisperiodistico.com\/index.php\/wp-json\/wp\/v2\/tags?post=16527"}],"curies":[{"name":"wp","href":"https:\/\/api.w.org\/{rel}","templated":true}]}}