{"id":1652,"date":"2022-03-27T11:33:42","date_gmt":"2022-03-27T17:33:42","guid":{"rendered":"http:\/\/contextoanalisisperiodistico.com.mx\/2022\/03\/27\/inicia-jornada-electoral-extraordinaria-en-oaxaca\/"},"modified":"2022-03-27T11:33:42","modified_gmt":"2022-03-27T17:33:42","slug":"inicia-jornada-electoral-extraordinaria-en-oaxaca","status":"publish","type":"post","link":"https:\/\/contextoanalisisperiodistico.com\/index.php\/2022\/03\/27\/inicia-jornada-electoral-extraordinaria-en-oaxaca\/","title":{"rendered":"Inicia jornada electoral extraordinaria en Oaxaca"},"content":{"rendered":"<div id=\"fb-root\"><\/div>\n\n<p>(*) Llaman a la ciudadan\u00eda a participar de manera ordenada y pac\u00edfica<\/p>\n\n\n\n<p>El Instituto Estatal Electoral y de Participaci\u00f3n Ciudadana de Oaxaca (IEEPCO) dio inicio a la jornada electoral extraordinaria en los municipios de Santa Cruz Xoxocotl\u00e1n, San Pablo Villa de Mitla, Santa Mar\u00eda Xadani, Chahuites, Reforma de Pineda, Santiago Laollaga y Santa Mar\u00eda Mixtequilla.&nbsp;<\/p>\n\n\n\n<p>En sesi\u00f3n permanente, el Consejo General se pronunci\u00f3 a favor de una jornada ordenada y pac\u00edfica, en la que no tenga cabida la violencia y, por el contrario, se pondere la participaci\u00f3n ciudadana.&nbsp;<\/p>\n\n\n\n<p>Por lo anterior hicieron un llamado a las autoridades del Gobierno del Estado, particularmente a las corporaciones de Seguridad P\u00fablica, para que garanticen el derecho de las oaxaque\u00f1as y oaxaque\u00f1os de votar y elegir a sus representantes populares.&nbsp;<\/p>\n\n\n\n<p>Durante la sesi\u00f3n, el consejero electoral Alejandro Carrasco Sampedro, asegur\u00f3 que se trata de un d\u00eda importante para la democracia en la entidad oaxaque\u00f1a, adem\u00e1s que destac\u00f3 la labor del Instituto que ha cumpli\u00f3 en tiempo y forma con las acciones que en materia electoral marca la ley&nbsp;<\/p>\n\n\n\n<p>Mientras que la consejera electoral Jessica Jazibe Hern\u00e1ndez Garc\u00eda coincidi\u00f3 en que la maquinaria electoral est\u00e1 en marcha, a la par que destac\u00f3 el trabajo coordinado del IEEPCO e INE durante los \u00faltimos 70 d\u00edas en los que se ha dado cumplimiento con todo lo establecido en el calendario electoral.&nbsp;&nbsp;&nbsp;<\/p>\n\n\n\n<p>La consejera electoral Nayma Enr\u00edquez Estrada agradeci\u00f3 al funcionariado por los trabajos realizados para garantizar el voto de la ciudadan\u00eda, a la par que hizo un llamado a las autoridades correspondientes para que garanticen la seguridad en la jornada electoral.&nbsp;<\/p>\n\n\n\n<p>Al llamado de paz y respeto a la democracia se unieron las representaciones de los partidos de la Revoluci\u00f3n Democr\u00e1tica, Revolucionario Institucional, del Trabajo, Morena y Unidad Popular.<\/p>\n\n\n\n<figure class=\"wp-block-image size-large\"><img decoding=\"async\" src=\"https:\/\/contextoinformacionyanalisisperiodistico.files.wordpress.com\/2022\/03\/img-20220327-wa0018.jpg\" alt=\"\" class=\"wp-image-1650\"><\/figure>\n\n\n\n<figure class=\"wp-block-image\"><img decoding=\"async\" src=\"https:\/\/contextoinformacionyanalisisperiodistico.files.wordpress.com\/2022\/03\/img-20220327-wa0019.jpg\" alt=\"\" class=\"wp-image-1651\"><\/figure>\n\n\n\n<p>Por su parte, la consejera presidenta del IEEPCO, Elizabeth S\u00e1nchez Gonz\u00e1lez inform\u00f3 que se cuenta con el apoyo de las instancias de seguridad correspondientes para garantizar la jornada electoral de este domingo.&nbsp;<\/p>\n\n\n\n<p>Finalmente, y con corte a las 9:00 horas, la Secretar\u00eda Ejecutiva report\u00f3 la instalaci\u00f3n de 66 casillas instaladas de las 167 contempladas, lo que equivale al 39.52 por ciento del total. El resto mantiene los trabajos de instalaci\u00f3n.<\/p>\n","protected":false},"excerpt":{"rendered":"<p>(*) Llaman a la ciudadan\u00eda a participar de manera ordenada y pac\u00edfica El Instituto Estatal&#8230;<\/p>\n","protected":false},"author":2,"featured_media":1649,"comment_status":"open","ping_status":"open","sticky":false,"template":"","format":"standard","meta":{"footnotes":""},"categories":[3,6,7,9,10],"tags":[],"jetpack_sharing_enabled":true,"featured_image_urls":{"full":"","thumbnail":"","medium":"","medium_large":"","large":"","1536x1536":"","2048x2048":"","covernews-slider-full":"","covernews-slider-center":"","covernews-featured":"","covernews-medium":"","covernews-medium-square":""},"author_info":{"display_name":"Miguel","author_link":"https:\/\/contextoanalisisperiodistico.com\/index.php\/author\/editor\/"},"category_info":"<a href=\"https:\/\/contextoanalisisperiodistico.com\/index.php\/category\/ciudad\/\" rel=\"category tag\">Ciudad<\/a> <a href=\"https:\/\/contextoanalisisperiodistico.com\/index.php\/category\/legislatura\/\" rel=\"category tag\">Legislatura<\/a> <a href=\"https:\/\/contextoanalisisperiodistico.com\/index.php\/category\/municipios\/\" rel=\"category tag\">Municipios<\/a> <a href=\"https:\/\/contextoanalisisperiodistico.com\/index.php\/category\/politica\/\" rel=\"category tag\">Pol\u00edtica<\/a> <a href=\"https:\/\/contextoanalisisperiodistico.com\/index.php\/category\/seguridad\/\" rel=\"category tag\">Seguridad<\/a>","tag_info":"Seguridad","comment_count":"0","jetpack_featured_media_url":"","_links":{"self":[{"href":"https:\/\/contextoanalisisperiodistico.com\/index.php\/wp-json\/wp\/v2\/posts\/1652"}],"collection":[{"href":"https:\/\/contextoanalisisperiodistico.com\/index.php\/wp-json\/wp\/v2\/posts"}],"about":[{"href":"https:\/\/contextoanalisisperiodistico.com\/index.php\/wp-json\/wp\/v2\/types\/post"}],"author":[{"embeddable":true,"href":"https:\/\/contextoanalisisperiodistico.com\/index.php\/wp-json\/wp\/v2\/users\/2"}],"replies":[{"embeddable":true,"href":"https:\/\/contextoanalisisperiodistico.com\/index.php\/wp-json\/wp\/v2\/comments?post=1652"}],"version-history":[{"count":0,"href":"https:\/\/contextoanalisisperiodistico.com\/index.php\/wp-json\/wp\/v2\/posts\/1652\/revisions"}],"wp:featuredmedia":[{"embeddable":true,"href":"https:\/\/contextoanalisisperiodistico.com\/index.php\/wp-json\/"}],"wp:attachment":[{"href":"https:\/\/contextoanalisisperiodistico.com\/index.php\/wp-json\/wp\/v2\/media?parent=1652"}],"wp:term":[{"taxonomy":"category","embeddable":true,"href":"https:\/\/contextoanalisisperiodistico.com\/index.php\/wp-json\/wp\/v2\/categories?post=1652"},{"taxonomy":"post_tag","embeddable":true,"href":"https:\/\/contextoanalisisperiodistico.com\/index.php\/wp-json\/wp\/v2\/tags?post=1652"}],"curies":[{"name":"wp","href":"https:\/\/api.w.org\/{rel}","templated":true}]}}