{"id":16513,"date":"2023-07-26T12:20:22","date_gmt":"2023-07-26T18:20:22","guid":{"rendered":"https:\/\/contextoanalisisperiodistico.com\/?p=16513"},"modified":"2023-07-26T12:20:49","modified_gmt":"2023-07-26T18:20:49","slug":"con-educacion-el-ieea-transforma-historias-de-vida","status":"publish","type":"post","link":"https:\/\/contextoanalisisperiodistico.com\/index.php\/2023\/07\/26\/con-educacion-el-ieea-transforma-historias-de-vida\/","title":{"rendered":"Con educaci\u00f3n, el IEEA transforma historias de vida"},"content":{"rendered":"<div id=\"fb-root\"><\/div>\n\n<p>\u2022 Sandra Margarita Santiago Pacheco no solo cursa sus estudios de educaci\u00f3n primaria, tambi\u00e9n mejora sus oportunidades de trabajo<\/p>\n\n\n\n<p>Oaxaca de Ju\u00e1rez, Oax. 26 de julio de 2023.- Los servicios que brinda el Instituto Estatal de Educaci\u00f3n para Adultos (IEEA) no solo ayudan a las personas mayores de 15 a\u00f1os de edad a aprender a leer, escribir y concluir su educaci\u00f3n primaria de forma gratuita, tambi\u00e9n les cambia la vida a partir de su nueva formaci\u00f3n escolar.<\/p>\n\n\n\n<p>Tal es el caso de la se\u00f1ora Sandra Margarita Santiago Pacheco, quien gracias al IEEA en Oaxaca aprendi\u00f3 a leer y escribir y actualmente cursa sus estudios de educaci\u00f3n primaria en el municipio de Salina Cruz, lo que le ha permitido comunicarse mejor con las personas, obtener un mejor trabajo y con ello elevar su calidad de vida.<\/p>\n\n\n\n<p>\u201cCuando yo era peque\u00f1a mi familia no ten\u00eda recursos, entonces no pudieron comprarme mis materiales, ni un uniforme para asistir a la escuela, eso me daba tristeza, ahora las cosas son distintas al estudiar mi primaria, ya que no importa si soy adulta, nunca es tarde para continuar\u201d, destac\u00f3 do\u00f1a Sandra.<\/p>\n\n\n\n<p>Actualmente ella se desempe\u00f1a como personal de limpieza, pero sabe que cuando concluya sus estudios de primaria y despu\u00e9s de secundaria, sus posibilidades mejorar\u00e1n. \u201cAgradezco a mis asesoras y asesores porque me tiene paciencia, as\u00ed como el material que me brindan, el cual es gratuito\u201d mencion\u00f3 entusiasmada.<\/p>\n\n\n\n<p>Tres d\u00edas a la semana, Sandra se divide entre el trabajo y sus asesor\u00edas, en el c\u00edrculo de estudio ubicado en la colonia Hugo Mayoral, en Salina Cruz, con el apoyo de la Coordinaci\u00f3n de Zona 2005, Tehuantepec, donde puede reforzar los conocimientos adquiridos.<\/p>\n\n\n\n<p>\u201cA mis 44 a\u00f1os yo s\u00e9 que puedo lograr lo que me proponga y eso es lo que quiero que las dem\u00e1s personas sepan, que nunca es tarde y que cuando se<br \/>quiere todo se puede\u201d, finaliz\u00f3.<\/p>\n\n\n\n<p>El IEEA en Oaxaca, que encabeza Reynaldo Maga\u00f1a Garc\u00eda brinda servicios educativos gratuitos en todo el estado a trav\u00e9s de 26 Coordinaciones de Zona, 131 Plazas Comunitarias y m\u00faltiples c\u00edrculos de estudio.<\/p>\n\n\n\n<p>Las personas interesadas para obtener informaci\u00f3n sobre los servicios que se brindan pueden llamar sin costo al 800 890 17 40.<\/p>\n\n\n\n<figure class=\"wp-block-image size-large\"><img fetchpriority=\"high\" decoding=\"async\" width=\"1024\" height=\"768\" src=\"https:\/\/contextoanalisisperiodistico.com\/wp-content\/uploads\/2023\/07\/img-20230726-wa00225759522332103245768-1024x768.jpg\" alt=\"\" class=\"wp-image-16515\" srcset=\"https:\/\/contextoanalisisperiodistico.com\/wp-content\/uploads\/2023\/07\/img-20230726-wa00225759522332103245768-1024x768.jpg 1024w, https:\/\/contextoanalisisperiodistico.com\/wp-content\/uploads\/2023\/07\/img-20230726-wa00225759522332103245768-300x225.jpg 300w, https:\/\/contextoanalisisperiodistico.com\/wp-content\/uploads\/2023\/07\/img-20230726-wa00225759522332103245768-768x576.jpg 768w, https:\/\/contextoanalisisperiodistico.com\/wp-content\/uploads\/2023\/07\/img-20230726-wa00225759522332103245768.jpg 1408w\" sizes=\"(max-width: 1024px) 100vw, 1024px\" \/><\/figure>\n","protected":false},"excerpt":{"rendered":"<p>\u2022 Sandra Margarita Santiago Pacheco no solo cursa sus estudios de educaci\u00f3n primaria, tambi\u00e9n mejora&#8230;<\/p>\n","protected":false},"author":4,"featured_media":16514,"comment_status":"closed","ping_status":"open","sticky":false,"template":"","format":"standard","meta":{"footnotes":""},"categories":[9],"tags":[],"jetpack_sharing_enabled":true,"featured_image_urls":{"full":["https:\/\/contextoanalisisperiodistico.com\/wp-content\/uploads\/2023\/07\/IMG-20230726-WA0023.jpg",1056,1408,false],"thumbnail":["https:\/\/contextoanalisisperiodistico.com\/wp-content\/uploads\/2023\/07\/IMG-20230726-WA0023-150x150.jpg",150,150,true],"medium":["https:\/\/contextoanalisisperiodistico.com\/wp-content\/uploads\/2023\/07\/IMG-20230726-WA0023-225x300.jpg",225,300,true],"medium_large":["https:\/\/contextoanalisisperiodistico.com\/wp-content\/uploads\/2023\/07\/IMG-20230726-WA0023-768x1024.jpg",640,853,true],"large":["https:\/\/contextoanalisisperiodistico.com\/wp-content\/uploads\/2023\/07\/IMG-20230726-WA0023-768x1024.jpg",640,853,true],"1536x1536":["https:\/\/contextoanalisisperiodistico.com\/wp-content\/uploads\/2023\/07\/IMG-20230726-WA0023.jpg",1056,1408,false],"2048x2048":["https:\/\/contextoanalisisperiodistico.com\/wp-content\/uploads\/2023\/07\/IMG-20230726-WA0023.jpg",1056,1408,false],"covernews-slider-full":["https:\/\/contextoanalisisperiodistico.com\/wp-content\/uploads\/2023\/07\/IMG-20230726-WA0023-1056x715.jpg",1056,715,true],"covernews-slider-center":["https:\/\/contextoanalisisperiodistico.com\/wp-content\/uploads\/2023\/07\/IMG-20230726-WA0023-800x500.jpg",800,500,true],"covernews-featured":["https:\/\/contextoanalisisperiodistico.com\/wp-content\/uploads\/2023\/07\/IMG-20230726-WA0023-1024x1365.jpg",1024,1365,true],"covernews-medium":["https:\/\/contextoanalisisperiodistico.com\/wp-content\/uploads\/2023\/07\/IMG-20230726-WA0023-540x340.jpg",540,340,true],"covernews-medium-square":["https:\/\/contextoanalisisperiodistico.com\/wp-content\/uploads\/2023\/07\/IMG-20230726-WA0023-400x250.jpg",400,250,true]},"author_info":{"display_name":"Mario Gir\u00f3n","author_link":"https:\/\/contextoanalisisperiodistico.com\/index.php\/author\/director\/"},"category_info":"<a href=\"https:\/\/contextoanalisisperiodistico.com\/index.php\/category\/politica\/\" rel=\"category tag\">Pol\u00edtica<\/a>","tag_info":"Pol\u00edtica","comment_count":"0","jetpack_featured_media_url":"https:\/\/contextoanalisisperiodistico.com\/wp-content\/uploads\/2023\/07\/IMG-20230726-WA0023.jpg","_links":{"self":[{"href":"https:\/\/contextoanalisisperiodistico.com\/index.php\/wp-json\/wp\/v2\/posts\/16513"}],"collection":[{"href":"https:\/\/contextoanalisisperiodistico.com\/index.php\/wp-json\/wp\/v2\/posts"}],"about":[{"href":"https:\/\/contextoanalisisperiodistico.com\/index.php\/wp-json\/wp\/v2\/types\/post"}],"author":[{"embeddable":true,"href":"https:\/\/contextoanalisisperiodistico.com\/index.php\/wp-json\/wp\/v2\/users\/4"}],"replies":[{"embeddable":true,"href":"https:\/\/contextoanalisisperiodistico.com\/index.php\/wp-json\/wp\/v2\/comments?post=16513"}],"version-history":[{"count":1,"href":"https:\/\/contextoanalisisperiodistico.com\/index.php\/wp-json\/wp\/v2\/posts\/16513\/revisions"}],"predecessor-version":[{"id":16516,"href":"https:\/\/contextoanalisisperiodistico.com\/index.php\/wp-json\/wp\/v2\/posts\/16513\/revisions\/16516"}],"wp:featuredmedia":[{"embeddable":true,"href":"https:\/\/contextoanalisisperiodistico.com\/index.php\/wp-json\/wp\/v2\/media\/16514"}],"wp:attachment":[{"href":"https:\/\/contextoanalisisperiodistico.com\/index.php\/wp-json\/wp\/v2\/media?parent=16513"}],"wp:term":[{"taxonomy":"category","embeddable":true,"href":"https:\/\/contextoanalisisperiodistico.com\/index.php\/wp-json\/wp\/v2\/categories?post=16513"},{"taxonomy":"post_tag","embeddable":true,"href":"https:\/\/contextoanalisisperiodistico.com\/index.php\/wp-json\/wp\/v2\/tags?post=16513"}],"curies":[{"name":"wp","href":"https:\/\/api.w.org\/{rel}","templated":true}]}}