{"id":1642,"date":"2022-03-26T17:20:02","date_gmt":"2022-03-26T23:20:02","guid":{"rendered":"https:\/\/contextoanalisisperiodistico.com.mx\/?p=1642"},"modified":"2022-03-26T17:20:02","modified_gmt":"2022-03-26T23:20:02","slug":"la-diferencia-entre-postulado-y-candidato","status":"publish","type":"post","link":"https:\/\/contextoanalisisperiodistico.com\/index.php\/2022\/03\/26\/la-diferencia-entre-postulado-y-candidato\/","title":{"rendered":"La diferencia entre #Postulado y #Candidato"},"content":{"rendered":"<div id=\"fb-root\"><\/div>\n\n<p>\u201cEl postulado es el que nace de la propuesta comunitaria de los Pueblos y Comunidades Ind\u00edgenas y Pueblos Afromexicanos, el ciudadano no busca ser el elegido, simplemente es encomendado a una tarea, mientras el candidato por d\u00e9cadas busca ser candidato, al cual es sujeto a varios procesos internos en su partido\u201d.<\/p>\n\n\n\n<p>Generemos m\u00e1s conciencia sobre lo que queremos para Oaxaca. \u00bfO ser\u00e1n otros seis a\u00f1os de lo mismo?<\/p>\n\n\n\n<p>Ciudadanas y ciudadanos tenemos la respuesta en nuestras manos.<a href=\"https:\/\/www.facebook.com\/unionautoridades\/photos\/a.102564718838617\/157522750009480\/?__cft__[0]=AZUV-vVJ_f302FG7CJqNOEFqhiSexbPlRimiIWbnJSltfIJQVbpTWLK_LrPQ95tc1mpgqVq3YyJHInw4rsBG_YRGoz8wL2V_3FJ9H2Qa4NchktpvIzqkUdm1o4-dIK9wn89v8JSkE7pPI-fcily4yVSr14Y6NUl_73bWz8NJLgb4B3GnIO8GSKYe9NdNT87J_duxMXuoz7jJB6xvtZsr1RNO&amp;__tn__=EH-y-R\"><\/a><\/p>\n\n\n\n<h5 class=\"wp-block-heading\"><a href=\"https:\/\/www.facebook.com\/unionautoridades\/?__cft__[0]=AZUV-vVJ_f302FG7CJqNOEFqhiSexbPlRimiIWbnJSltfIJQVbpTWLK_LrPQ95tc1mpgqVq3YyJHInw4rsBG_YRGoz8wL2V_3FJ9H2Qa4NchktpvIzqkUdm1o4-dIK9wn89v8JSkE7pPI-fcily4yVSr14Y6NUl_73bWz8NJLgb4B3GnIO8GSKYe9NdNT87J_duxMXuoz7jJB6xvtZsr1RNO&amp;__tn__=-UC%2CP-y-R\"><strong>Uni\u00f3n de Autoridades de los pueblos originarios de Oaxaca<\/strong><\/a><\/h5>\n\n\n\n<p><a href=\"https:\/\/www.facebook.com\/unionautoridades\/posts\/157522773342811?__cft__[0]=AZUV-vVJ_f302FG7CJqNOEFqhiSexbPlRimiIWbnJSltfIJQVbpTWLK_LrPQ95tc1mpgqVq3YyJHInw4rsBG_YRGoz8wL2V_3FJ9H2Qa4NchktpvIzqkUdm1o4-dIK9wn89v8JSkE7pPI-fcily4yVSr14Y6NUl_73bWz8NJLgb4B3GnIO8GSKYe9NdNT87J_duxMXuoz7jJB6xvtZsr1RNO&amp;__tn__=%2CO%2CP-y-R\">3 h<\/a>&nbsp;&nbsp;\u00b7&nbsp;<\/p>\n\n\n\n<p>POSTULADO IND\u00cdGENA VS LAS CANDIDATURAS PARTIDISTAS.<\/p>\n\n\n\n<p>Marzo 26, 2022.<\/p>\n\n\n\n<p>Hoy en d\u00eda, el sistema de gobierno de los Estados Unidos Mexicanos es el de una Rep\u00fablica Representativa, Democr\u00e1tica y Federal al tenor de lo siguiente:<\/p>\n\n\n\n<p>Es representativa, en virtud de que es la ciudadan\u00eda quien nombra a sus representantes mediante elecciones libres y aut\u00e9nticas, con el objeto de integrar los \u00f3rganos que gobernar\u00e1n, siendo estos los referentes a los Poderes Ejecutivo y Legislativo. Como una Rep\u00fablica Federal, el sistema de gobierno mexicano opera en tres niveles: el federal, en donde se renuevan los cargos de la presidencia de la Rep\u00fablica y las diputaciones y senadur\u00edas del Congreso de la Uni\u00f3n; el estatal, renov\u00e1ndose los cargos de gubernatura y diputaciones de los Congresos de los Estados; y, el municipal, en que se eligen a las regidur\u00edas. En la democracia inclusiva, es necesario que en estos \u00f3rganos sean representados todos los sectores sociales.<\/p>\n\n\n\n<p>Ahora bien, las personas ind\u00edgenas forman parte de un colectivo que ha sido hist\u00f3ricamente vulnerable. Los pueblos ind\u00edgenas son aquellos que \u201chacen referencia a un pasado glorioso del cual todav\u00eda quedan vestigios, que prexist\u00edan a la formaci\u00f3n del Estado-naci\u00f3n y que sufrieron la traum\u00e1tica experiencia de la colonizaci\u00f3n\u2026, que fueron v\u00edctimas del extermino\u2026 o de la esclavitud,\u2026 que se encuentran en situaci\u00f3n de desventaja, social y pol\u00edtica frente a una \u00e9lite dominante\u201d.<\/p>\n\n\n\n<p>En este orden de ideas, hago alusi\u00f3n a un hecho y acto hist\u00f3rico, que se concreta en un <a href=\"https:\/\/www.facebook.com\/hashtag\/actodejusticia?__eep__=6&amp;__cft__[0]=AZUV-vVJ_f302FG7CJqNOEFqhiSexbPlRimiIWbnJSltfIJQVbpTWLK_LrPQ95tc1mpgqVq3YyJHInw4rsBG_YRGoz8wL2V_3FJ9H2Qa4NchktpvIzqkUdm1o4-dIK9wn89v8JSkE7pPI-fcily4yVSr14Y6NUl_73bWz8NJLgb4B3GnIO8GSKYe9NdNT87J_duxMXuoz7jJB6xvtZsr1RNO&amp;__tn__=*NK-y-R\">#actodejusticia<\/a>, referente al \u201cACUERDO IEEPCO-CG-93\/2021, POR EL QUE SE APRUEBAN LOS LINEAMIENTOS DE CANDIDATURAS INDEPENDIENTES DEL INSTITUTO ESTATAL ELECTORAL Y DE PARTICIPACI\u00d3N CIUDADANA DE OAXACA, celebrado en septiembre de 2021, que a le letra expresa:<\/p>\n\n\n\n<p>I. \u2026<\/p>\n\n\n\n<p>II. \u2026<\/p>\n\n\n\n<p>III. El d\u00eda diez de noviembre de dos mil veinte, el Consejo General del IEEPCO, mediante acuerdo n\u00famero IEEPCO-CG-32\/2020, aprob\u00f3 los \u201cLineamientos de candidaturas independientes del Instituto Estatal Electoral y de Participaci\u00f3n Ciudadana de Oaxaca\u201d<\/p>\n\n\n\n<p>IV. Con fecha diez de marzo de dos mil veintiuno, la Sala Superior del Tribunal Electoral del Poder Judicial de la Federaci\u00f3n, dict\u00f3 sentencia dentro del Recurso de Reconsideraci\u00f3n SUP-REC-53\/2021 y acumulados, la cual orden\u00f3 a este Instituto expedir una convocatoria dirigida a los pueblos y comunidades ind\u00edgenas y afromexicanas, para la postulaci\u00f3n de sus candidaturas independientes atendiendo a sus especificidades culturales y mecanismos democr\u00e1ticos propios.<\/p>\n\n\n\n<p>V. Mediante Decreto 2651, emitido por el Pleno de la Sexag\u00e9sima Cuarta Legislatura Constitucional del Estado Libre y Soberano de Oaxaca en Sesi\u00f3n Ordinaria del Tercer a\u00f1o de Ejercicio Constitucional celebrada el veinticinco de agosto de dos mil veintiuno, se ordena la emisi\u00f3n de la convocatoria a elecciones ordinarias del a\u00f1o dos mil veintid\u00f3s para elegir a la Gobernadora o Gobernador Constitucional del Estado de Oaxaca.<\/p>\n\n\n\n<p>\u2026<\/p>\n\n\n\n<p>Sin embargo, la reacci\u00f3n de quienes somos originarios de los pueblos y comunidades y pueblos afromexicanos, nos dio un aire de esperanza, de miedo y de reto, pues nunca en la historia de Oaxaca se hab\u00eda dado tal oportunidad, m\u00e1s para contender para la gubernatura de Oaxaca, por lo siguiente:<\/p>\n\n\n\n<p>La costumbre o la pr\u00e1ctica tradicional electoral, a la cual, nos han sometido como pueblo de Oaxaca, cada tres o seis a\u00f1os, sin duda, se traduc\u00eda en un gran reto. En este escenario no hab\u00eda cabida para un humilde, mucho menos para un ind\u00edgena, por varias circunstancias; la primera, por las carencias y faltas de garant\u00edas que exist\u00eda en la Constituci\u00f3n Pol\u00edtica de los Estados Unidos Mexicanos y dem\u00e1s ordenamiento jur\u00eddicos principalmente las electorales, y la segunda es que analizando los diversos escenarios pol\u00edticos, sociales, sobre todo en el rubro de lo econ\u00f3mico, al ver la gran suma de presupuesto que cada candidato y partido pol\u00edtico destina para sus campa\u00f1as (impresi\u00f3n de gorras, playeras, flyers, mandiles, sombrillas, lonas de toda las medidas y tama\u00f1os, peri\u00f3dicos, tr\u00edpticos, pago de medios de tecnolog\u00edas para su spot y transmisi\u00f3n de comerciales, gastos de transporte del equipo operativo y de quienes asisten a los eventos pol\u00edticos y la compra de consciencia, etc.), donde cada pol\u00edtico muestra su musculo econ\u00f3mico-pol\u00edtico. Dicha circunstancia, sin duda, se convert\u00eda en una barrea dif\u00edcil de vencer, para quien no tuviera el poder econ\u00f3mico, sin embargo, las cuestiones actuales han cambiado a favor de los Pueblos y Comunidades Ind\u00edgenas y Pueblos Afromexicanos.<\/p>\n\n\n\n<p>Los escenarios de manipulaci\u00f3n, difamaci\u00f3n, enga\u00f1o, saqueo, poner en alto los intereses de un grupo minoritario por encima del bien com\u00fan del Pueblo de Oaxaca, ponen en desventaja a estos candidatos. Se debe reconocer que gracias estos candidatos y partidos, han tenido \u00e9xito, en fracturar la pol\u00edtica y econom\u00eda del Pueblo de Oaxaca y del tejido comunitario de los Pueblos Inidgenas, por hacer una referencia, hoy en d\u00eda existen por arriba de 350 conflictos entre lo agrario y lo pol\u00edtico electoral. Sin embargo, cada periodo electoral, buscan nuevo mensajes, nuevas im\u00e1genes, ofreciendo apoyos habidos y por haber, postul\u00e1ndose como los nuevos salvadores del \u201cPueblodeOaxaca.<\/p>\n\n\n\n<p>Ahora bien, en cumplimiento al acuerdo del <a href=\"https:\/\/www.facebook.com\/hashtag\/ieepco?__eep__=6&amp;__cft__[0]=AZUV-vVJ_f302FG7CJqNOEFqhiSexbPlRimiIWbnJSltfIJQVbpTWLK_LrPQ95tc1mpgqVq3YyJHInw4rsBG_YRGoz8wL2V_3FJ9H2Qa4NchktpvIzqkUdm1o4-dIK9wn89v8JSkE7pPI-fcily4yVSr14Y6NUl_73bWz8NJLgb4B3GnIO8GSKYe9NdNT87J_duxMXuoz7jJB6xvtZsr1RNO&amp;__tn__=*NK-y-R\">#IEEPCO<\/a>, el 15 de marzo de 2022, se registr\u00f3 nuestro hermano zapoteco, <a href=\"https:\/\/www.facebook.com\/Ing-Mauricio-Cruz-Vargas-100305574837459\/?__cft__[0]=AZUV-vVJ_f302FG7CJqNOEFqhiSexbPlRimiIWbnJSltfIJQVbpTWLK_LrPQ95tc1mpgqVq3YyJHInw4rsBG_YRGoz8wL2V_3FJ9H2Qa4NchktpvIzqkUdm1o4-dIK9wn89v8JSkE7pPI-fcily4yVSr14Y6NUl_73bWz8NJLgb4B3GnIO8GSKYe9NdNT87J_duxMXuoz7jJB6xvtZsr1RNO&amp;__tn__=kK-y-R\">Ing. Mauricio Cruz Vargas<\/a> , originario del Municipio de Abejones, localizado en la regi\u00f3n de la Sierra Norte, perteneciente al Municipio de Ixtlan de Ju\u00e1rez, como un <a href=\"https:\/\/www.facebook.com\/hashtag\/postuladoind%C3%ADgena?__eep__=6&amp;__cft__[0]=AZUV-vVJ_f302FG7CJqNOEFqhiSexbPlRimiIWbnJSltfIJQVbpTWLK_LrPQ95tc1mpgqVq3YyJHInw4rsBG_YRGoz8wL2V_3FJ9H2Qa4NchktpvIzqkUdm1o4-dIK9wn89v8JSkE7pPI-fcily4yVSr14Y6NUl_73bWz8NJLgb4B3GnIO8GSKYe9NdNT87J_duxMXuoz7jJB6xvtZsr1RNO&amp;__tn__=*NK-y-R\">#PostuladoInd\u00edgena<\/a> que busca la gubernatura de Oaxaca, objetivo que podr\u00e1 lograr con el apoyo de todas y todos.<\/p>\n\n\n\n<p>Cabe hacer la aclaraci\u00f3n del porque un <a href=\"https:\/\/www.facebook.com\/hashtag\/postulado?__eep__=6&amp;__cft__[0]=AZUV-vVJ_f302FG7CJqNOEFqhiSexbPlRimiIWbnJSltfIJQVbpTWLK_LrPQ95tc1mpgqVq3YyJHInw4rsBG_YRGoz8wL2V_3FJ9H2Qa4NchktpvIzqkUdm1o4-dIK9wn89v8JSkE7pPI-fcily4yVSr14Y6NUl_73bWz8NJLgb4B3GnIO8GSKYe9NdNT87J_duxMXuoz7jJB6xvtZsr1RNO&amp;__tn__=*NK-y-R\">#Postulado<\/a> y no un <a href=\"https:\/\/www.facebook.com\/hashtag\/candidato?__eep__=6&amp;__cft__[0]=AZUV-vVJ_f302FG7CJqNOEFqhiSexbPlRimiIWbnJSltfIJQVbpTWLK_LrPQ95tc1mpgqVq3YyJHInw4rsBG_YRGoz8wL2V_3FJ9H2Qa4NchktpvIzqkUdm1o4-dIK9wn89v8JSkE7pPI-fcily4yVSr14Y6NUl_73bWz8NJLgb4B3GnIO8GSKYe9NdNT87J_duxMXuoz7jJB6xvtZsr1RNO&amp;__tn__=*NK-y-R\">#Candidato<\/a>. \u201cEl postulado es el que nace de la propuesta comunitaria de los Pueblos y Comunidades Ind\u00edgenas y Pueblos Afromexicanos, el ciudadano no busca ser el elegido, simplemente es encomendado a una tarea, mientras el candidato por d\u00e9cadas busca ser candidato, al cual es sujeto a varios procesos internos en su partido\u201d.<\/p>\n\n\n\n<p>En estos tiempos de elecci\u00f3n es tiempo de que quienes formamos parte de los <a href=\"https:\/\/www.facebook.com\/hashtag\/pueblosycomunidadesind%C3%ADgenasypueblosafromexicanos?__eep__=6&amp;__cft__[0]=AZUV-vVJ_f302FG7CJqNOEFqhiSexbPlRimiIWbnJSltfIJQVbpTWLK_LrPQ95tc1mpgqVq3YyJHInw4rsBG_YRGoz8wL2V_3FJ9H2Qa4NchktpvIzqkUdm1o4-dIK9wn89v8JSkE7pPI-fcily4yVSr14Y6NUl_73bWz8NJLgb4B3GnIO8GSKYe9NdNT87J_duxMXuoz7jJB6xvtZsr1RNO&amp;__tn__=*NK-y-R\">#PueblosyComunidadesInd\u00edgenasyPueblosAfromexicanos<\/a> hagamos justicia por nosotros mismo y por las nuevas generaciones.<\/p>\n\n\n\n<p>Les envi\u00f3 fraternales saludos a todas y todos.<\/p>\n\n\n\n<p><a href=\"https:\/\/www.facebook.com\/hashtag\/porunoaxacamejor?__eep__=6&amp;__cft__[0]=AZUV-vVJ_f302FG7CJqNOEFqhiSexbPlRimiIWbnJSltfIJQVbpTWLK_LrPQ95tc1mpgqVq3YyJHInw4rsBG_YRGoz8wL2V_3FJ9H2Qa4NchktpvIzqkUdm1o4-dIK9wn89v8JSkE7pPI-fcily4yVSr14Y6NUl_73bWz8NJLgb4B3GnIO8GSKYe9NdNT87J_duxMXuoz7jJB6xvtZsr1RNO&amp;__tn__=*NK-y-R\">#PorunOaxacamejor<\/a><\/p>\n\n\n\n<p><a href=\"https:\/\/www.facebook.com\/hashtag\/mauriciocruzvargaseslaopici%C3%B3n?__eep__=6&amp;__cft__[0]=AZUV-vVJ_f302FG7CJqNOEFqhiSexbPlRimiIWbnJSltfIJQVbpTWLK_LrPQ95tc1mpgqVq3YyJHInw4rsBG_YRGoz8wL2V_3FJ9H2Qa4NchktpvIzqkUdm1o4-dIK9wn89v8JSkE7pPI-fcily4yVSr14Y6NUl_73bWz8NJLgb4B3GnIO8GSKYe9NdNT87J_duxMXuoz7jJB6xvtZsr1RNO&amp;__tn__=*NK-y-R\">#MauricioCruzVargaseslaopici\u00f3n<\/a><\/p>\n\n\n\n<p><a href=\"https:\/\/www.facebook.com\/hashtag\/nuncam%C3%A1sunoaxacasinsuspueblosind%C3%ADgenas?__eep__=6&amp;__cft__[0]=AZUV-vVJ_f302FG7CJqNOEFqhiSexbPlRimiIWbnJSltfIJQVbpTWLK_LrPQ95tc1mpgqVq3YyJHInw4rsBG_YRGoz8wL2V_3FJ9H2Qa4NchktpvIzqkUdm1o4-dIK9wn89v8JSkE7pPI-fcily4yVSr14Y6NUl_73bWz8NJLgb4B3GnIO8GSKYe9NdNT87J_duxMXuoz7jJB6xvtZsr1RNO&amp;__tn__=*NK-y-R\">#Nuncam\u00e1sunOaxacasinsuspueblosind\u00edgenas<\/a><\/p>\n\n\n\n<p><a href=\"https:\/\/www.facebook.com\/hashtag\/nuncam%C3%A1sunoaxacasinsupuebloafromexicano?__eep__=6&amp;__cft__[0]=AZUV-vVJ_f302FG7CJqNOEFqhiSexbPlRimiIWbnJSltfIJQVbpTWLK_LrPQ95tc1mpgqVq3YyJHInw4rsBG_YRGoz8wL2V_3FJ9H2Qa4NchktpvIzqkUdm1o4-dIK9wn89v8JSkE7pPI-fcily4yVSr14Y6NUl_73bWz8NJLgb4B3GnIO8GSKYe9NdNT87J_duxMXuoz7jJB6xvtZsr1RNO&amp;__tn__=*NK-y-R\">#Nuncam\u00e1sunOaxacasinsupuebloAfromexicano<\/a><\/p>\n\n\n\n<p><a href=\"https:\/\/www.facebook.com\/hashtag\/conelpueblotodosinelpueblonada?__eep__=6&amp;__cft__[0]=AZUV-vVJ_f302FG7CJqNOEFqhiSexbPlRimiIWbnJSltfIJQVbpTWLK_LrPQ95tc1mpgqVq3YyJHInw4rsBG_YRGoz8wL2V_3FJ9H2Qa4NchktpvIzqkUdm1o4-dIK9wn89v8JSkE7pPI-fcily4yVSr14Y6NUl_73bWz8NJLgb4B3GnIO8GSKYe9NdNT87J_duxMXuoz7jJB6xvtZsr1RNO&amp;__tn__=*NK-y-R\">#Conelpueblotodosinelpueblonada<\/a>.<\/p>\n\n\n\n<p>Texto de Vidal Antonio, profesionista mixe.<\/p>\n\n\n\n<p>Asamblea para la postulaci\u00f3n de Mauricio. ABEJONES<\/p>\n","protected":false},"excerpt":{"rendered":"<p>\u201cEl postulado es el que nace de la propuesta comunitaria de los Pueblos y Comunidades&#8230;<\/p>\n","protected":false},"author":2,"featured_media":1644,"comment_status":"open","ping_status":"open","sticky":false,"template":"","format":"standard","meta":{"footnotes":""},"categories":[3,7,8,9],"tags":[],"jetpack_sharing_enabled":true,"featured_image_urls":{"full":"","thumbnail":"","medium":"","medium_large":"","large":"","1536x1536":"","2048x2048":"","covernews-slider-full":"","covernews-slider-center":"","covernews-featured":"","covernews-medium":"","covernews-medium-square":""},"author_info":{"display_name":"Miguel","author_link":"https:\/\/contextoanalisisperiodistico.com\/index.php\/author\/editor\/"},"category_info":"<a href=\"https:\/\/contextoanalisisperiodistico.com\/index.php\/category\/ciudad\/\" rel=\"category tag\">Ciudad<\/a> <a href=\"https:\/\/contextoanalisisperiodistico.com\/index.php\/category\/municipios\/\" rel=\"category tag\">Municipios<\/a> <a href=\"https:\/\/contextoanalisisperiodistico.com\/index.php\/category\/opinion\/\" rel=\"category tag\">Opini\u00f3n<\/a> <a href=\"https:\/\/contextoanalisisperiodistico.com\/index.php\/category\/politica\/\" rel=\"category tag\">Pol\u00edtica<\/a>","tag_info":"Pol\u00edtica","comment_count":"0","jetpack_featured_media_url":"","_links":{"self":[{"href":"https:\/\/contextoanalisisperiodistico.com\/index.php\/wp-json\/wp\/v2\/posts\/1642"}],"collection":[{"href":"https:\/\/contextoanalisisperiodistico.com\/index.php\/wp-json\/wp\/v2\/posts"}],"about":[{"href":"https:\/\/contextoanalisisperiodistico.com\/index.php\/wp-json\/wp\/v2\/types\/post"}],"author":[{"embeddable":true,"href":"https:\/\/contextoanalisisperiodistico.com\/index.php\/wp-json\/wp\/v2\/users\/2"}],"replies":[{"embeddable":true,"href":"https:\/\/contextoanalisisperiodistico.com\/index.php\/wp-json\/wp\/v2\/comments?post=1642"}],"version-history":[{"count":0,"href":"https:\/\/contextoanalisisperiodistico.com\/index.php\/wp-json\/wp\/v2\/posts\/1642\/revisions"}],"wp:featuredmedia":[{"embeddable":true,"href":"https:\/\/contextoanalisisperiodistico.com\/index.php\/wp-json\/"}],"wp:attachment":[{"href":"https:\/\/contextoanalisisperiodistico.com\/index.php\/wp-json\/wp\/v2\/media?parent=1642"}],"wp:term":[{"taxonomy":"category","embeddable":true,"href":"https:\/\/contextoanalisisperiodistico.com\/index.php\/wp-json\/wp\/v2\/categories?post=1642"},{"taxonomy":"post_tag","embeddable":true,"href":"https:\/\/contextoanalisisperiodistico.com\/index.php\/wp-json\/wp\/v2\/tags?post=1642"}],"curies":[{"name":"wp","href":"https:\/\/api.w.org\/{rel}","templated":true}]}}