{"id":1640,"date":"2022-03-26T16:17:44","date_gmt":"2022-03-26T22:17:44","guid":{"rendered":"http:\/\/contextoanalisisperiodistico.com.mx\/2022\/03\/26\/el-gallo-canto-a-las-tres-de-la-madrugada-mientras-toribio-lopez-traicionaba-a-tania-lopez-y-pactaba-con-chente-castellanos\/"},"modified":"2022-03-26T16:17:44","modified_gmt":"2022-03-26T22:17:44","slug":"el-gallo-canto-a-las-tres-de-la-madrugada-mientras-toribio-lopez-traicionaba-a-tania-lopez-y-pactaba-con-chente-castellanos","status":"publish","type":"post","link":"https:\/\/contextoanalisisperiodistico.com\/index.php\/2022\/03\/26\/el-gallo-canto-a-las-tres-de-la-madrugada-mientras-toribio-lopez-traicionaba-a-tania-lopez-y-pactaba-con-chente-castellanos\/","title":{"rendered":"El gallo cant\u00f3 a las tres de la madrugada, mientras Toribio L\u00f3pez traicionaba a Tania L\u00f3pez y pactaba con  Chente Castellanos"},"content":{"rendered":"<div id=\"fb-root\"><\/div>\n\n<p>Porque sabe que Tania L\u00f3pez, candidata de Morena a la presidencia municipal de Xoxocotl\u00e1n tiene asegurada la derrota ma\u00f1ana en las urnas, a las tres de la madrugada el gallo cant\u00f3 y Toribio L\u00f3pez traicionaba tres veces a la esposa del ex municipe de Xoxo, Alejandro L\u00f3pez Jarqu\u00edn, con el sue\u00f1o imposible de  heredarle el cargo a la c\u00f3nyuge. Ahora, Tory L\u00f3pez no pierde el tiempo. Arrepentido ya pact\u00f3 con el candidato del pueblo, el Dr. Chente Castellanos. Los tramposos tienen marcado el camino de la derrota. Dios existe, es grande y bueno con el noble, trabajador, honesto y humilde pueblo de Xoxocotl\u00e1n. Hoy es tiempo de justicia para el pobre y castigo a los que fallaron y cayeron en la tentaci\u00f3n de quedarse con lo que no es de ellos.<\/p>\n\n\n\n<figure class=\"wp-block-video\"><video controls src=\"https:\/\/contextoinformacionyanalisisperiodistico.files.wordpress.com\/2022\/03\/vid-20220326-wa0028.mp4\"><\/video><figcaption>El gallo cant\u00f3 a las tres de madrugada <\/figcaption><\/figure>\n","protected":false},"excerpt":{"rendered":"<p>Porque sabe que Tania L\u00f3pez, candidata de Morena a la presidencia municipal de Xoxocotl\u00e1n tiene&#8230;<\/p>\n","protected":false},"author":2,"featured_media":1638,"comment_status":"open","ping_status":"open","sticky":false,"template":"","format":"standard","meta":{"footnotes":""},"categories":[7,9],"tags":[],"jetpack_sharing_enabled":true,"featured_image_urls":{"full":"","thumbnail":"","medium":"","medium_large":"","large":"","1536x1536":"","2048x2048":"","covernews-slider-full":"","covernews-slider-center":"","covernews-featured":"","covernews-medium":"","covernews-medium-square":""},"author_info":{"display_name":"Miguel","author_link":"https:\/\/contextoanalisisperiodistico.com\/index.php\/author\/editor\/"},"category_info":"<a href=\"https:\/\/contextoanalisisperiodistico.com\/index.php\/category\/municipios\/\" rel=\"category tag\">Municipios<\/a> <a href=\"https:\/\/contextoanalisisperiodistico.com\/index.php\/category\/politica\/\" rel=\"category tag\">Pol\u00edtica<\/a>","tag_info":"Pol\u00edtica","comment_count":"0","jetpack_featured_media_url":"","_links":{"self":[{"href":"https:\/\/contextoanalisisperiodistico.com\/index.php\/wp-json\/wp\/v2\/posts\/1640"}],"collection":[{"href":"https:\/\/contextoanalisisperiodistico.com\/index.php\/wp-json\/wp\/v2\/posts"}],"about":[{"href":"https:\/\/contextoanalisisperiodistico.com\/index.php\/wp-json\/wp\/v2\/types\/post"}],"author":[{"embeddable":true,"href":"https:\/\/contextoanalisisperiodistico.com\/index.php\/wp-json\/wp\/v2\/users\/2"}],"replies":[{"embeddable":true,"href":"https:\/\/contextoanalisisperiodistico.com\/index.php\/wp-json\/wp\/v2\/comments?post=1640"}],"version-history":[{"count":0,"href":"https:\/\/contextoanalisisperiodistico.com\/index.php\/wp-json\/wp\/v2\/posts\/1640\/revisions"}],"wp:featuredmedia":[{"embeddable":true,"href":"https:\/\/contextoanalisisperiodistico.com\/index.php\/wp-json\/"}],"wp:attachment":[{"href":"https:\/\/contextoanalisisperiodistico.com\/index.php\/wp-json\/wp\/v2\/media?parent=1640"}],"wp:term":[{"taxonomy":"category","embeddable":true,"href":"https:\/\/contextoanalisisperiodistico.com\/index.php\/wp-json\/wp\/v2\/categories?post=1640"},{"taxonomy":"post_tag","embeddable":true,"href":"https:\/\/contextoanalisisperiodistico.com\/index.php\/wp-json\/wp\/v2\/tags?post=1640"}],"curies":[{"name":"wp","href":"https:\/\/api.w.org\/{rel}","templated":true}]}}