{"id":1637,"date":"2022-03-26T12:53:38","date_gmt":"2022-03-26T18:53:38","guid":{"rendered":"http:\/\/contextoanalisisperiodistico.com.mx\/2022\/03\/26\/todo-listo-para-elecciones-extraordinarias-este-domingo-27-de-marzo\/"},"modified":"2022-03-26T12:53:38","modified_gmt":"2022-03-26T18:53:38","slug":"todo-listo-para-elecciones-extraordinarias-este-domingo-27-de-marzo","status":"publish","type":"post","link":"https:\/\/contextoanalisisperiodistico.com\/index.php\/2022\/03\/26\/todo-listo-para-elecciones-extraordinarias-este-domingo-27-de-marzo\/","title":{"rendered":"Todo listo para elecciones extraordinarias, este domingo 27 de marzo"},"content":{"rendered":"<div id=\"fb-root\"><\/div>\n\n<p>(*) La ciudadan\u00eda de siete municipios podr\u00e1 acudir a votar a las urnas a partir de las 8:00 horas<\/p>\n\n\n\n<p>El Instituto Estatal Electoral y de Participaci\u00f3n Ciudadana de Oaxaca (IEEPCO) dio a conocer que se encuentra todo listo para la jornada electoral extraordinaria que se desarrollar\u00e1 este domingo 27 de marzo en los municipios de Santa Cruz Xoxocotl\u00e1n, San Pablo Villa de Mitla, Santa Mar\u00eda Xadani, Chahuites, Reforma de Pineda, Santiago Laollaga y Santa Mar\u00eda Mixtequilla.&nbsp;<\/p>\n\n\n\n<p>Dicha jornada dar\u00e1 inicio en punto de las ocho de la ma\u00f1ana con la instalaci\u00f3n de 167 casillas en las que un aproximado de cien mil personas podr\u00e1n emitir su voto para elegir a sus representantes a las concejal\u00edas de los municipios con elecciones extraordinarias.&nbsp;<\/p>\n\n\n\n<p>Para estas elecciones se imprimieron un total de 108 422 boletas, con base a la lista nominal con corte del 10 de abril del 2022, y se realizaron 167 paquetes electorales que contienen urnas, mamparas, tinta indeleble, lona de identificaci\u00f3n del centro de votaci\u00f3n, bol\u00edgrafos, crayones negros y todo el material necesario para la jornada electoral&nbsp;<\/p>\n\n\n\n<p>Como en procesos anteriores y a fin de dar certeza a los resultados de la contienda, a partir de las 19 horas del domingo 27 de marzo, la ciudadan\u00eda podr\u00e1 consultar el Programa de Resultados Electorales Preliminares (PREP) desde cualquier dispositivo electr\u00f3nico con acceso a Internet.&nbsp;<\/p>\n\n\n\n<p>Por otra parte, en seis de los siete municipios con elecci\u00f3n, las candidatas y candidatos firmaron pactos de civilidad a fin de garantizar condiciones de paz en la contienda electoral de este domingo.&nbsp;<\/p>\n\n\n\n<p>En este mismo sentido y de manera responsable, el IEEPCO ha solicitado la presencia de elementos de corporaciones de seguridad con la finalidad de que se generen condiciones de seguridad para una jornada en paz y calma.<\/p>\n\n\n\n<p>En tanto, el Consejo General del IEEPCO realizar\u00e1 este domingo una sesi\u00f3n permanente de seguimiento a la jornada electoral de las elecciones extraordinarias.<\/p>\n","protected":false},"excerpt":{"rendered":"<p>(*) La ciudadan\u00eda de siete municipios podr\u00e1 acudir a votar a las urnas a partir&#8230;<\/p>\n","protected":false},"author":2,"featured_media":1636,"comment_status":"open","ping_status":"open","sticky":false,"template":"","format":"standard","meta":{"footnotes":""},"categories":[3,9],"tags":[],"jetpack_sharing_enabled":true,"featured_image_urls":{"full":"","thumbnail":"","medium":"","medium_large":"","large":"","1536x1536":"","2048x2048":"","covernews-slider-full":"","covernews-slider-center":"","covernews-featured":"","covernews-medium":"","covernews-medium-square":""},"author_info":{"display_name":"Miguel","author_link":"https:\/\/contextoanalisisperiodistico.com\/index.php\/author\/editor\/"},"category_info":"<a href=\"https:\/\/contextoanalisisperiodistico.com\/index.php\/category\/ciudad\/\" rel=\"category tag\">Ciudad<\/a> <a href=\"https:\/\/contextoanalisisperiodistico.com\/index.php\/category\/politica\/\" rel=\"category tag\">Pol\u00edtica<\/a>","tag_info":"Pol\u00edtica","comment_count":"0","jetpack_featured_media_url":"","_links":{"self":[{"href":"https:\/\/contextoanalisisperiodistico.com\/index.php\/wp-json\/wp\/v2\/posts\/1637"}],"collection":[{"href":"https:\/\/contextoanalisisperiodistico.com\/index.php\/wp-json\/wp\/v2\/posts"}],"about":[{"href":"https:\/\/contextoanalisisperiodistico.com\/index.php\/wp-json\/wp\/v2\/types\/post"}],"author":[{"embeddable":true,"href":"https:\/\/contextoanalisisperiodistico.com\/index.php\/wp-json\/wp\/v2\/users\/2"}],"replies":[{"embeddable":true,"href":"https:\/\/contextoanalisisperiodistico.com\/index.php\/wp-json\/wp\/v2\/comments?post=1637"}],"version-history":[{"count":0,"href":"https:\/\/contextoanalisisperiodistico.com\/index.php\/wp-json\/wp\/v2\/posts\/1637\/revisions"}],"wp:featuredmedia":[{"embeddable":true,"href":"https:\/\/contextoanalisisperiodistico.com\/index.php\/wp-json\/"}],"wp:attachment":[{"href":"https:\/\/contextoanalisisperiodistico.com\/index.php\/wp-json\/wp\/v2\/media?parent=1637"}],"wp:term":[{"taxonomy":"category","embeddable":true,"href":"https:\/\/contextoanalisisperiodistico.com\/index.php\/wp-json\/wp\/v2\/categories?post=1637"},{"taxonomy":"post_tag","embeddable":true,"href":"https:\/\/contextoanalisisperiodistico.com\/index.php\/wp-json\/wp\/v2\/tags?post=1637"}],"curies":[{"name":"wp","href":"https:\/\/api.w.org\/{rel}","templated":true}]}}