{"id":16351,"date":"2023-07-21T22:39:12","date_gmt":"2023-07-22T04:39:12","guid":{"rendered":"https:\/\/contextoanalisisperiodistico.com\/?p=16351"},"modified":"2023-07-21T22:39:22","modified_gmt":"2023-07-22T04:39:22","slug":"vivienda-digna-educacion-y-seguridad-prioridades-atendidas-por-el-gobierno-de-oaxaca-en-san-lorenzo-texmelucan","status":"publish","type":"post","link":"https:\/\/contextoanalisisperiodistico.com\/index.php\/2023\/07\/21\/vivienda-digna-educacion-y-seguridad-prioridades-atendidas-por-el-gobierno-de-oaxaca-en-san-lorenzo-texmelucan\/","title":{"rendered":"Vivienda digna, educaci\u00f3n y seguridad, prioridades atendidas por el Gobierno de Oaxaca en San Lorenzo Texmelucan"},"content":{"rendered":"<div id=\"fb-root\"><\/div>\n\n<p>\u2022 El Mandatario Oaxaque\u00f1o refrend\u00f3 su compromiso con la poblaci\u00f3n de la Sierra Sur para atender las necesidades m\u00e1s apremiantes<\/p>\n\n\n\n<p>\u2022 El Gobierno del Estado destaca la inversi\u00f3n en materia de vivienda, caminos, salud y alimentaci\u00f3n<\/p>\n\n\n\n<p>San Lorenzo Texmelucan, Oax. 21 de julio de 2023.- Con una inversi\u00f3n de 30 millones de pesos, el Gobernador Salom\u00f3n Jara Cruz present\u00f3 a la poblaci\u00f3n de Texmelucan la estrategia Trabajo que Transforma tu Municipio, mediante la cual se destinar\u00e1n recursos para la educaci\u00f3n, la vivienda entre otros rubros.<\/p>\n\n\n\n<p>Ante mujeres y hombres de este municipio de la Sierra Sur dio a conocer una serie de acciones, entre ellas la entrega de una patrulla para fortalecer la seguridad y mobiliario para centros educativos.<\/p>\n\n\n\n<p>El Mandatario Oaxaque\u00f1o dijo que su gobierno se caracteriza por ser cercano a la gente y por ello recorre los municipios de la entidad bajo la premisa de ser un gobierno de territorio, no de escritorio, contrario a los gobernantes anteriores.<\/p>\n\n\n\n<p>\u201cPor eso ahora venimos aqu\u00ed porque pensamos que nuestros pueblos tienen que salir adelante, San Lorenzo Texmelucan no puede seguir siendo un pueblo olvidado, as\u00ed ten\u00edan a Oaxaca los gobernadores anteriores que solo llenaban su bolsillo, no hubo obras, ni trabajo y se olvidaron de los pueblos\u201d, se\u00f1al\u00f3 el Gobernador.<\/p>\n\n\n\n<p>Por ello en cumplimiento al eje de Reparaci\u00f3n Hist\u00f3rica de los Pueblos, el Gobierno del Estado a trav\u00e9s de Vivienda Bienestar invertir\u00e1 un mill\u00f3n 450 mil pesos en acciones de vivienda que contribuyan a brindar mayor seguridad a quienes habitan en las comunidades.<\/p>\n\n\n\n<p>Desde la Secretar\u00eda de Bienestar, Tequio e Inclusi\u00f3n (Sebienti), se acercar\u00e1n a toda la comunidad los servicios que se brindan con las Caravanas Bienestar; tambi\u00e9n se incorporar\u00e1n a jefas de familia en pobreza extrema para recibir un apoyo bimestral de 2 mil pesos mediante la Tarjeta Margarita Maza.<\/p>\n\n\n\n<p>Para la educaci\u00f3n el Instituto Oaxaque\u00f1o Constructor de Infraestructura Educativa (Iocied) entregar\u00e1 a nueve instituciones lotes de mobiliario escolar, as\u00ed como equipos de c\u00f3mputo al Plantel 54 del Colegio de Estudios Cient\u00edficos y Tecnol\u00f3gicos del Estado de Oaxaca (Cecyte), por un monto de 460 mil 98 pesos.<\/p>\n\n\n\n<p>Asimismo, a trav\u00e9s del IEEPO se beneficiar\u00e1n 18 escuelas mediante la dispersi\u00f3n de un mill\u00f3n 300 mil pesos, en material deportiva, escritorios, computadoras, material de limpieza, entre otros insumos.<\/p>\n\n\n\n<p>Los Servicios de Salud de Oaxaca (SSO) destinar\u00e1n un mill\u00f3n 406 mil pesos en apoyos a dos centros de salud; y por parte del Sistema DIF Oaxaca se generar\u00e1n acciones que contribuyan al bienestar de ni\u00f1as, ni\u00f1os, adolescentes y personas adultas mayores con una inversi\u00f3n de 2 millones 106 mil 21 pesos.<\/p>\n\n\n\n<p>La Secretar\u00eda de Fomento Agroalimentario y Desarrollo Rural (Sefader) beneficiar\u00e1 a la comunidad en materia de control de fauna y beneficiar\u00e1 a 149 familias con semillas para la producci\u00f3n de ma\u00edz y frijol, por lo que canalizar\u00e1 recursos por el orden de un mill\u00f3n 62 mil 288 pesos.<\/p>\n\n\n\n<p>En tanto, Caminos Bienestar rehabilitar\u00e1 la carretera a esta localidad con 20 millones 378 mil pesos; aunado a los 17 millones que el Gobierno Estatal ya ha destinado para la obra, por lo que se invertir\u00e1n 37 millones de pesos en este rubro.<\/p>\n\n\n\n<figure class=\"wp-block-image size-large\"><img fetchpriority=\"high\" decoding=\"async\" width=\"1024\" height=\"675\" src=\"https:\/\/contextoanalisisperiodistico.com\/wp-content\/uploads\/2023\/07\/img-20230721-wa01288528452087113853376-1024x675.jpg\" alt=\"\" class=\"wp-image-16353\" srcset=\"https:\/\/contextoanalisisperiodistico.com\/wp-content\/uploads\/2023\/07\/img-20230721-wa01288528452087113853376-1024x675.jpg 1024w, https:\/\/contextoanalisisperiodistico.com\/wp-content\/uploads\/2023\/07\/img-20230721-wa01288528452087113853376-300x198.jpg 300w, https:\/\/contextoanalisisperiodistico.com\/wp-content\/uploads\/2023\/07\/img-20230721-wa01288528452087113853376-768x506.jpg 768w, https:\/\/contextoanalisisperiodistico.com\/wp-content\/uploads\/2023\/07\/img-20230721-wa01288528452087113853376.jpg 1281w\" sizes=\"(max-width: 1024px) 100vw, 1024px\" \/><\/figure>\n\n\n\n<figure class=\"wp-block-image\"><img decoding=\"async\" width=\"1024\" height=\"682\" src=\"https:\/\/contextoanalisisperiodistico.com\/wp-content\/uploads\/2023\/07\/img-20230721-wa01294573408782182122250-1024x682.jpg\" alt=\"\" class=\"wp-image-16354\" srcset=\"https:\/\/contextoanalisisperiodistico.com\/wp-content\/uploads\/2023\/07\/img-20230721-wa01294573408782182122250-1024x682.jpg 1024w, https:\/\/contextoanalisisperiodistico.com\/wp-content\/uploads\/2023\/07\/img-20230721-wa01294573408782182122250-300x200.jpg 300w, https:\/\/contextoanalisisperiodistico.com\/wp-content\/uploads\/2023\/07\/img-20230721-wa01294573408782182122250-768x512.jpg 768w, https:\/\/contextoanalisisperiodistico.com\/wp-content\/uploads\/2023\/07\/img-20230721-wa01294573408782182122250-1536x1023.jpg 1536w, https:\/\/contextoanalisisperiodistico.com\/wp-content\/uploads\/2023\/07\/img-20230721-wa01294573408782182122250.jpg 1600w\" sizes=\"(max-width: 1024px) 100vw, 1024px\" \/><\/figure>\n","protected":false},"excerpt":{"rendered":"<p>\u2022 El Mandatario Oaxaque\u00f1o refrend\u00f3 su compromiso con la poblaci\u00f3n de la Sierra Sur para&#8230;<\/p>\n","protected":false},"author":4,"featured_media":16352,"comment_status":"closed","ping_status":"open","sticky":false,"template":"","format":"standard","meta":{"footnotes":""},"categories":[9],"tags":[],"jetpack_sharing_enabled":true,"featured_image_urls":{"full":["https:\/\/contextoanalisisperiodistico.com\/wp-content\/uploads\/2023\/07\/IMG-20230721-WA0130.jpg",1600,1066,false],"thumbnail":["https:\/\/contextoanalisisperiodistico.com\/wp-content\/uploads\/2023\/07\/IMG-20230721-WA0130-150x150.jpg",150,150,true],"medium":["https:\/\/contextoanalisisperiodistico.com\/wp-content\/uploads\/2023\/07\/IMG-20230721-WA0130-300x200.jpg",300,200,true],"medium_large":["https:\/\/contextoanalisisperiodistico.com\/wp-content\/uploads\/2023\/07\/IMG-20230721-WA0130-768x512.jpg",640,427,true],"large":["https:\/\/contextoanalisisperiodistico.com\/wp-content\/uploads\/2023\/07\/IMG-20230721-WA0130-1024x682.jpg",640,426,true],"1536x1536":["https:\/\/contextoanalisisperiodistico.com\/wp-content\/uploads\/2023\/07\/IMG-20230721-WA0130-1536x1023.jpg",1536,1023,true],"2048x2048":["https:\/\/contextoanalisisperiodistico.com\/wp-content\/uploads\/2023\/07\/IMG-20230721-WA0130.jpg",1600,1066,false],"covernews-slider-full":["https:\/\/contextoanalisisperiodistico.com\/wp-content\/uploads\/2023\/07\/IMG-20230721-WA0130-1115x715.jpg",1115,715,true],"covernews-slider-center":["https:\/\/contextoanalisisperiodistico.com\/wp-content\/uploads\/2023\/07\/IMG-20230721-WA0130-800x500.jpg",800,500,true],"covernews-featured":["https:\/\/contextoanalisisperiodistico.com\/wp-content\/uploads\/2023\/07\/IMG-20230721-WA0130-1024x682.jpg",1024,682,true],"covernews-medium":["https:\/\/contextoanalisisperiodistico.com\/wp-content\/uploads\/2023\/07\/IMG-20230721-WA0130-540x340.jpg",540,340,true],"covernews-medium-square":["https:\/\/contextoanalisisperiodistico.com\/wp-content\/uploads\/2023\/07\/IMG-20230721-WA0130-400x250.jpg",400,250,true]},"author_info":{"display_name":"Mario Gir\u00f3n","author_link":"https:\/\/contextoanalisisperiodistico.com\/index.php\/author\/director\/"},"category_info":"<a href=\"https:\/\/contextoanalisisperiodistico.com\/index.php\/category\/politica\/\" rel=\"category tag\">Pol\u00edtica<\/a>","tag_info":"Pol\u00edtica","comment_count":"0","jetpack_featured_media_url":"https:\/\/contextoanalisisperiodistico.com\/wp-content\/uploads\/2023\/07\/IMG-20230721-WA0130.jpg","_links":{"self":[{"href":"https:\/\/contextoanalisisperiodistico.com\/index.php\/wp-json\/wp\/v2\/posts\/16351"}],"collection":[{"href":"https:\/\/contextoanalisisperiodistico.com\/index.php\/wp-json\/wp\/v2\/posts"}],"about":[{"href":"https:\/\/contextoanalisisperiodistico.com\/index.php\/wp-json\/wp\/v2\/types\/post"}],"author":[{"embeddable":true,"href":"https:\/\/contextoanalisisperiodistico.com\/index.php\/wp-json\/wp\/v2\/users\/4"}],"replies":[{"embeddable":true,"href":"https:\/\/contextoanalisisperiodistico.com\/index.php\/wp-json\/wp\/v2\/comments?post=16351"}],"version-history":[{"count":1,"href":"https:\/\/contextoanalisisperiodistico.com\/index.php\/wp-json\/wp\/v2\/posts\/16351\/revisions"}],"predecessor-version":[{"id":16355,"href":"https:\/\/contextoanalisisperiodistico.com\/index.php\/wp-json\/wp\/v2\/posts\/16351\/revisions\/16355"}],"wp:featuredmedia":[{"embeddable":true,"href":"https:\/\/contextoanalisisperiodistico.com\/index.php\/wp-json\/wp\/v2\/media\/16352"}],"wp:attachment":[{"href":"https:\/\/contextoanalisisperiodistico.com\/index.php\/wp-json\/wp\/v2\/media?parent=16351"}],"wp:term":[{"taxonomy":"category","embeddable":true,"href":"https:\/\/contextoanalisisperiodistico.com\/index.php\/wp-json\/wp\/v2\/categories?post=16351"},{"taxonomy":"post_tag","embeddable":true,"href":"https:\/\/contextoanalisisperiodistico.com\/index.php\/wp-json\/wp\/v2\/tags?post=16351"}],"curies":[{"name":"wp","href":"https:\/\/api.w.org\/{rel}","templated":true}]}}