{"id":1635,"date":"2022-03-26T12:42:38","date_gmt":"2022-03-26T18:42:38","guid":{"rendered":"http:\/\/contextoanalisisperiodistico.com.mx\/2022\/03\/26\/gloria-sanchezla-colonia-los-pinos-dice-si-a-la-ratificacion-de-mandato-de-amlo\/"},"modified":"2022-03-26T12:42:38","modified_gmt":"2022-03-26T18:42:38","slug":"gloria-sanchezla-colonia-los-pinos-dice-si-a-la-ratificacion-de-mandato-de-amlo","status":"publish","type":"post","link":"https:\/\/contextoanalisisperiodistico.com\/index.php\/2022\/03\/26\/gloria-sanchezla-colonia-los-pinos-dice-si-a-la-ratificacion-de-mandato-de-amlo\/","title":{"rendered":"Gloria S\u00e1nchez:\u00bbLa Colonia Los Pinos dice SI a la ratificaci\u00f3n de mandato de AMLO\u00bb"},"content":{"rendered":"<div id=\"fb-root\"><\/div>\n\n<p>Con las mujeres y los hombres de la colonia \u00abLos Pinos\u00bb acordamos la tarde de este viernes seguir trabajando en unidad, para atender las justas demandas de las familias del lugar.<\/p>\n\n\n\n<p>Durante la reuni\u00f3n informativa, convoqu\u00e9 a los colonos a participar y respaldar este 10 de abril al licenciado Andr\u00e9s Manuel L\u00f3pez Obrador con la ratificaci\u00f3n de mandato como presidente de M\u00e9xico, quienes afirmaron que con gusto participar\u00e1n en dicho ejercicio para que contin\u00fae la transformaci\u00f3n del pa\u00eds.<\/p>\n\n\n\n<p>#GloriaS\u00e1nchez<br \/>#QueSigaAMLO<br \/>#FDD-COCEI<\/p>\n\n\n\n<figure class=\"wp-block-image size-large\"><img decoding=\"async\" src=\"https:\/\/contextoinformacionyanalisisperiodistico.files.wordpress.com\/2022\/03\/img-20220326-wa0010.jpg?w=1024\" alt=\"\" class=\"wp-image-1633\" \/><\/figure>\n\n\n\n<figure class=\"wp-block-image\"><img decoding=\"async\" src=\"https:\/\/contextoinformacionyanalisisperiodistico.files.wordpress.com\/2022\/03\/img-20220326-wa0008.jpg\" alt=\"\" class=\"wp-image-1634\"><\/figure>\n","protected":false},"excerpt":{"rendered":"<p>Con las mujeres y los hombres de la colonia \u00abLos Pinos\u00bb acordamos la tarde de&#8230;<\/p>\n","protected":false},"author":2,"featured_media":1632,"comment_status":"open","ping_status":"open","sticky":false,"template":"","format":"standard","meta":{"footnotes":""},"categories":[7,9],"tags":[],"jetpack_sharing_enabled":true,"featured_image_urls":{"full":"","thumbnail":"","medium":"","medium_large":"","large":"","1536x1536":"","2048x2048":"","covernews-slider-full":"","covernews-slider-center":"","covernews-featured":"","covernews-medium":"","covernews-medium-square":""},"author_info":{"display_name":"Miguel","author_link":"https:\/\/contextoanalisisperiodistico.com\/index.php\/author\/editor\/"},"category_info":"<a href=\"https:\/\/contextoanalisisperiodistico.com\/index.php\/category\/municipios\/\" rel=\"category tag\">Municipios<\/a> <a href=\"https:\/\/contextoanalisisperiodistico.com\/index.php\/category\/politica\/\" rel=\"category tag\">Pol\u00edtica<\/a>","tag_info":"Pol\u00edtica","comment_count":"0","jetpack_featured_media_url":"","_links":{"self":[{"href":"https:\/\/contextoanalisisperiodistico.com\/index.php\/wp-json\/wp\/v2\/posts\/1635"}],"collection":[{"href":"https:\/\/contextoanalisisperiodistico.com\/index.php\/wp-json\/wp\/v2\/posts"}],"about":[{"href":"https:\/\/contextoanalisisperiodistico.com\/index.php\/wp-json\/wp\/v2\/types\/post"}],"author":[{"embeddable":true,"href":"https:\/\/contextoanalisisperiodistico.com\/index.php\/wp-json\/wp\/v2\/users\/2"}],"replies":[{"embeddable":true,"href":"https:\/\/contextoanalisisperiodistico.com\/index.php\/wp-json\/wp\/v2\/comments?post=1635"}],"version-history":[{"count":0,"href":"https:\/\/contextoanalisisperiodistico.com\/index.php\/wp-json\/wp\/v2\/posts\/1635\/revisions"}],"wp:featuredmedia":[{"embeddable":true,"href":"https:\/\/contextoanalisisperiodistico.com\/index.php\/wp-json\/"}],"wp:attachment":[{"href":"https:\/\/contextoanalisisperiodistico.com\/index.php\/wp-json\/wp\/v2\/media?parent=1635"}],"wp:term":[{"taxonomy":"category","embeddable":true,"href":"https:\/\/contextoanalisisperiodistico.com\/index.php\/wp-json\/wp\/v2\/categories?post=1635"},{"taxonomy":"post_tag","embeddable":true,"href":"https:\/\/contextoanalisisperiodistico.com\/index.php\/wp-json\/wp\/v2\/tags?post=1635"}],"curies":[{"name":"wp","href":"https:\/\/api.w.org\/{rel}","templated":true}]}}