{"id":16347,"date":"2023-07-21T19:57:36","date_gmt":"2023-07-22T01:57:36","guid":{"rendered":"https:\/\/contextoanalisisperiodistico.com\/index.php\/2023\/07\/21\/con-programas-sociales-se-trabaja-en-mejorar-indices-de-desarrollo-de-las-comunidades-en-sierra-sur-laura-estrada\/"},"modified":"2023-07-21T19:57:36","modified_gmt":"2023-07-22T01:57:36","slug":"con-programas-sociales-se-trabaja-en-mejorar-indices-de-desarrollo-de-las-comunidades-en-sierra-sur-laura-estrada","status":"publish","type":"post","link":"https:\/\/contextoanalisisperiodistico.com\/index.php\/2023\/07\/21\/con-programas-sociales-se-trabaja-en-mejorar-indices-de-desarrollo-de-las-comunidades-en-sierra-sur-laura-estrada\/","title":{"rendered":"Con programas sociales se trabaja en mejorar \u00edndices de desarrollo de las comunidades en Sierra Sur: Laura Estrada"},"content":{"rendered":"<div id=\"fb-root\"><\/div>\n\n<p>Durante la gira de trabajo que realiz\u00f3 el gobernador, Salom\u00f3n Jara Cruz, por comunidades de la Sierra Sur acompa\u00f1ado de las y los integrantes de su Gabinete, <em>la titular de la Secretar\u00eda de Bienestar, Tequio e Inclusi\u00f3n, Laura Estrada Mauro<\/em> dio a conocer los programas sociales a impulsar en esta zona mejorar\u00e1n los indices de desarrollo de las familias.<\/p>\n\n\n\n<p>Las comunidades que visit\u00f3 la secretaria Laura Estrada junto con el Mandatario Estatal fueron Santa Cruz Zenzontepec, San Jacinto Tlacotepec y Santo Domingo Teojomulco, para dar a conocer las estrategias denominadas: \u201c100 Municipios Territorios Bienestar\u201d y \u201cTrabajo que Transforma tu Municipio\u201d.<\/p>\n\n\n\n<p>En su mensaje de intervenci\u00f3n, Laura Estrada inform\u00f3 a la poblaci\u00f3n de cada localidad que como parte del eje de Reparaci\u00f3n Hist\u00f3rica de los Pueblos se impulsan diversas acciones y programas sociales con el firme prop\u00f3sito de generar bienestar en los grupos prioritarios como las mujeres jefas de familia.<\/p>\n\n\n\n<p>Puntualiz\u00f3 que es por ello que mediante la Tarjeta \u201cMargarita Maza\u201d y las Caravanas Bienestar de manera coordinada trabajar\u00e1n con las autoridades municipales para hacer posible estos programas y mejorar las condiciones de vida de las y los habitantes.<\/p>\n\n\n\n<figure class=\"wp-block-image size-large\"><img fetchpriority=\"high\" decoding=\"async\" width=\"836\" height=\"720\" src=\"https:\/\/contextoanalisisperiodistico.com\/wp-content\/uploads\/2023\/07\/img-20230721-wa01167616123632279964777.jpg\" alt=\"\" class=\"wp-image-16346\" srcset=\"https:\/\/contextoanalisisperiodistico.com\/wp-content\/uploads\/2023\/07\/img-20230721-wa01167616123632279964777.jpg 836w, https:\/\/contextoanalisisperiodistico.com\/wp-content\/uploads\/2023\/07\/img-20230721-wa01167616123632279964777-300x258.jpg 300w, https:\/\/contextoanalisisperiodistico.com\/wp-content\/uploads\/2023\/07\/img-20230721-wa01167616123632279964777-768x661.jpg 768w\" sizes=\"(max-width: 836px) 100vw, 836px\" \/><\/figure>\n","protected":false},"excerpt":{"rendered":"<p>Durante la gira de trabajo que realiz\u00f3 el gobernador, Salom\u00f3n Jara Cruz, por comunidades de&#8230;<\/p>\n","protected":false},"author":4,"featured_media":16345,"comment_status":"","ping_status":"open","sticky":false,"template":"","format":"standard","meta":{"footnotes":""},"categories":[9],"tags":[],"jetpack_sharing_enabled":true,"featured_image_urls":{"full":["https:\/\/contextoanalisisperiodistico.com\/wp-content\/uploads\/2023\/07\/IMG-20230721-WA0117.jpg",1280,720,false],"thumbnail":["https:\/\/contextoanalisisperiodistico.com\/wp-content\/uploads\/2023\/07\/IMG-20230721-WA0117-150x150.jpg",150,150,true],"medium":["https:\/\/contextoanalisisperiodistico.com\/wp-content\/uploads\/2023\/07\/IMG-20230721-WA0117-300x169.jpg",300,169,true],"medium_large":["https:\/\/contextoanalisisperiodistico.com\/wp-content\/uploads\/2023\/07\/IMG-20230721-WA0117-768x432.jpg",640,360,true],"large":["https:\/\/contextoanalisisperiodistico.com\/wp-content\/uploads\/2023\/07\/IMG-20230721-WA0117-1024x576.jpg",640,360,true],"1536x1536":["https:\/\/contextoanalisisperiodistico.com\/wp-content\/uploads\/2023\/07\/IMG-20230721-WA0117.jpg",1280,720,false],"2048x2048":["https:\/\/contextoanalisisperiodistico.com\/wp-content\/uploads\/2023\/07\/IMG-20230721-WA0117.jpg",1280,720,false],"covernews-slider-full":["https:\/\/contextoanalisisperiodistico.com\/wp-content\/uploads\/2023\/07\/IMG-20230721-WA0117-1115x715.jpg",1115,715,true],"covernews-slider-center":["https:\/\/contextoanalisisperiodistico.com\/wp-content\/uploads\/2023\/07\/IMG-20230721-WA0117-800x500.jpg",800,500,true],"covernews-featured":["https:\/\/contextoanalisisperiodistico.com\/wp-content\/uploads\/2023\/07\/IMG-20230721-WA0117-1024x576.jpg",1024,576,true],"covernews-medium":["https:\/\/contextoanalisisperiodistico.com\/wp-content\/uploads\/2023\/07\/IMG-20230721-WA0117-540x340.jpg",540,340,true],"covernews-medium-square":["https:\/\/contextoanalisisperiodistico.com\/wp-content\/uploads\/2023\/07\/IMG-20230721-WA0117-400x250.jpg",400,250,true]},"author_info":{"display_name":"Mario Gir\u00f3n","author_link":"https:\/\/contextoanalisisperiodistico.com\/index.php\/author\/director\/"},"category_info":"<a href=\"https:\/\/contextoanalisisperiodistico.com\/index.php\/category\/politica\/\" rel=\"category tag\">Pol\u00edtica<\/a>","tag_info":"Pol\u00edtica","comment_count":"0","jetpack_featured_media_url":"https:\/\/contextoanalisisperiodistico.com\/wp-content\/uploads\/2023\/07\/IMG-20230721-WA0117.jpg","_links":{"self":[{"href":"https:\/\/contextoanalisisperiodistico.com\/index.php\/wp-json\/wp\/v2\/posts\/16347"}],"collection":[{"href":"https:\/\/contextoanalisisperiodistico.com\/index.php\/wp-json\/wp\/v2\/posts"}],"about":[{"href":"https:\/\/contextoanalisisperiodistico.com\/index.php\/wp-json\/wp\/v2\/types\/post"}],"author":[{"embeddable":true,"href":"https:\/\/contextoanalisisperiodistico.com\/index.php\/wp-json\/wp\/v2\/users\/4"}],"replies":[{"embeddable":true,"href":"https:\/\/contextoanalisisperiodistico.com\/index.php\/wp-json\/wp\/v2\/comments?post=16347"}],"version-history":[{"count":0,"href":"https:\/\/contextoanalisisperiodistico.com\/index.php\/wp-json\/wp\/v2\/posts\/16347\/revisions"}],"wp:featuredmedia":[{"embeddable":true,"href":"https:\/\/contextoanalisisperiodistico.com\/index.php\/wp-json\/wp\/v2\/media\/16345"}],"wp:attachment":[{"href":"https:\/\/contextoanalisisperiodistico.com\/index.php\/wp-json\/wp\/v2\/media?parent=16347"}],"wp:term":[{"taxonomy":"category","embeddable":true,"href":"https:\/\/contextoanalisisperiodistico.com\/index.php\/wp-json\/wp\/v2\/categories?post=16347"},{"taxonomy":"post_tag","embeddable":true,"href":"https:\/\/contextoanalisisperiodistico.com\/index.php\/wp-json\/wp\/v2\/tags?post=16347"}],"curies":[{"name":"wp","href":"https:\/\/api.w.org\/{rel}","templated":true}]}}