{"id":16330,"date":"2023-07-21T17:55:06","date_gmt":"2023-07-21T23:55:06","guid":{"rendered":"https:\/\/contextoanalisisperiodistico.com\/?p=16330"},"modified":"2023-07-21T17:55:27","modified_gmt":"2023-07-21T23:55:27","slug":"exitosos-programas-en-guelaguetza-2023-crece-la-afluencia-de-visitantes","status":"publish","type":"post","link":"https:\/\/contextoanalisisperiodistico.com\/index.php\/2023\/07\/21\/exitosos-programas-en-guelaguetza-2023-crece-la-afluencia-de-visitantes\/","title":{"rendered":"Exitosos programas en Guelaguetza 2023; crece la afluencia de visitantes"},"content":{"rendered":"<div id=\"fb-root\"><\/div>\n\n<p>\u2022 Se han logrado resultados positivos en materia a asistencia a las presentaciones de las Delegaciones en la Alameda de Le\u00f3n, ocupaci\u00f3n hotelera y flujo de visitantes, as\u00ed como llenos totales en el Auditorio Guelaguetza<\/p>\n\n\n\n<p>\u2022 La m\u00e1xima fiesta de Oaxaca ha rebasado las expectativas gracias a la inclusi\u00f3n de las 16 etnias y el pueblo afromexicano, al retomar su origen popular y la revaloraci\u00f3n de las culturas<\/p>\n\n\n\n<p>Oaxaca de Ju\u00e1rez, Oax. 21 de julio de 2023.- La Guelaguetza 2023 ha rebasado las expectativas en afluencia de visitantes, asistencia a actividades culturales, art\u00edsticas, danc\u00edsticas, musicales, gastron\u00f3micas y artesanales, y se espera superar en un 30 por ciento la derrama econ\u00f3mica estimada en 432 millones de pesos, gracias a la inclusi\u00f3n de las 16 etnias y el pueblo afromexicano, al retomar su origen popular, informaron titulares de cinco secretarias del Gobierno del Estado.<\/p>\n\n\n\n<p>La secretaria de Turismo de Oaxaca Saymi Pineda Velasco inform\u00f3 en conferencia de prensa que la Ciudad de Oaxaca registr\u00f3 un incremento en el indicador de la ocupaci\u00f3n hotelera, el cual cerr\u00f3 este jueves en 50.02 por ciento y se espera superar el 82 por ciento proyectado.<\/p>\n\n\n\n<p>Dijo que se rompi\u00f3 el r\u00e9cord con m\u00e1s de seis mil pasajeros en un d\u00eda en el Aeropuerto Internacional de Oaxaca por la Guelaguetza, y se esperan m\u00e1s de 127 mil visitantes en julio con una derrama econ\u00f3mica de 432 millones de pesos, cifra que se calcula superar en un 30 por ciento por que \u201clas noticias en materia de conectividad son muy buenas\u201d con los nuevos vuelos de El Baj\u00edo y Monterrey.<\/p>\n\n\n\n<p>La ocupaci\u00f3n hotelera fue de 85 por ciento en el fin de semana previo a la M\u00e1xima Fiesta de las y los oaxaque\u00f1os y la derrama econ\u00f3mica de m\u00e1s 99 millones de pesos.<\/p>\n\n\n\n<p>Explic\u00f3 que los Convites son una parte esencial de las tradiciones en Oaxaca y son el pre\u00e1mbulo de las fiestas de la Guelaguetza que invitan a la gente a prepararse para esta celebraci\u00f3n, y el Desfile de Delegaciones ha tenido una asistencia multitudinaria de personas que han disfrutado de estas festividades en un marco de tranquilidad, seguridad y paz social.<\/p>\n\n\n\n<p>Pineda Velasco se\u00f1al\u00f3 que el Gobierno de Salom\u00f3n Jara Cruz instruy\u00f3 realizar una Guelaguetza diferente, en la que se compartiera la grandeza de Oaxaca con el mundo, pero a su vez, reconocer la identidad, multiculturalidad y autodeterminaci\u00f3n de los pueblos y comunidades ind\u00edgenas y afromexicanas; y es por ello que el objetivo es dignificarlos e incluirlos a todos.<\/p>\n\n\n\n<p>Este s\u00e1bado 22 de julio el Desfile de Delegaciones partir\u00e1 de la Fuente de las Ocho Regiones en punto de las 18:00 horas, pasar\u00e1 por la Calzada Porfirio D\u00edaz y Avenida Ju\u00e1rez, recorrer\u00e1 Abasolo hasta la calle Alcal\u00e1, doblar\u00e1 en Morelos y seguir\u00e1 por Garc\u00eda Vigil para finalizar en la Alameda de Le\u00f3n.<\/p>\n\n\n\n<p>El contingente estar\u00e1 conformado por bailarines y m\u00fasicos de 30 delegaciones y en la Alameda de Le\u00f3n se tendr\u00e1 un espect\u00e1culo de pirotecnia y m\u00fasica con grupo de la Costa oaxaque\u00f1a.<\/p>\n\n\n\n<p>Pineda Velasco expuso que se reforzar\u00e1n las medidas de seguridad con operativos en la capital del estado y se mejorar\u00e1 la atenci\u00f3n a las y los integrantes de las delegaciones participantes, para ello se verifica que los restaurantes y hoteles donde se alimentan y hospedan cumplan con todas las condiciones necesarias, toda vez que en la primera edici\u00f3n de la Guelaguetza se hospedaron a 907 personas de 25 delegaciones participantes.<\/p>\n\n\n\n<p>En esta celebraci\u00f3n, indic\u00f3, se ha presentado un ambiente de fiesta y alegr\u00eda con visitantes y la poblaci\u00f3n, as\u00ed como una importante derrama econ\u00f3mica que beneficia a grandes, medianos y peque\u00f1os negocios, as\u00ed como a miles de familias de comerciantes minoritarios que laboran en la capital del estado.<\/p>\n\n\n\n<p>17 mil personas han asistido a actividades culturales: Seculta<\/p>\n\n\n\n<p>En su oportunidad, el titular de la Secretar\u00eda de las Culturas y Artes de Oaxaca (Seculta) V\u00edctor Cata destac\u00f3 que se han realizado del 2 al 20 de julio, 44 actividades de las 116 contempladas.<\/p>\n\n\n\n<p>Conciertos de la Marimba del Estado, Orquesta Sinf\u00f3nica de Oaxaca, Banda de M\u00fasica del Estado, Compa\u00f1\u00eda de Danza Costumbrista y Compa\u00f1\u00eda de Danza Contempor\u00e1nea, espect\u00e1culos danc\u00edsticos, multidisciplinarios y musicales, demostraciones gastron\u00f3micas, lecturas po\u00e9ticas en lenguas ind\u00edgenas, encuentro de raperos en lenguas ind\u00edgenas, son algunas.<\/p>\n\n\n\n<p>Estas actividades han impactado a m\u00e1s de 17 mil personas, principalmente visitantes del interior del estado en la Plaza de la Danza, Museo de los Pintores Oaxaque\u00f1os, Z\u00f3calo, Real Alh\u00f3ndiga, Teatro Macedonio Alcal\u00e1 y Feria Internacional del Mezcal.<\/p>\n\n\n\n<p>Tambi\u00e9n se realiz\u00f3 la serie audiovisual Las lenguas de la Guelaguetza, con 17 capsulas de videos en chatino, tacuate, amuzgo, ombeyi\u00fcts, mixteco, chontal, chocholteco, triqui, zoque, cuicateco, nahuatl, mazateco, zapoteco, mixe e ixcateco que se transmiten por Cortv, p\u00e1ginas oficiales del gobierno y redes sociales de Seculta.<\/p>\n\n\n\n<p>Se inform\u00f3 que se agotaron los boletos gratuitos para el concierto de Margarita Diosa de la Cumbia, el cual se llevar\u00e1 a cabo el d\u00eda 27 de julio a las 20:00 horas y el concierto de Siddartha el 28 de julio a las 21:00 horas, para este \u00faltimo, la entrega de boletos iniciar\u00e1 el d\u00eda s\u00e1bado 22 de julio en las oficinas de la Seculta ubicadas en Tercera Privada de Pinos 105 en la Colonia Reforma.<\/p>\n\n\n\n<p>Tambi\u00e9n se realiz\u00f3 el Espect\u00e1culo Multidisciplinario Oaxaquen\u00edsimas en el Teatro Macedonio Alcal\u00e1 con las artistas Silvia Mar\u00eda, Mar\u00eda Reyna, Natalia Cruz, Lorena Vera y Ana D\u00edaz.<\/p>\n\n\n\n<p>V\u00edctor Cata expres\u00f3 que desde el lunes se inici\u00f3 el programa Libros por Oaxaca, para el intercambio de obras infantiles y juveniles por boletos para el concierto de Siddartha y el concierto de Margarita Diosa de la Cumbia de las secciones A y B.<\/p>\n\n\n\n<p>Feria del Mezcal registra m\u00e1s de 60 mil asistentes<\/p>\n\n\n\n<p>El secretario de Desarrollo Econ\u00f3mico (Sedeco) Ra\u00fal Ruiz Robles inform\u00f3 que a la fecha se ha registrado una afluencia superior a los 60 mil asistentes a la Feria Internacional del Mezcal 2023, 11 mil 598 m\u00e1s que en 2022, y se han realizado 13 conferencias con m\u00e1s de 400 participantes presenciales, las que han generado m\u00e1s de 68 mil 841 reproducciones en Facebook.<\/p>\n\n\n\n<p>Asimismo, se han presentado 23 actividades art\u00edstica con 284 m\u00fasicos, 40 pintoras y pintores, y la delegaci\u00f3n de la Danza de la Pluma, mientras que en las Mesas de Negocios del 18 al 22 de julio se han realizado 96 encuentros con 10 compradores, 3 proveedores de servicios y se han atendido a 95 marcas.<\/p>\n\n\n\n<p>Este 21 de julio en el marco del D\u00eda del Magueyero tuvo lugar la Premiaci\u00f3n de La pi\u00f1a m\u00e1s pesada, con la que se reconoce el arduo trabajo de mujeres y hombres productores de maguey en el estado.<\/p>\n\n\n\n<p>Gran afluencia de visitantes a las Expresiones Art\u00edsticas<\/p>\n\n\n\n<p>La secretaria de Interculturalidad, Pueblos y Comunidades Ind\u00edgenas y Afromexicanas Berta Ruth Arreola Ruiz, se\u00f1al\u00f3 que las Expresiones Art\u00edsticas y Culturales en la Alameda de Le\u00f3n han sido un gran \u00e9xito de asistencia.<\/p>\n\n\n\n<p>Dijo que este viernes se continuar\u00e1 con la presentaci\u00f3n de cinco delegaciones: de Valles Centrales zapotecos de San Sebasti\u00e1n Tutla con la Rendida de Culto y Calenda de Flores; de Valles Centrales zapotecas de Ejutla de Crespo con Jarabe Ejuteco; del Istmo se presentan de la cultura zapoteca de El Espinal, con Saa Sti Neza Gueete; de la Sierra Sur chontales de San Carlos Yautepec con el Fandango y Jarabe Carle\u00f1o, y de la Costa los chatinos de San Juan Lachao con Entrego de ropa, Baile del Guajolote, Sones y Chilenas.<\/p>\n\n\n\n<p>M\u00e1s de 37 mil personas beneficiadas con transporte p\u00fablico<\/p>\n\n\n\n<p>La secretaria de Movilidad (Semovi) Claudina de Gyves Mendoza inform\u00f3 que 37 mil 577 personas se han beneficiado del transporte gratuito y accesible ofertado por las Rutas Guelaguetza.<\/p>\n\n\n\n<p>Destac\u00f3 que 7 mil 306 personas fueron transportadas al Auditorio Guelaguetza el primer Lunes del Cerro, lo que representa un 33 por ciento de los asistentes.<\/p>\n\n\n\n<p>Adem\u00e1s, se han transportado 30 mil 271 asistentes al Centro Cultural y de Convenciones de Oaxaca para la Feria Internacional del Mezcal y la Feria de las Artesan\u00edas, lo que representan un 51 por ciento de asistentes en transporte p\u00fablico del viernes 14 al mi\u00e9rcoles 19 de julio.<\/p>\n\n\n\n<p>Destac\u00f3 que asistieron m\u00e1s de 40 personas con alg\u00fan tipo de discapacidad motriz, visual o auditiva, que fueron atendidas por personal del Sistema para el Desarrollo Integral de la Familia (DIF Oaxaca) de las cuales 22 usaron el transporte Rutas Guelaguetza.<\/p>\n\n\n\n<p>Dijo que el Sistema de Transporte Colectivo Metropolitano CityBus Oaxaca contempla 10 servicios de transporte gratuito, cinco rutas al primer Lunes de Cerro, cinco rutas al CCCO para la Feria del Mezcal y Feria de las artesan\u00edas con 25 unidades de transporte con la imagen Guelaguetza 2023 que tiene una capacidad de 35 pasajeros y elevador para personas con discapacidad.<\/p>\n\n\n\n<p>Adem\u00e1s, se prestar\u00e1 el servicio para los conciertos de Juli\u00f3n \u00c1lvarez, Margarita la Diosa de la Cumbia y Siddartha al Auditorio Guelaguetza.<\/p>\n\n\n\n<figure class=\"wp-block-image size-large\"><img fetchpriority=\"high\" decoding=\"async\" width=\"1024\" height=\"682\" src=\"https:\/\/contextoanalisisperiodistico.com\/wp-content\/uploads\/2023\/07\/img-20230721-wa00957647007662075165898-1024x682.jpg\" alt=\"\" class=\"wp-image-16332\" srcset=\"https:\/\/contextoanalisisperiodistico.com\/wp-content\/uploads\/2023\/07\/img-20230721-wa00957647007662075165898-1024x682.jpg 1024w, https:\/\/contextoanalisisperiodistico.com\/wp-content\/uploads\/2023\/07\/img-20230721-wa00957647007662075165898-300x200.jpg 300w, https:\/\/contextoanalisisperiodistico.com\/wp-content\/uploads\/2023\/07\/img-20230721-wa00957647007662075165898-768x512.jpg 768w, https:\/\/contextoanalisisperiodistico.com\/wp-content\/uploads\/2023\/07\/img-20230721-wa00957647007662075165898-1536x1023.jpg 1536w, https:\/\/contextoanalisisperiodistico.com\/wp-content\/uploads\/2023\/07\/img-20230721-wa00957647007662075165898.jpg 1600w\" sizes=\"(max-width: 1024px) 100vw, 1024px\" \/><\/figure>\n\n\n\n<figure class=\"wp-block-image\"><img decoding=\"async\" width=\"1024\" height=\"682\" src=\"https:\/\/contextoanalisisperiodistico.com\/wp-content\/uploads\/2023\/07\/img-20230721-wa0096923070272410809996-1024x682.jpg\" alt=\"\" class=\"wp-image-16333\" srcset=\"https:\/\/contextoanalisisperiodistico.com\/wp-content\/uploads\/2023\/07\/img-20230721-wa0096923070272410809996-1024x682.jpg 1024w, https:\/\/contextoanalisisperiodistico.com\/wp-content\/uploads\/2023\/07\/img-20230721-wa0096923070272410809996-300x200.jpg 300w, https:\/\/contextoanalisisperiodistico.com\/wp-content\/uploads\/2023\/07\/img-20230721-wa0096923070272410809996-768x512.jpg 768w, https:\/\/contextoanalisisperiodistico.com\/wp-content\/uploads\/2023\/07\/img-20230721-wa0096923070272410809996-1536x1023.jpg 1536w, https:\/\/contextoanalisisperiodistico.com\/wp-content\/uploads\/2023\/07\/img-20230721-wa0096923070272410809996.jpg 1600w\" sizes=\"(max-width: 1024px) 100vw, 1024px\" \/><\/figure>\n\n\n\n<figure class=\"wp-block-image\"><img decoding=\"async\" width=\"1024\" height=\"682\" src=\"https:\/\/contextoanalisisperiodistico.com\/wp-content\/uploads\/2023\/07\/img-20230721-wa00989058469675080870691-1024x682.jpg\" alt=\"\" class=\"wp-image-16334\" srcset=\"https:\/\/contextoanalisisperiodistico.com\/wp-content\/uploads\/2023\/07\/img-20230721-wa00989058469675080870691-1024x682.jpg 1024w, https:\/\/contextoanalisisperiodistico.com\/wp-content\/uploads\/2023\/07\/img-20230721-wa00989058469675080870691-300x200.jpg 300w, https:\/\/contextoanalisisperiodistico.com\/wp-content\/uploads\/2023\/07\/img-20230721-wa00989058469675080870691-768x512.jpg 768w, https:\/\/contextoanalisisperiodistico.com\/wp-content\/uploads\/2023\/07\/img-20230721-wa00989058469675080870691-1536x1023.jpg 1536w, https:\/\/contextoanalisisperiodistico.com\/wp-content\/uploads\/2023\/07\/img-20230721-wa00989058469675080870691.jpg 1600w\" sizes=\"(max-width: 1024px) 100vw, 1024px\" \/><\/figure>\n","protected":false},"excerpt":{"rendered":"<p>\u2022 Se han logrado resultados positivos en materia a asistencia a las presentaciones de las&#8230;<\/p>\n","protected":false},"author":4,"featured_media":16331,"comment_status":"closed","ping_status":"open","sticky":false,"template":"","format":"standard","meta":{"footnotes":""},"categories":[9],"tags":[],"jetpack_sharing_enabled":true,"featured_image_urls":{"full":["https:\/\/contextoanalisisperiodistico.com\/wp-content\/uploads\/2023\/07\/IMG-20230721-WA0094.jpg",1600,1066,false],"thumbnail":["https:\/\/contextoanalisisperiodistico.com\/wp-content\/uploads\/2023\/07\/IMG-20230721-WA0094-150x150.jpg",150,150,true],"medium":["https:\/\/contextoanalisisperiodistico.com\/wp-content\/uploads\/2023\/07\/IMG-20230721-WA0094-300x200.jpg",300,200,true],"medium_large":["https:\/\/contextoanalisisperiodistico.com\/wp-content\/uploads\/2023\/07\/IMG-20230721-WA0094-768x512.jpg",640,427,true],"large":["https:\/\/contextoanalisisperiodistico.com\/wp-content\/uploads\/2023\/07\/IMG-20230721-WA0094-1024x682.jpg",640,426,true],"1536x1536":["https:\/\/contextoanalisisperiodistico.com\/wp-content\/uploads\/2023\/07\/IMG-20230721-WA0094-1536x1023.jpg",1536,1023,true],"2048x2048":["https:\/\/contextoanalisisperiodistico.com\/wp-content\/uploads\/2023\/07\/IMG-20230721-WA0094.jpg",1600,1066,false],"covernews-slider-full":["https:\/\/contextoanalisisperiodistico.com\/wp-content\/uploads\/2023\/07\/IMG-20230721-WA0094-1115x715.jpg",1115,715,true],"covernews-slider-center":["https:\/\/contextoanalisisperiodistico.com\/wp-content\/uploads\/2023\/07\/IMG-20230721-WA0094-800x500.jpg",800,500,true],"covernews-featured":["https:\/\/contextoanalisisperiodistico.com\/wp-content\/uploads\/2023\/07\/IMG-20230721-WA0094-1024x682.jpg",1024,682,true],"covernews-medium":["https:\/\/contextoanalisisperiodistico.com\/wp-content\/uploads\/2023\/07\/IMG-20230721-WA0094-540x340.jpg",540,340,true],"covernews-medium-square":["https:\/\/contextoanalisisperiodistico.com\/wp-content\/uploads\/2023\/07\/IMG-20230721-WA0094-400x250.jpg",400,250,true]},"author_info":{"display_name":"Mario Gir\u00f3n","author_link":"https:\/\/contextoanalisisperiodistico.com\/index.php\/author\/director\/"},"category_info":"<a href=\"https:\/\/contextoanalisisperiodistico.com\/index.php\/category\/politica\/\" rel=\"category tag\">Pol\u00edtica<\/a>","tag_info":"Pol\u00edtica","comment_count":"0","jetpack_featured_media_url":"https:\/\/contextoanalisisperiodistico.com\/wp-content\/uploads\/2023\/07\/IMG-20230721-WA0094.jpg","_links":{"self":[{"href":"https:\/\/contextoanalisisperiodistico.com\/index.php\/wp-json\/wp\/v2\/posts\/16330"}],"collection":[{"href":"https:\/\/contextoanalisisperiodistico.com\/index.php\/wp-json\/wp\/v2\/posts"}],"about":[{"href":"https:\/\/contextoanalisisperiodistico.com\/index.php\/wp-json\/wp\/v2\/types\/post"}],"author":[{"embeddable":true,"href":"https:\/\/contextoanalisisperiodistico.com\/index.php\/wp-json\/wp\/v2\/users\/4"}],"replies":[{"embeddable":true,"href":"https:\/\/contextoanalisisperiodistico.com\/index.php\/wp-json\/wp\/v2\/comments?post=16330"}],"version-history":[{"count":1,"href":"https:\/\/contextoanalisisperiodistico.com\/index.php\/wp-json\/wp\/v2\/posts\/16330\/revisions"}],"predecessor-version":[{"id":16335,"href":"https:\/\/contextoanalisisperiodistico.com\/index.php\/wp-json\/wp\/v2\/posts\/16330\/revisions\/16335"}],"wp:featuredmedia":[{"embeddable":true,"href":"https:\/\/contextoanalisisperiodistico.com\/index.php\/wp-json\/wp\/v2\/media\/16331"}],"wp:attachment":[{"href":"https:\/\/contextoanalisisperiodistico.com\/index.php\/wp-json\/wp\/v2\/media?parent=16330"}],"wp:term":[{"taxonomy":"category","embeddable":true,"href":"https:\/\/contextoanalisisperiodistico.com\/index.php\/wp-json\/wp\/v2\/categories?post=16330"},{"taxonomy":"post_tag","embeddable":true,"href":"https:\/\/contextoanalisisperiodistico.com\/index.php\/wp-json\/wp\/v2\/tags?post=16330"}],"curies":[{"name":"wp","href":"https:\/\/api.w.org\/{rel}","templated":true}]}}